{"id":80337,"date":"2023-03-22T20:48:58","date_gmt":"2023-03-22T23:48:58","guid":{"rendered":"https:\/\/www.centraldenoticias.com.ar\/?p=80337"},"modified":"2023-03-23T07:55:00","modified_gmt":"2023-03-23T10:55:00","slug":"denuncian-irregularidades-en-el-uso-de-tarjetas-cabal-y-vales-por-mercaderia-en-desarrollo-social","status":"publish","type":"post","link":"https:\/\/cdnoticias.com\/index.php\/2023\/03\/22\/denuncian-irregularidades-en-el-uso-de-tarjetas-cabal-y-vales-por-mercaderia-en-desarrollo-social\/","title":{"rendered":"Denuncian \u201cirregularidades\u201d en el uso de Tarjetas Cabal y vales por mercader\u00eda en Desarrollo Social"},"content":{"rendered":"<p>Por el grave hecho, no se descart\u00f3 alguna renuncia en las pr\u00f3ximas horas. La situaci\u00f3n gener\u00f3 varias reuniones en las \u00faltimas horas. <!--more--><\/p>\n<hr \/>\n<p>En la noche de este mi\u00e9rcoles, <strong>un grave hecho en el \u00e1rea de Desarrollo Social de la Municipalidad gener\u00f3 varias reuniones e, incluso, no se descart\u00f3 la renuncia de alg\u00fan funcionario en las pr\u00f3ximas horas: se detectaron \u201cirregularidades\u201d en el uso de Tarjetas Cabal y vales por mercader\u00eda.<\/strong><\/p>\n<p>&nbsp;<\/p>\n<p>Seg\u00fan logr\u00f3 saber<strong> Central de Noticias<\/strong>, el hecho data de algunos meses con diversos<strong> usos \u201cindebidos\u201d de vales por mercader\u00eda y Tarjetas Cabal, destinado a personas con necesidades b\u00e1sicas pero que a\u00fan no ten\u00edan destinatario<\/strong> dado que se cubr\u00eda la demanda del distrito.<\/p>\n<p>&nbsp;<\/p>\n<blockquote><p>En este sentido, este medio logr\u00f3 saber que no se descartaba alguna renuncia en las pr\u00f3ximas horas por lo delicado del hecho.<\/p><\/blockquote>\n<p>&nbsp;<\/p>\n<p>Cabe se\u00f1alar que <strong>estas tarjetas y vales dependen de la Subsecretar\u00eda de Desarrollo Social, que se encuentra dentro de la Secretar\u00eda de Desarrollo Humano y Calidad de Vida.<\/strong><\/p>\n","protected":false},"excerpt":{"rendered":"<p>Por el grave hecho, no se descart\u00f3 alguna renuncia en las pr\u00f3ximas horas. La situaci\u00f3n gener\u00f3 varias reuniones en las<\/p>\n","protected":false},"author":2,"featured_media":80338,"comment_status":"closed","ping_status":"closed","sticky":false,"template":"","format":"standard","meta":{"_jetpack_memberships_contains_paid_content":false,"footnotes":""},"categories":[5,1],"tags":[],"class_list":["post-80337","post","type-post","status-publish","format-standard","has-post-thumbnail","hentry","category-informacion-general","category-portada"],"jetpack_featured_media_url":"https:\/\/i0.wp.com\/cdnoticias.com\/wp-content\/uploads\/2023\/03\/dhtarjetaalimentar2.jpg?fit=800%2C533&ssl=1","jetpack_sharing_enabled":true,"_links":{"self":[{"href":"https:\/\/cdnoticias.com\/index.php\/wp-json\/wp\/v2\/posts\/80337","targetHints":{"allow":["GET"]}}],"collection":[{"href":"https:\/\/cdnoticias.com\/index.php\/wp-json\/wp\/v2\/posts"}],"about":[{"href":"https:\/\/cdnoticias.com\/index.php\/wp-json\/wp\/v2\/types\/post"}],"author":[{"embeddable":true,"href":"https:\/\/cdnoticias.com\/index.php\/wp-json\/wp\/v2\/users\/2"}],"replies":[{"embeddable":true,"href":"https:\/\/cdnoticias.com\/index.php\/wp-json\/wp\/v2\/comments?post=80337"}],"version-history":[{"count":0,"href":"https:\/\/cdnoticias.com\/index.php\/wp-json\/wp\/v2\/posts\/80337\/revisions"}],"wp:featuredmedia":[{"embeddable":true,"href":"https:\/\/cdnoticias.com\/index.php\/wp-json\/wp\/v2\/media\/80338"}],"wp:attachment":[{"href":"https:\/\/cdnoticias.com\/index.php\/wp-json\/wp\/v2\/media?parent=80337"}],"wp:term":[{"taxonomy":"category","embeddable":true,"href":"https:\/\/cdnoticias.com\/index.php\/wp-json\/wp\/v2\/categories?post=80337"},{"taxonomy":"post_tag","embeddable":true,"href":"https:\/\/cdnoticias.com\/index.php\/wp-json\/wp\/v2\/tags?post=80337"}],"curies":[{"name":"wp","href":"https:\/\/api.w.org\/{rel}","templated":true}]}}