{"id":80289,"date":"2023-03-22T12:37:32","date_gmt":"2023-03-22T15:37:32","guid":{"rendered":"https:\/\/www.centraldenoticias.com.ar\/?p=80289"},"modified":"2023-03-22T12:37:32","modified_gmt":"2023-03-22T15:37:32","slug":"vergel-y-matrella-piden-soluciones-ante-un-nuevo-descarrilamiento-del-tren-de-pasajeros","status":"publish","type":"post","link":"https:\/\/cdnoticias.com\/index.php\/2023\/03\/22\/vergel-y-matrella-piden-soluciones-ante-un-nuevo-descarrilamiento-del-tren-de-pasajeros\/","title":{"rendered":"Vergel y Matrella piden soluciones ante un nuevo descarrilamiento del tren de pasajeros"},"content":{"rendered":"<p>Los concejales presentaron un proyecto que ser\u00e1 tratado este jueves en la pr\u00f3xima sesi\u00f3n del HCD.<!--more--><\/p>\n<hr \/>\n<p>Lo concejales de la Uni\u00f3n C\u00edvica Radical, <strong>Bel\u00e9n Vergel y Sebati\u00e1n Matrella<\/strong>, presentaron un <strong>Proyecto de Comunicaci\u00f3n<\/strong> que ser\u00e1 tratado en la sesi\u00f3n de este jueves ante un <a href=\"https:\/\/cdnoticias.com\/index.php\/2023\/03\/22\/descarrillo-en-olavarria-el-tren-de-pasajeros-que-iba-a-bahia-blanca\/\" target=\"_blank\" rel=\"noopener\">nuevo descarrilamiento del tren de pasajeros<\/a> que une Capital Federal con Bah\u00eda Blanca.<\/p>\n<p>&nbsp;<\/p>\n<p>El proyecto tiene el objetivo de que <strong>\u201cse arbitren las acciones pertinentes para que r\u00e1pidamente se solucione la problem\u00e1tica y se eviten este tipo de inconvenientes que atenta contra la vida de quienes hacen uso del medio de transporte\u201d.<\/strong><\/p>\n<p>&nbsp;<\/p>\n<blockquote class=\"twitter-tweet\" data-width=\"550\" data-dnt=\"true\">\n<p lang=\"es\" dir=\"ltr\">Ante la reiteraci\u00f3n de descarrilamientos, y a menos de 12 d\u00edas de rehabilitado el servicio, presentamos un proyecto de comunicaci\u00f3n en el HCD, pidiendo a <a href=\"https:\/\/twitter.com\/TrenesArg?ref_src=twsrc%5Etfw\">@TrenesArg<\/a> un correcto mantenimiento de las v\u00edas y un informe del estado actual de v\u00edas y durmientes que unen BB-Constituci\u00f3n <a href=\"https:\/\/t.co\/RGgt7sK8At\">https:\/\/t.co\/RGgt7sK8At<\/a><\/p>\n<p>&mdash; Bel\u00e9n Vergel (@vergel_belen) <a href=\"https:\/\/twitter.com\/vergel_belen\/status\/1638553221663801345?ref_src=twsrc%5Etfw\">March 22, 2023<\/a><\/p><\/blockquote>\n<p><script async src=\"https:\/\/platform.twitter.com\/widgets.js\" charset=\"utf-8\"><\/script><\/p>\n<p>&nbsp;<\/p>\n<p>Adem\u00e1s, manifestaron su preocupaci\u00f3n ya que este servicio \u201c<strong>se restableci\u00f3 hace apenas 12 d\u00edas<\/strong> luego de varios meses de estar interrumpido por mantenimiento, luego de una situaci\u00f3n de similares caracter\u00edsticas\u201d.<\/p>\n<p>&nbsp;<\/p>\n<p>Por \u00faltimo, pidieron que <strong>Ferrocarriles Sociedad del Estado<\/strong> \u201cinforme al Honorable Concejo Deliberante sobre el estado actual de las v\u00edas correspondientes al ramal en concesi\u00f3n integral a la empresa FEPSA, en particular de las v\u00edas que une las cabeceras Plaza Constituci\u00f3n \u2013 Bah\u00eda Blanca, y del tramo donde ocurri\u00f3 el descarrilamiento\u201d.<\/p>\n<p>&nbsp;<\/p>\n<blockquote class=\"wp-embedded-content\" data-secret=\"5LHiRC7ZYC\"><p><a href=\"https:\/\/cdnoticias.com\/index.php\/2023\/03\/22\/descarrillo-en-olavarria-el-tren-de-pasajeros-que-iba-a-bahia-blanca\/\">Descarrill\u00f3 en Olavarr\u00eda el tren de pasajeros que iba a Bah\u00eda Blanca<\/a><\/p><\/blockquote>\n<p><iframe loading=\"lazy\" class=\"wp-embedded-content\" sandbox=\"allow-scripts\" security=\"restricted\" style=\"position: absolute; clip: rect(1px, 1px, 1px, 1px);\" title=\"&#8220;Descarrill\u00f3 en Olavarr\u00eda el tren de pasajeros que iba a Bah\u00eda Blanca&#8221; &#8212; Central de Noticias | Olavarr\u00eda\" src=\"https:\/\/cdnoticias.com\/index.php\/2023\/03\/22\/descarrillo-en-olavarria-el-tren-de-pasajeros-que-iba-a-bahia-blanca\/embed\/#?secret=5E8FdJbPyh#?secret=5LHiRC7ZYC\" data-secret=\"5LHiRC7ZYC\" width=\"600\" height=\"338\" frameborder=\"0\" marginwidth=\"0\" marginheight=\"0\" scrolling=\"no\"><\/iframe><\/p>\n","protected":false},"excerpt":{"rendered":"<p>Los concejales presentaron un proyecto que ser\u00e1 tratado este jueves en la pr\u00f3xima sesi\u00f3n del HCD.<\/p>\n","protected":false},"author":5,"featured_media":76030,"comment_status":"closed","ping_status":"closed","sticky":false,"template":"","format":"standard","meta":{"_jetpack_memberships_contains_paid_content":false,"footnotes":""},"categories":[4,1],"tags":[],"class_list":["post-80289","post","type-post","status-publish","format-standard","has-post-thumbnail","hentry","category-politica","category-portada"],"jetpack_featured_media_url":"https:\/\/i0.wp.com\/cdnoticias.com\/wp-content\/uploads\/2023\/02\/HCD-ucr-vergel-matrella.jpg?fit=800%2C445&ssl=1","jetpack_sharing_enabled":true,"_links":{"self":[{"href":"https:\/\/cdnoticias.com\/index.php\/wp-json\/wp\/v2\/posts\/80289","targetHints":{"allow":["GET"]}}],"collection":[{"href":"https:\/\/cdnoticias.com\/index.php\/wp-json\/wp\/v2\/posts"}],"about":[{"href":"https:\/\/cdnoticias.com\/index.php\/wp-json\/wp\/v2\/types\/post"}],"author":[{"embeddable":true,"href":"https:\/\/cdnoticias.com\/index.php\/wp-json\/wp\/v2\/users\/5"}],"replies":[{"embeddable":true,"href":"https:\/\/cdnoticias.com\/index.php\/wp-json\/wp\/v2\/comments?post=80289"}],"version-history":[{"count":0,"href":"https:\/\/cdnoticias.com\/index.php\/wp-json\/wp\/v2\/posts\/80289\/revisions"}],"wp:featuredmedia":[{"embeddable":true,"href":"https:\/\/cdnoticias.com\/index.php\/wp-json\/wp\/v2\/media\/76030"}],"wp:attachment":[{"href":"https:\/\/cdnoticias.com\/index.php\/wp-json\/wp\/v2\/media?parent=80289"}],"wp:term":[{"taxonomy":"category","embeddable":true,"href":"https:\/\/cdnoticias.com\/index.php\/wp-json\/wp\/v2\/categories?post=80289"},{"taxonomy":"post_tag","embeddable":true,"href":"https:\/\/cdnoticias.com\/index.php\/wp-json\/wp\/v2\/tags?post=80289"}],"curies":[{"name":"wp","href":"https:\/\/api.w.org\/{rel}","templated":true}]}}