{"id":80283,"date":"2023-03-22T17:04:20","date_gmt":"2023-03-22T20:04:20","guid":{"rendered":"https:\/\/www.centraldenoticias.com.ar\/?p=80283"},"modified":"2023-03-22T17:04:20","modified_gmt":"2023-03-22T20:04:20","slug":"organizaciones-locales-impulsan-la-asamblea-abierta-por-la-memoria-la-verdad-y-la-justicia","status":"publish","type":"post","link":"https:\/\/cdnoticias.com\/index.php\/2023\/03\/22\/organizaciones-locales-impulsan-la-asamblea-abierta-por-la-memoria-la-verdad-y-la-justicia\/","title":{"rendered":"Organizaciones locales impulsan la Asamblea Abierta por la Memoria, la Verdad y la Justicia"},"content":{"rendered":"<p>El FOL, Socorristas Olavarr\u00eda, Polo Obrero y el Partido Obrero en el FIT-U convocaron a un acto y olla popular el 24 de marzo desde las 12:00 en la Plaza Central.<!--more--><\/p>\n<hr \/>\n<p>El <strong>Frente de Organizaciones en Lucha (FOL), Socorristas Olavarr\u00eda, Polo Obrero, Partido Obrero en el FIT-U<\/strong> realizar\u00e1n una <strong>Asamblea Abierta por la Memoria, la Verdad y la Justicia<\/strong>, el 24 de marzo desde las 12:00 en la Plaza Central, acompa\u00f1ada por una olla popular, en conmemoraci\u00f3n de los 47 a\u00f1os del golpe genocida.<\/p>\n<p>&nbsp;<\/p>\n<p>Rechazaron \u201c<strong>todo intento de negacionismo, as\u00ed como la banalizaci\u00f3n o utilizaci\u00f3n gubernamental<\/strong> para convertir esta fecha tan sentida en una celebraci\u00f3n oficialista y electoralista\u201d.<\/p>\n<p>&nbsp;<\/p>\n<p>Adem\u00e1s, sostuvieron que \u201cfrente a toda la derecha antiderechos, que elogia a fachos como el presidente salvadore\u00f1o Bukele, repetimos: <strong>\u00a1son 30.400 desaparecides y fue un genocidio!<\/strong> Nuestro homenaje es para reivindicar a cada una, cada uno y cada une de elles, con sus nombres y sus rostros, pero tambi\u00e9n para reivindicar sus luchas y su compromiso militante\u201d.<\/p>\n<p>&nbsp;<\/p>\n<p>Indicaron que <strong>\u201cno permitimos que los negacionistas nos digan cu\u00e1ntes compa\u00f1eres se llevaron\u201d<\/strong> y \u201cla enorme lucha de colectivas y activistas feministas nos ha ense\u00f1ado que<strong> entre nuestres compa\u00f1eres hubo centenares de lesbianas, gays, trans, travestis, bisexuales y no binaries<\/strong> que batallaron no solo contra el Estado y la clase dominante sino tambi\u00e9n contra el patriarcado, incluso en sus propias organizaciones\u201d.<\/p>\n<p>&nbsp;<\/p>\n<p>Por otra parte, afirmaron que luego de 40 a\u00f1os de democracia ininterrumpida, los <strong>gobiernos nacionales y provinciales<\/strong> \u201caplican el <strong>programa de hambre del FMI para pagar la usurera y fraudulenta deuda externa,<\/strong> proveniente en su mayor\u00eda de la dictadura cuando se estatiz\u00f3 la deuda privada de los grandes grupos capitalistas\u201d.<\/p>\n<p>&nbsp;<\/p>\n<p>\u201cEl Estado, con el fogoneo de los patronales y los grandes medios, <strong>criminaliza las luchas y ataca derechos democr\u00e1ticos<\/strong> b\u00e1sicos: el derecho a la protesta social, el derecho de huelga y las garant\u00edas constitucionales (como vimos esta semana en Mendoza). Son derechos b\u00e1sicos porque la organizaci\u00f3n y la movilizaci\u00f3n obrera y popular son justamente herramientas para conquistar derechos y para defenderlos\u201d, agregaron.<\/p>\n<p>&nbsp;<\/p>\n<p>\u201cTambi\u00e9n hoy gritamos justicia por las v\u00edctimas de gatillo f\u00e1cil, por las muertes bajo custodia policial y por Daiana Abreg\u00fa, porque no tenemos dudas de que a ella la mat\u00f3 la polic\u00eda bonaerense y que Sergio Berni es un encubridor. Justicia por todas las v\u00edctimas de femicidios, especialmente los \u201cde uniforme\u201d, cometidos por integrantes o exintegrantes de las fuerzas represivas. <strong>Justicia por Sof\u00eda Vicente. Aparici\u00f3n con vida de Tehuel de la Torre<\/strong>\u201d, sumaron entre las consignas.<\/p>\n<p>&nbsp;<\/p>\n<p>&nbsp;<\/p>\n","protected":false},"excerpt":{"rendered":"<p>El FOL, Socorristas Olavarr\u00eda, Polo Obrero y el Partido Obrero en el FIT-U convocaron a un acto y olla popular<\/p>\n","protected":false},"author":5,"featured_media":80284,"comment_status":"closed","ping_status":"closed","sticky":false,"template":"","format":"standard","meta":{"_jetpack_memberships_contains_paid_content":false,"footnotes":""},"categories":[5,1],"tags":[],"class_list":["post-80283","post","type-post","status-publish","format-standard","has-post-thumbnail","hentry","category-informacion-general","category-portada"],"jetpack_featured_media_url":"https:\/\/i0.wp.com\/cdnoticias.com\/wp-content\/uploads\/2023\/03\/Flyer-Asamblea-Abierta-24M-scaled.jpg?fit=2560%2C1424&ssl=1","jetpack_sharing_enabled":true,"_links":{"self":[{"href":"https:\/\/cdnoticias.com\/index.php\/wp-json\/wp\/v2\/posts\/80283","targetHints":{"allow":["GET"]}}],"collection":[{"href":"https:\/\/cdnoticias.com\/index.php\/wp-json\/wp\/v2\/posts"}],"about":[{"href":"https:\/\/cdnoticias.com\/index.php\/wp-json\/wp\/v2\/types\/post"}],"author":[{"embeddable":true,"href":"https:\/\/cdnoticias.com\/index.php\/wp-json\/wp\/v2\/users\/5"}],"replies":[{"embeddable":true,"href":"https:\/\/cdnoticias.com\/index.php\/wp-json\/wp\/v2\/comments?post=80283"}],"version-history":[{"count":0,"href":"https:\/\/cdnoticias.com\/index.php\/wp-json\/wp\/v2\/posts\/80283\/revisions"}],"wp:featuredmedia":[{"embeddable":true,"href":"https:\/\/cdnoticias.com\/index.php\/wp-json\/wp\/v2\/media\/80284"}],"wp:attachment":[{"href":"https:\/\/cdnoticias.com\/index.php\/wp-json\/wp\/v2\/media?parent=80283"}],"wp:term":[{"taxonomy":"category","embeddable":true,"href":"https:\/\/cdnoticias.com\/index.php\/wp-json\/wp\/v2\/categories?post=80283"},{"taxonomy":"post_tag","embeddable":true,"href":"https:\/\/cdnoticias.com\/index.php\/wp-json\/wp\/v2\/tags?post=80283"}],"curies":[{"name":"wp","href":"https:\/\/api.w.org\/{rel}","templated":true}]}}