{"id":80278,"date":"2023-03-22T10:14:39","date_gmt":"2023-03-22T13:14:39","guid":{"rendered":"https:\/\/www.centraldenoticias.com.ar\/?p=80278"},"modified":"2023-03-22T11:50:29","modified_gmt":"2023-03-22T14:50:29","slug":"vacunacion-antigripal-la-proxima-semana-estaran-disponibles-las-dosis","status":"publish","type":"post","link":"https:\/\/cdnoticias.com\/index.php\/2023\/03\/22\/vacunacion-antigripal-la-proxima-semana-estaran-disponibles-las-dosis\/","title":{"rendered":"Vacunaci\u00f3n antigripal: la pr\u00f3xima semana estar\u00e1n disponibles las dosis"},"content":{"rendered":"<p>As\u00ed fue informado desde el \u00e1rea de Epidemiolog\u00eda e Inmunizaciones de la Municipalidad. Las aplicaciones ser\u00e1n en Centros de Atenci\u00f3n Primaria, hospitales de la zona serrana y vacunatorios.<!--more--><\/p>\n<hr \/>\n<p>A partir de <strong>la pr\u00f3xima semana<\/strong> estar\u00e1n disponibles las dosis de vacuna antigripal en los diferentes Centros de Atenci\u00f3n Primaria de la Salud del Partido. As\u00ed fue comunicado este mi\u00e9rcoles desde el \u00e1rea de Epidemiolog\u00eda e Inmunizaciones de la Municipalidad.<\/p>\n<p>&nbsp;<\/p>\n<p>Al respecto, la <strong>doctora Mar\u00eda del Carmen Weis<\/strong> indic\u00f3 que<strong> \u201ceste mi\u00e9rcoles buscaremos las vacunas pedi\u00e1tricas en Regi\u00f3n Sanitaria, para empezar a distribuir en los Centros y poder comenzar la vacunaci\u00f3n lo m\u00e1s pronto posible\u201d.<\/strong><\/p>\n<p>&nbsp;<\/p>\n<blockquote><p>La profesional se\u00f1al\u00f3 que Olavarr\u00eda, al momento, no cuenta con dosis para personas mayores de 65 a\u00f1os y que actualmente la inmunizaci\u00f3n se realiza para personal de salud y estrat\u00e9gico.<\/p><\/blockquote>\n<p>&nbsp;<\/p>\n<p>La Campa\u00f1a de Vacunaci\u00f3n Antigripal 2023 ser\u00e1 en los <strong>Centros de Atenci\u00f3n Primaria de la Salud, Hospitales de la zona serrana y todos los vacunatorios<\/strong> que integran la red de la Secretar\u00eda de Salud del Municipio.<\/p>\n<p>&nbsp;<\/p>\n<p>Finalmente dijo Weis que \u201clas dosis se recibir\u00e1n por tandas, como todos los a\u00f1os\u201d y que <strong>la poblaci\u00f3n a inmunizar ser\u00e1 (con prioridad) personas gestantes, pu\u00e9rperas, entre los 3 y 64 a\u00f1os con factores de riesgo y personas mayores de 65 a\u00f1os.<\/strong><\/p>\n","protected":false},"excerpt":{"rendered":"<p>As\u00ed fue informado desde el \u00e1rea de Epidemiolog\u00eda e Inmunizaciones de la Municipalidad. Las aplicaciones ser\u00e1n en Centros de Atenci\u00f3n<\/p>\n","protected":false},"author":5,"featured_media":18910,"comment_status":"closed","ping_status":"closed","sticky":false,"template":"","format":"standard","meta":{"_jetpack_memberships_contains_paid_content":false,"footnotes":""},"categories":[5,1],"tags":[],"class_list":["post-80278","post","type-post","status-publish","format-standard","has-post-thumbnail","hentry","category-informacion-general","category-portada"],"jetpack_featured_media_url":"https:\/\/i0.wp.com\/cdnoticias.com\/wp-content\/uploads\/2021\/04\/Salud-Vacunaci%C3%B3n-antigripal-1024x682.jpg?fit=1024%2C682&ssl=1","jetpack_sharing_enabled":true,"_links":{"self":[{"href":"https:\/\/cdnoticias.com\/index.php\/wp-json\/wp\/v2\/posts\/80278","targetHints":{"allow":["GET"]}}],"collection":[{"href":"https:\/\/cdnoticias.com\/index.php\/wp-json\/wp\/v2\/posts"}],"about":[{"href":"https:\/\/cdnoticias.com\/index.php\/wp-json\/wp\/v2\/types\/post"}],"author":[{"embeddable":true,"href":"https:\/\/cdnoticias.com\/index.php\/wp-json\/wp\/v2\/users\/5"}],"replies":[{"embeddable":true,"href":"https:\/\/cdnoticias.com\/index.php\/wp-json\/wp\/v2\/comments?post=80278"}],"version-history":[{"count":0,"href":"https:\/\/cdnoticias.com\/index.php\/wp-json\/wp\/v2\/posts\/80278\/revisions"}],"wp:featuredmedia":[{"embeddable":true,"href":"https:\/\/cdnoticias.com\/index.php\/wp-json\/wp\/v2\/media\/18910"}],"wp:attachment":[{"href":"https:\/\/cdnoticias.com\/index.php\/wp-json\/wp\/v2\/media?parent=80278"}],"wp:term":[{"taxonomy":"category","embeddable":true,"href":"https:\/\/cdnoticias.com\/index.php\/wp-json\/wp\/v2\/categories?post=80278"},{"taxonomy":"post_tag","embeddable":true,"href":"https:\/\/cdnoticias.com\/index.php\/wp-json\/wp\/v2\/tags?post=80278"}],"curies":[{"name":"wp","href":"https:\/\/api.w.org\/{rel}","templated":true}]}}