{"id":80274,"date":"2023-03-21T21:12:59","date_gmt":"2023-03-22T10:15:11","guid":{"rendered":"https:\/\/www.centraldenoticias.com.ar\/?p=80274"},"modified":"2025-02-11T13:34:03","modified_gmt":"2025-02-11T16:34:03","slug":"cientos-de-jovenes-deportistas-participaron-de-las-clinicas-deportivas-en-estudiantes","status":"publish","type":"post","link":"https:\/\/cdnoticias.com\/index.php\/2023\/03\/21\/cientos-de-jovenes-deportistas-participaron-de-las-clinicas-deportivas-en-estudiantes\/","title":{"rendered":"Cientos de j\u00f3venes deportistas participaron de las Cl\u00ednicas Deportivas en Estudiantes"},"content":{"rendered":"<p>Durante la tarde de este martes, en las instalaciones de la entidad \u201cAlbinegra\u201d, se llevaron a cabo las capacitaciones de hockey y rugby con las presencias estelares de Pedro Ibarra, Sof\u00eda Maccari y Seraf\u00edn Dengra. Previo al evento, el intendente municipal firm\u00f3 un convenio para promover la organizaci\u00f3n de competencias multideportivas. \u00a0<!--more--><\/p>\n<hr \/>\n<p>La ciudad fue nuevamente sede de una convocante <strong>capacitaci\u00f3n promovida por el \u00e1rea de Deportes del Gobierno de Buenos Aires<\/strong> en conjunto con la <strong>Municipalidad de Olavarr\u00eda<\/strong>. Las <strong>Cl\u00ednicas de hockey y rugby<\/strong> se desarrollaron durante la jornada vespertina de este martes y estuvieron a cargo del ex capit\u00e1n de Los Leones, <strong>Pedro Ibarra<\/strong>, la \u201cLeona\u201d <strong>Sof\u00eda Maccari<\/strong> y el reconocido ex Puma, <strong>Seraf\u00edn Dengra<\/strong>. Adem\u00e1s, del evento particip\u00f3 <strong>Remo Lanzoni<\/strong>, quien fue preparador f\u00edsico de la Selecci\u00f3n Femenina de Hockey en Tokio.<\/p>\n<p>&nbsp;<\/p>\n<p>Horas antes de la actividad, en la Sala de Reuniones del Palacio San Mart\u00edn,<strong> el intendente Ezequiel Galli<\/strong> recibi\u00f3 a la visita del ex rugbier y <strong>firm\u00f3 un convenio de reciprocidad deportiva con representantes del Gobierno de la Ciudad Aut\u00f3noma de Buenos Aires<\/strong>. El acuerdo <strong>tiene como objetivo fomentar actividades deportivas en general, promoviendo la organizaci\u00f3n de competencias multideportivas que impliquen el desarrollo del deporte en todo el pa\u00eds<\/strong> as\u00ed como tambi\u00e9n fomentar los valores que genera el deporte como la inclusi\u00f3n, \u00e9tica e integraci\u00f3n.<\/p>\n<p>&nbsp;<\/p>\n<figure id=\"attachment_32407\" aria-describedby=\"caption-attachment-32407\" style=\"width: 2560px\" class=\"wp-caption aligncenter\"><img data-recalc-dims=\"1\" loading=\"lazy\" decoding=\"async\" class=\"wp-image-32407 size-full\" src=\"https:\/\/i0.wp.com\/centraldeportes.com.ar\/wp-content\/uploads\/2023\/03\/Deportes-Firma-Convenio-Ciudad-2-scaled-e1679444348873.jpg?resize=800%2C442\" alt=\"\" width=\"800\" height=\"442\" \/><figcaption id=\"caption-attachment-32407\" class=\"wp-caption-text\">Cr\u00e9dito: Prensa de Gobierno Municipal<\/figcaption><\/figure>\n<p>&nbsp;<\/p>\n<p>Posteriormente, <strong>la congregaci\u00f3n<\/strong> <strong>tuvo lugar en los predios de hockey y rugby del club Estudiantes<\/strong> y cont\u00f3 con la presencia del presidente \u201cBataraz\u201d, <strong>Juan Emilio Incaurgarat<\/strong>, el Secretario de Gobierno Municipal, <strong>Hilario Galli<\/strong>, el Subsecretario de Deportes y Recreaci\u00f3n, <strong>Juan Agust\u00edn Galli<\/strong> y el Director de Gesti\u00f3n Deportiva, <strong>Oscar \u201cTito\u201d Gonz\u00e1lez<\/strong>.<\/p>\n<p>&nbsp;<\/p>\n<blockquote><p>\u201cQueremos demostrarles que el \u00e9xito es m\u00e1s que ponerse la camiseta de los Pumas, Leones o Leonas\u201d<\/p><\/blockquote>\n<p>&nbsp;<\/p>\n<p>[soliloquy id=&#8221;32389&#8243;]<\/p>\n<p>&nbsp;<\/p>\n<p>All\u00ed, en una corta conferencia de prensa, Ibarra sostuvo que: <em>\u201c<strong>La idea es continuar lo que venimos haciendo por todo el pa\u00eds<\/strong>, con la direcci\u00f3n interjurisdiccional a cargo de Mariano Rusconi iniciamos la recorrida para compartir no solo lo t\u00e9cnico sino tambi\u00e9n nuestras experiencias\u201d<\/em>, explic\u00f3.<\/p>\n<p>&nbsp;<\/p>\n<p>Por su parte, \u201cSerafo\u201d Dengra indic\u00f3 que visit\u00f3 por primera vez Olavarr\u00eda y agreg\u00f3: \u201c<strong><em>Estoy muy feliz que sea con dos \u201cLeones\u201d, es como volver a jugar, hacer deporte es inculcar vida sana<\/em><\/strong>\u201d. Adem\u00e1s el ex jugador de la Selecci\u00f3n de Rugby sostuvo que: \u201c<strong><em>Los chicos son el futuro del pa\u00eds, es muy divertido estar ac\u00e1 y hacer un poco de t\u00e9cnica, pero lo importante es que est\u00e9n<\/em><\/strong>\u201d.<\/p>\n<p>&nbsp;<\/p>\n<p>Sof\u00eda Maccari, doble medallista ol\u00edmpica, tambi\u00e9n tom\u00f3 la palabra y dej\u00f3 en claro que \u201c<strong><em>Muchas veces piensan que somos inalcanzables y lo lindo de esto es hacerles entender a los chicas y chicas que si uno se lo propone llega lejos<\/em><\/strong>\u201d.<\/p>\n<p>&nbsp;<\/p>\n<blockquote><p>\u201c<em>El deporte es tambi\u00e9n amistades y valores. Las jornadas nos permiten darles a conocer el esfuerzo que nos permiti\u00f3 cumplir nuestros sue\u00f1os<\/em>\u201d<\/p><\/blockquote>\n<p>&nbsp;<\/p>\n<p>Luego de la formalizaci\u00f3n ante los medios, el evento dio inicio con <strong>multitudinaria participaci\u00f3n de chicos y chicas<\/strong> que se congregaron a las \u00f3rdenes de coordinadores, profesores y las tres presencias nacionales. <strong>En hocke<\/strong>y, <strong>participaron tambi\u00e9n equipos de El Provincial, Hinojo y de la ciudad de Azul<\/strong>, mientras que<strong> en Rugby se hizo presente el club El Fort\u00edn<\/strong>.<\/p>\n<p>&nbsp;<\/p>\n<p>Una vez culminado el evento en Olavarr\u00eda, la Cl\u00ednica dar\u00e1 lugar en la ciudad de Tandil\u00a0 y desembocar\u00e1 posteriormente su recorrido por la zona en Ayacucho.<\/p>\n","protected":false},"excerpt":{"rendered":"<p>Durante la tarde de este martes, en las instalaciones de la entidad \u201cAlbinegra\u201d, se llevaron a cabo las capacitaciones de<\/p>\n","protected":false},"author":96739694,"featured_media":154092,"comment_status":"closed","ping_status":"closed","sticky":false,"template":"","format":"standard","meta":{"_jetpack_memberships_contains_paid_content":false,"footnotes":""},"categories":[30,1],"tags":[],"class_list":["post-80274","post","type-post","status-publish","format-standard","has-post-thumbnail","hentry","category-polideportivo","category-portada"],"jetpack_featured_media_url":"https:\/\/i0.wp.com\/cdnoticias.com\/wp-content\/uploads\/2023\/03\/puma-7.jpeg?fit=1280%2C852&ssl=1","jetpack_sharing_enabled":true,"_links":{"self":[{"href":"https:\/\/cdnoticias.com\/index.php\/wp-json\/wp\/v2\/posts\/80274","targetHints":{"allow":["GET"]}}],"collection":[{"href":"https:\/\/cdnoticias.com\/index.php\/wp-json\/wp\/v2\/posts"}],"about":[{"href":"https:\/\/cdnoticias.com\/index.php\/wp-json\/wp\/v2\/types\/post"}],"author":[{"embeddable":true,"href":"https:\/\/cdnoticias.com\/index.php\/wp-json\/wp\/v2\/users\/96739694"}],"replies":[{"embeddable":true,"href":"https:\/\/cdnoticias.com\/index.php\/wp-json\/wp\/v2\/comments?post=80274"}],"version-history":[{"count":0,"href":"https:\/\/cdnoticias.com\/index.php\/wp-json\/wp\/v2\/posts\/80274\/revisions"}],"wp:featuredmedia":[{"embeddable":true,"href":"https:\/\/cdnoticias.com\/index.php\/wp-json\/wp\/v2\/media\/154092"}],"wp:attachment":[{"href":"https:\/\/cdnoticias.com\/index.php\/wp-json\/wp\/v2\/media?parent=80274"}],"wp:term":[{"taxonomy":"category","embeddable":true,"href":"https:\/\/cdnoticias.com\/index.php\/wp-json\/wp\/v2\/categories?post=80274"},{"taxonomy":"post_tag","embeddable":true,"href":"https:\/\/cdnoticias.com\/index.php\/wp-json\/wp\/v2\/tags?post=80274"}],"curies":[{"name":"wp","href":"https:\/\/api.w.org\/{rel}","templated":true}]}}