{"id":80264,"date":"2023-03-22T07:34:48","date_gmt":"2023-03-22T10:34:48","guid":{"rendered":"https:\/\/www.centraldenoticias.com.ar\/?p=80264"},"modified":"2023-03-22T10:14:54","modified_gmt":"2023-03-22T13:14:54","slug":"descarrillo-en-olavarria-el-tren-de-pasajeros-que-iba-a-bahia-blanca","status":"publish","type":"post","link":"https:\/\/cdnoticias.com\/index.php\/2023\/03\/22\/descarrillo-en-olavarria-el-tren-de-pasajeros-que-iba-a-bahia-blanca\/","title":{"rendered":"Descarrill\u00f3 en Olavarr\u00eda el tren de pasajeros que iba a Bah\u00eda Blanca"},"content":{"rendered":"<p>Fue durante la noche del martes. Llevaba 311 pasajeros que resultaron ilesos. Se investigan las causas del descalce. <!--more--><\/p>\n<hr \/>\n<p><em>Foto: Marcelo Mascarini \u2013 La Nueva Provincia<\/em><\/p>\n<p>&nbsp;<\/p>\n<p>En la noche de este martes, el tren de pasajeros que realiza el servicio que une <strong>Constituci\u00f3n con Bah\u00eda Blanca descarril\u00f3 en Olavarr\u00eda, en la zona del Salto de Piedra.<\/strong> La formaci\u00f3n 333 hab\u00eda partido a las 13.09 desde Constituci\u00f3n y hacia Bah\u00eda Blanca con<strong> 311 pasajeros, inclu\u00edda la tripulaci\u00f3n.\u00a0<\/strong><\/p>\n<p>&nbsp;<\/p>\n<p><strong>Las causas se encuentran en investigaci\u00f3n.<\/strong> Seg\u00fan se inform\u00f3 desde Trenes Argentinos, <strong>cerca de las 23:50 del martes se produjo el descalce &#8211; sin vuelco- de la locomotora, el furg\u00f3n y dos coches pulman.\u00a0<\/strong><\/p>\n<p>&nbsp;<\/p>\n<p>Personal de la <strong>Comisar\u00eda Primera en conjunto con efectivos del Comando de Patrulla y Comando de Prevenci\u00f3n Rural<\/strong> se hicieron presentes en el lugar para asistir a los pasajeros. Registraron \u00fanicamente la <strong>descompensaci\u00f3n de una mujer que fue asistida en el lugar.<\/strong><\/p>\n<p>&nbsp;<\/p>\n<p>Este incidente se produce a m\u00e1s de un a\u00f1o del <a href=\"https:\/\/cdnoticias.com\/index.php\/2022\/03\/08\/pourtale-descarrilo-el-tren-de-pasajeros-y-hay-al-menos-ocho-heridos\/\" target=\"_blank\" rel=\"noopener\">descarrilamiento en la zona de Pourtal\u00e9<\/a>, que implic\u00f3 durante meses la <strong>suspensi\u00f3n del ramal que une la Capital Federal con Bah\u00eda Blanca.<\/strong><\/p>\n<p>&nbsp;<\/p>\n<blockquote class=\"twitter-tweet\" data-width=\"550\" data-dnt=\"true\">\n<p lang=\"es\" dir=\"ltr\"><a href=\"https:\/\/twitter.com\/hashtag\/TrenesArgentinos?src=hash&amp;ref_src=twsrc%5Etfw\">#TrenesArgentinos<\/a> informa que tras el descarrilamiento del tren Bahiense a la altura de Olavarr\u00eda a las 23:48 de este martes, todos los pasajeros se encuentran sin lesiones y ya son trasladados a sus destinos en micros dispuestos por la empresa.<\/p>\n<p>&mdash; Trenes Argentinos (@TrenesArg) <a href=\"https:\/\/twitter.com\/TrenesArg\/status\/1638467759460712448?ref_src=twsrc%5Etfw\">March 22, 2023<\/a><\/p><\/blockquote>\n<p><script async src=\"https:\/\/platform.twitter.com\/widgets.js\" charset=\"utf-8\"><\/script><\/p>\n<p>&nbsp;<\/p>\n<p><strong>Trenes Argentinos<\/strong> emiti\u00f3 una comunicaci\u00f3n oficial en el que dieron cuenta que<strong> \u201ctodos los pasajeros se encuentran sin lesiones y ya son trasladados a sus destinos en micros dispuestos por la empresa\u201d.<\/strong><\/p>\n<p>&nbsp;<\/p>\n<p>Asimismo, indicaron que \u201cse est\u00e1n investigando las causas\u201d y que \u201clas y los pasajeros fueron asistidos y permanecieron en la formaci\u00f3n por seguridad hasta ser evacuados. La operaci\u00f3n y mantenimiento de las v\u00edas est\u00e1 a cargo de <strong>Ferro Expreso Pampeano<\/strong>\u201d.<\/p>\n","protected":false},"excerpt":{"rendered":"<p>Fue durante la noche del martes. Llevaba 311 pasajeros que resultaron ilesos. Se investigan las causas del descalce.<\/p>\n","protected":false},"author":5,"featured_media":80265,"comment_status":"closed","ping_status":"closed","sticky":false,"template":"","format":"standard","meta":{"_jetpack_memberships_contains_paid_content":false,"footnotes":""},"categories":[5,1],"tags":[],"class_list":["post-80264","post","type-post","status-publish","format-standard","has-post-thumbnail","hentry","category-informacion-general","category-portada"],"jetpack_featured_media_url":"https:\/\/i0.wp.com\/cdnoticias.com\/wp-content\/uploads\/2023\/03\/descarrilamiento-tren-pasajeros.jpg?fit=1121%2C633&ssl=1","jetpack_sharing_enabled":true,"_links":{"self":[{"href":"https:\/\/cdnoticias.com\/index.php\/wp-json\/wp\/v2\/posts\/80264","targetHints":{"allow":["GET"]}}],"collection":[{"href":"https:\/\/cdnoticias.com\/index.php\/wp-json\/wp\/v2\/posts"}],"about":[{"href":"https:\/\/cdnoticias.com\/index.php\/wp-json\/wp\/v2\/types\/post"}],"author":[{"embeddable":true,"href":"https:\/\/cdnoticias.com\/index.php\/wp-json\/wp\/v2\/users\/5"}],"replies":[{"embeddable":true,"href":"https:\/\/cdnoticias.com\/index.php\/wp-json\/wp\/v2\/comments?post=80264"}],"version-history":[{"count":0,"href":"https:\/\/cdnoticias.com\/index.php\/wp-json\/wp\/v2\/posts\/80264\/revisions"}],"wp:featuredmedia":[{"embeddable":true,"href":"https:\/\/cdnoticias.com\/index.php\/wp-json\/wp\/v2\/media\/80265"}],"wp:attachment":[{"href":"https:\/\/cdnoticias.com\/index.php\/wp-json\/wp\/v2\/media?parent=80264"}],"wp:term":[{"taxonomy":"category","embeddable":true,"href":"https:\/\/cdnoticias.com\/index.php\/wp-json\/wp\/v2\/categories?post=80264"},{"taxonomy":"post_tag","embeddable":true,"href":"https:\/\/cdnoticias.com\/index.php\/wp-json\/wp\/v2\/tags?post=80264"}],"curies":[{"name":"wp","href":"https:\/\/api.w.org\/{rel}","templated":true}]}}