{"id":80262,"date":"2023-03-21T20:42:56","date_gmt":"2023-03-21T23:42:56","guid":{"rendered":"https:\/\/www.centraldenoticias.com.ar\/?p=80262"},"modified":"2023-03-22T10:15:11","modified_gmt":"2023-03-22T13:15:11","slug":"vacunacion-antigripal-aun-no-hay-dosis-en-olavarria","status":"publish","type":"post","link":"https:\/\/cdnoticias.com\/index.php\/2023\/03\/21\/vacunacion-antigripal-aun-no-hay-dosis-en-olavarria\/","title":{"rendered":"Vacunaci\u00f3n antigripal: a\u00fan no hay dosis en Olavarr\u00eda"},"content":{"rendered":"<p>As\u00ed fue informado por el Municipio. Se estima que la semana pr\u00f3xima comenzar\u00eda la aplicaci\u00f3n de dosis.<!--more--><\/p>\n<hr \/>\n<p>Informado por el Municipio en la noche de este martes,<strong> la vacunaci\u00f3n antigripal a\u00fan no comenzar\u00e1 en el distrito, dado que no han llegado dosis ni pedi\u00e1tricas ni para personas mayores de 65 a\u00f1os.<\/strong><\/p>\n<p>&nbsp;<\/p>\n<p>Seg\u00fan se detall\u00f3, justamente por esta llegada <strong>la distribuci\u00f3n en los Centros de Atenci\u00f3n Primaria no se realiz\u00f3.<\/strong><\/p>\n<p>&nbsp;<\/p>\n<blockquote><p>Se espera, por ahora, que la vacunaci\u00f3n inicie la semana pr\u00f3xima.<\/p><\/blockquote>\n<p>&nbsp;<\/p>\n<p>Si bien se adelant\u00f3 que <strong>este mi\u00e9rcoles se brindar\u00e1n m\u00e1s detalles<\/strong>, con el comienzo de las estaciones m\u00e1s fr\u00edas del a\u00f1o tambi\u00e9n es el inicio de la vacunaci\u00f3n antigripal, para prevenir enfermedades respiratorias que complejizan la salud y los sistemas de atenci\u00f3n de los vecinos.<\/p>\n<p>&nbsp;<\/p>\n<p><strong>Se recomienda aplicarse un refuerzo todos los a\u00f1os con prioridad en pacientes pedi\u00e1tricos y mayores de 65 a\u00f1os.<\/strong><\/p>\n","protected":false},"excerpt":{"rendered":"<p>As\u00ed fue informado por el Municipio. Se estima que la semana pr\u00f3xima comenzar\u00eda la aplicaci\u00f3n de dosis.<\/p>\n","protected":false},"author":2,"featured_media":63327,"comment_status":"closed","ping_status":"closed","sticky":false,"template":"","format":"standard","meta":{"_jetpack_memberships_contains_paid_content":false,"footnotes":""},"categories":[5],"tags":[],"class_list":["post-80262","post","type-post","status-publish","format-standard","has-post-thumbnail","hentry","category-informacion-general"],"jetpack_featured_media_url":"https:\/\/i0.wp.com\/cdnoticias.com\/wp-content\/uploads\/2022\/08\/DIB-vacunacion-ninos.jpg?fit=1024%2C682&ssl=1","jetpack_sharing_enabled":true,"_links":{"self":[{"href":"https:\/\/cdnoticias.com\/index.php\/wp-json\/wp\/v2\/posts\/80262","targetHints":{"allow":["GET"]}}],"collection":[{"href":"https:\/\/cdnoticias.com\/index.php\/wp-json\/wp\/v2\/posts"}],"about":[{"href":"https:\/\/cdnoticias.com\/index.php\/wp-json\/wp\/v2\/types\/post"}],"author":[{"embeddable":true,"href":"https:\/\/cdnoticias.com\/index.php\/wp-json\/wp\/v2\/users\/2"}],"replies":[{"embeddable":true,"href":"https:\/\/cdnoticias.com\/index.php\/wp-json\/wp\/v2\/comments?post=80262"}],"version-history":[{"count":0,"href":"https:\/\/cdnoticias.com\/index.php\/wp-json\/wp\/v2\/posts\/80262\/revisions"}],"wp:featuredmedia":[{"embeddable":true,"href":"https:\/\/cdnoticias.com\/index.php\/wp-json\/wp\/v2\/media\/63327"}],"wp:attachment":[{"href":"https:\/\/cdnoticias.com\/index.php\/wp-json\/wp\/v2\/media?parent=80262"}],"wp:term":[{"taxonomy":"category","embeddable":true,"href":"https:\/\/cdnoticias.com\/index.php\/wp-json\/wp\/v2\/categories?post=80262"},{"taxonomy":"post_tag","embeddable":true,"href":"https:\/\/cdnoticias.com\/index.php\/wp-json\/wp\/v2\/tags?post=80262"}],"curies":[{"name":"wp","href":"https:\/\/api.w.org\/{rel}","templated":true}]}}