{"id":80254,"date":"2023-03-23T08:30:29","date_gmt":"2023-03-23T11:30:29","guid":{"rendered":"https:\/\/www.centraldenoticias.com.ar\/?p=80254"},"modified":"2023-03-23T08:30:29","modified_gmt":"2023-03-23T11:30:29","slug":"este-fin-de-semana-se-llevara-a-cabo-la-feria-por-el-dia-del-artesano","status":"publish","type":"post","link":"https:\/\/cdnoticias.com\/index.php\/2023\/03\/23\/este-fin-de-semana-se-llevara-a-cabo-la-feria-por-el-dia-del-artesano\/","title":{"rendered":"Este fin de semana se llevar\u00e1 a cabo la Feria por el D\u00eda del Artesano"},"content":{"rendered":"<p>Ser\u00e1 en la Plaza Coronel Olavarr\u00eda y en el Paseo Jes\u00fas Mend\u00eda, de 10 a 22 horas.<!--more--><\/p>\n<hr \/>\n<p>En el marco de la celebraci\u00f3n del<strong> D\u00eda del Artesano,<\/strong> que se conmemor\u00f3 el <strong>pasado 19 de marzo<\/strong>, se llevar\u00e1 a cabo la feria de la que participar\u00e1n<strong> artesanos locales<\/strong> registrados y fiscalizados, la cual debi\u00f3 ser reprogramada debido a cuestiones clim\u00e1ticas.<\/p>\n<p>&nbsp;<\/p>\n<p>La actividad se llevar\u00e1 a cabo los d\u00edas<strong> 24, 25 y 26 de marzo en la Plaza Coronel Olavarr\u00eda y en el Paseo Jes\u00fas Mend\u00eda, <\/strong>en el horario de <strong>10 a 22 horas.<\/strong><\/p>\n<p>&nbsp;<\/p>\n<p>El D\u00eda del Artesano conmemora el trabajo de todos y cada uno de los artesanos que cada d\u00eda realizan trabajos artesanos creativos. El artesano destaca por su gran creatividad para elaborar objetos \u00fanicos, sin intervenci\u00f3n de maquinaria y con la utilizaci\u00f3n de diferentes materias primas.<\/p>\n<p>&nbsp;<\/p>\n<p>La propuesta tiene como finalidad brindar un espacio de exposici\u00f3n, venta y visibilizaci\u00f3n de sus productos. Asimismo, durante esos d\u00edas se estar\u00e1n realizando sorteos con productos donados por ellos mismos.<\/p>\n<p>&nbsp;<\/p>\n<p>&nbsp;<\/p>\n","protected":false},"excerpt":{"rendered":"<p>Ser\u00e1 en la Plaza Coronel Olavarr\u00eda y en el Paseo Jes\u00fas Mend\u00eda, de 10 a 22 horas.<\/p>\n","protected":false},"author":6,"featured_media":49205,"comment_status":"closed","ping_status":"closed","sticky":false,"template":"","format":"standard","meta":{"_jetpack_memberships_contains_paid_content":false,"footnotes":""},"categories":[5,1],"tags":[],"class_list":["post-80254","post","type-post","status-publish","format-standard","has-post-thumbnail","hentry","category-informacion-general","category-portada"],"jetpack_featured_media_url":"https:\/\/i0.wp.com\/cdnoticias.com\/wp-content\/uploads\/2022\/03\/Cultura-Feria-artesanos-2-1024x682-1.jpg?fit=1024%2C682&ssl=1","jetpack_sharing_enabled":true,"_links":{"self":[{"href":"https:\/\/cdnoticias.com\/index.php\/wp-json\/wp\/v2\/posts\/80254","targetHints":{"allow":["GET"]}}],"collection":[{"href":"https:\/\/cdnoticias.com\/index.php\/wp-json\/wp\/v2\/posts"}],"about":[{"href":"https:\/\/cdnoticias.com\/index.php\/wp-json\/wp\/v2\/types\/post"}],"author":[{"embeddable":true,"href":"https:\/\/cdnoticias.com\/index.php\/wp-json\/wp\/v2\/users\/6"}],"replies":[{"embeddable":true,"href":"https:\/\/cdnoticias.com\/index.php\/wp-json\/wp\/v2\/comments?post=80254"}],"version-history":[{"count":0,"href":"https:\/\/cdnoticias.com\/index.php\/wp-json\/wp\/v2\/posts\/80254\/revisions"}],"wp:featuredmedia":[{"embeddable":true,"href":"https:\/\/cdnoticias.com\/index.php\/wp-json\/wp\/v2\/media\/49205"}],"wp:attachment":[{"href":"https:\/\/cdnoticias.com\/index.php\/wp-json\/wp\/v2\/media?parent=80254"}],"wp:term":[{"taxonomy":"category","embeddable":true,"href":"https:\/\/cdnoticias.com\/index.php\/wp-json\/wp\/v2\/categories?post=80254"},{"taxonomy":"post_tag","embeddable":true,"href":"https:\/\/cdnoticias.com\/index.php\/wp-json\/wp\/v2\/tags?post=80254"}],"curies":[{"name":"wp","href":"https:\/\/api.w.org\/{rel}","templated":true}]}}