{"id":80251,"date":"2023-03-24T16:31:34","date_gmt":"2023-03-24T19:31:34","guid":{"rendered":"https:\/\/www.centraldenoticias.com.ar\/?p=80251"},"modified":"2023-03-24T16:31:34","modified_gmt":"2023-03-24T19:31:34","slug":"la-obra-teatral-poses-inicia-su-segunda-temporada-en-insurgente","status":"publish","type":"post","link":"https:\/\/cdnoticias.com\/index.php\/2023\/03\/24\/la-obra-teatral-poses-inicia-su-segunda-temporada-en-insurgente\/","title":{"rendered":"La obra teatral &#8220;Poses&#8221; inicia su segunda temporada en Insurgente"},"content":{"rendered":"<p>La primera funci\u00f3n del a\u00f1o ser\u00e1 este s\u00e1bado 25 de marzo a partir de las 21 horas. <!--more--><\/p>\n<hr \/>\n<p>Este<strong> s\u00e1bado 25 de marzo<\/strong> la obra teatral <em><strong>&#8220;Poses<\/strong><\/em>&#8221; regresa a <strong>Insurgente <\/strong>(Belgrano 3345), por primera vez en este 2023, antes de su presentaci\u00f3n en el <strong>Regional de Teatro. <\/strong><\/p>\n<p>&nbsp;<\/p>\n<p>El unipersonal, creado e interpretado por <strong>Juan Pablo Go\u00f1i Capurro,<\/strong> es una de las doce puestas <strong>seleccionadas para la Fiesta del teatro independiente<\/strong> que se desarrollar\u00e1 en <strong>Bol\u00edvar,<\/strong> en el<strong> mes de abril,<\/strong> donde representar\u00e1 a Olavarr\u00eda. Nacido en la virtualidad, en plena pandemia, en esa versi\u00f3n recorri\u00f3 festivales internacionales hasta llegar, tras un proceso de trabajo y adaptaci\u00f3n, al estreno en forma presencial.<\/p>\n<p>&nbsp;<\/p>\n<p><em><strong>&#8220;Poses<\/strong>&#8221; es una obra que plantea cuestiones de identidad, humanidad y naturaleza, el coraje que requiere vivir de manera diferente. La trama nos muestra a un transformista que despierta en un lugar desconocido, cuando en su \u00faltima memoria se preparaba para un vivo de Instagram; el actor descubrir\u00e1 un elemento que le permitir\u00e1 combatir el miedo y enfrentar a sus captores<\/em>&#8221; se indic\u00f3.<\/p>\n<p>&nbsp;<\/p>\n<p><strong>Juan Pablo Go\u00f1i Capurro es actor y escritor de Olavarr\u00eda<\/strong>, ha integrado varios grupos teatrales en la ciudad, particip\u00f3 de encuentros internacionales y sus textos han sido representados en Argentina y en el exterior.<\/p>\n<p>&nbsp;<\/p>\n<p>La entrada anticipada tiene un costo de $800 y $1000 en puerta. Pueden adquirirse en la biblioteca del espacio, de 17:00 a 20:00, o reservarse al 2284 715254.<\/p>\n","protected":false},"excerpt":{"rendered":"<p>La primera funci\u00f3n del a\u00f1o ser\u00e1 este s\u00e1bado 25 de marzo a partir de las 21 horas.<\/p>\n","protected":false},"author":6,"featured_media":80252,"comment_status":"closed","ping_status":"closed","sticky":false,"template":"","format":"standard","meta":{"_jetpack_memberships_contains_paid_content":false,"footnotes":""},"categories":[9,1],"tags":[],"class_list":["post-80251","post","type-post","status-publish","format-standard","has-post-thumbnail","hentry","category-cultura","category-portada"],"jetpack_featured_media_url":"https:\/\/i0.wp.com\/cdnoticias.com\/wp-content\/uploads\/2023\/03\/posesobrateatro.jpeg?fit=800%2C445&ssl=1","jetpack_sharing_enabled":true,"_links":{"self":[{"href":"https:\/\/cdnoticias.com\/index.php\/wp-json\/wp\/v2\/posts\/80251","targetHints":{"allow":["GET"]}}],"collection":[{"href":"https:\/\/cdnoticias.com\/index.php\/wp-json\/wp\/v2\/posts"}],"about":[{"href":"https:\/\/cdnoticias.com\/index.php\/wp-json\/wp\/v2\/types\/post"}],"author":[{"embeddable":true,"href":"https:\/\/cdnoticias.com\/index.php\/wp-json\/wp\/v2\/users\/6"}],"replies":[{"embeddable":true,"href":"https:\/\/cdnoticias.com\/index.php\/wp-json\/wp\/v2\/comments?post=80251"}],"version-history":[{"count":0,"href":"https:\/\/cdnoticias.com\/index.php\/wp-json\/wp\/v2\/posts\/80251\/revisions"}],"wp:featuredmedia":[{"embeddable":true,"href":"https:\/\/cdnoticias.com\/index.php\/wp-json\/wp\/v2\/media\/80252"}],"wp:attachment":[{"href":"https:\/\/cdnoticias.com\/index.php\/wp-json\/wp\/v2\/media?parent=80251"}],"wp:term":[{"taxonomy":"category","embeddable":true,"href":"https:\/\/cdnoticias.com\/index.php\/wp-json\/wp\/v2\/categories?post=80251"},{"taxonomy":"post_tag","embeddable":true,"href":"https:\/\/cdnoticias.com\/index.php\/wp-json\/wp\/v2\/tags?post=80251"}],"curies":[{"name":"wp","href":"https:\/\/api.w.org\/{rel}","templated":true}]}}