{"id":80189,"date":"2023-03-21T10:17:32","date_gmt":"2023-03-21T13:17:32","guid":{"rendered":"https:\/\/www.centraldenoticias.com.ar\/?p=80189"},"modified":"2023-03-21T17:06:55","modified_gmt":"2023-03-21T20:06:55","slug":"se-pinto-una-nueva-estrella-amarilla","status":"publish","type":"post","link":"https:\/\/cdnoticias.com\/index.php\/2023\/03\/21\/se-pinto-una-nueva-estrella-amarilla\/","title":{"rendered":"Se pint\u00f3 una nueva Estrella Amarilla"},"content":{"rendered":"<p>El acto se realiz\u00f3 el 15 de marzo sobre ruta nacional N\u00ba3.<!--more--><\/p>\n<hr \/>\n<p>La agrupaci\u00f3n <strong>Estrellas Amarillas<\/strong> coloc\u00f3 un cartel de concientizaci\u00f3n vial recordando a<strong> Nicol\u00e1s Oscar Eduardo G\u00f3mez<\/strong>. La se\u00f1alizaci\u00f3n se realiz\u00f3 <strong>el pasado mi\u00e9rcoles 15 de marzo<\/strong>, en el Km 268 de la ruta nacional N\u00b03.<\/p>\n<p>&nbsp;<\/p>\n<p>La carteler\u00eda fue colocada para recordar a Nicolas G\u00f3mez quien perdi\u00f3 su vida en un accidente, producto del impacto frontal que sufri\u00f3 el veh\u00edculo en el que viajaba.<\/p>\n<p>&nbsp;<\/p>\n<p>Estas campa\u00f1as adem\u00e1s de recordar a las v\u00edctimas de siniestros viales, sirven para <strong>generar conciencia<\/strong> de la importancia del <strong>respeto por la normativa de tr\u00e1nsito para evitar m\u00e1s muertes<\/strong> en las calles y rutas de la ciudad.<\/p>\n","protected":false},"excerpt":{"rendered":"<p>El acto se realiz\u00f3 el 15 de marzo sobre ruta nacional N\u00ba3.<\/p>\n","protected":false},"author":4,"featured_media":80193,"comment_status":"closed","ping_status":"closed","sticky":false,"template":"","format":"standard","meta":{"_jetpack_memberships_contains_paid_content":false,"footnotes":""},"categories":[5,1],"tags":[],"class_list":["post-80189","post","type-post","status-publish","format-standard","has-post-thumbnail","hentry","category-informacion-general","category-portada"],"jetpack_featured_media_url":"https:\/\/i0.wp.com\/cdnoticias.com\/wp-content\/uploads\/2023\/03\/Estrellas-Amarillas-ruta-N3.jpg?fit=2426%2C1349&ssl=1","jetpack_sharing_enabled":true,"_links":{"self":[{"href":"https:\/\/cdnoticias.com\/index.php\/wp-json\/wp\/v2\/posts\/80189","targetHints":{"allow":["GET"]}}],"collection":[{"href":"https:\/\/cdnoticias.com\/index.php\/wp-json\/wp\/v2\/posts"}],"about":[{"href":"https:\/\/cdnoticias.com\/index.php\/wp-json\/wp\/v2\/types\/post"}],"author":[{"embeddable":true,"href":"https:\/\/cdnoticias.com\/index.php\/wp-json\/wp\/v2\/users\/4"}],"replies":[{"embeddable":true,"href":"https:\/\/cdnoticias.com\/index.php\/wp-json\/wp\/v2\/comments?post=80189"}],"version-history":[{"count":0,"href":"https:\/\/cdnoticias.com\/index.php\/wp-json\/wp\/v2\/posts\/80189\/revisions"}],"wp:featuredmedia":[{"embeddable":true,"href":"https:\/\/cdnoticias.com\/index.php\/wp-json\/wp\/v2\/media\/80193"}],"wp:attachment":[{"href":"https:\/\/cdnoticias.com\/index.php\/wp-json\/wp\/v2\/media?parent=80189"}],"wp:term":[{"taxonomy":"category","embeddable":true,"href":"https:\/\/cdnoticias.com\/index.php\/wp-json\/wp\/v2\/categories?post=80189"},{"taxonomy":"post_tag","embeddable":true,"href":"https:\/\/cdnoticias.com\/index.php\/wp-json\/wp\/v2\/tags?post=80189"}],"curies":[{"name":"wp","href":"https:\/\/api.w.org\/{rel}","templated":true}]}}