{"id":80188,"date":"2023-03-21T12:37:07","date_gmt":"2023-03-21T15:37:07","guid":{"rendered":"https:\/\/www.centraldenoticias.com.ar\/?p=80188"},"modified":"2023-03-21T16:29:09","modified_gmt":"2023-03-21T19:29:09","slug":"otra-vez-el-amco-victima-de-vandalismo","status":"publish","type":"post","link":"https:\/\/cdnoticias.com\/index.php\/2023\/03\/21\/otra-vez-el-amco-victima-de-vandalismo\/","title":{"rendered":"Otra vez el AMCO v\u00edctima de vandalismo"},"content":{"rendered":"<p>Incendiaron ba\u00f1os qu\u00edmicos en El Laguito. \u201cNo entiendo tanta maldad, no molestaron a nadie\u201d, indic\u00f3 uno de los responsables del lugar. En febrero la instituci\u00f3n hab\u00eda sufrido dos robos.<!--more--><\/p>\n<hr \/>\n<p>En las \u00faltimas horas, autoridades del AMCO descubrieron un<strong> nuevo acto de vandalismo en El Laguito.<\/strong> Recordemos que la instituci\u00f3n sufri\u00f3 <a href=\"https:\/\/centraldeportes.com.ar\/indignacion-es-el-segundo-robo-en-el-mes-de-febrero-en-el-amco\/\" target=\"_blank\" rel=\"noopener\">en febrero dos robos en distintas instalaciones.<\/a><\/p>\n<p>&nbsp;<\/p>\n<p>Esta vez <strong>incendiaron ba\u00f1os qu\u00edmicos<\/strong> que se encontraban en el predio.<\/p>\n<p>&nbsp;<\/p>\n<p>&#8220;<strong>Cinco ba\u00f1os nos van prendiendo fuego<\/strong>, nos rompemos el lomo para mantener el lugar siempre lindo para que la gente tenga un lugar donde pasar el d\u00eda. No entiendo tanta maldad, no molestamos a nadie&#8221;, cont\u00f3 indignado uno de los responsables de las instalaciones.<\/p>\n<p>&nbsp;<\/p>\n<p><img data-recalc-dims=\"1\" loading=\"lazy\" decoding=\"async\" class=\"aligncenter size-full wp-image-80199\" src=\"https:\/\/i0.wp.com\/cdnoticias.com\/wp-content\/uploads\/2023\/03\/robo-amco-portada-768x427-1.png?resize=768%2C427&#038;ssl=1\" alt=\"\" width=\"768\" height=\"427\" srcset=\"https:\/\/i0.wp.com\/cdnoticias.com\/wp-content\/uploads\/2023\/03\/robo-amco-portada-768x427-1.png?w=768&amp;ssl=1 768w, https:\/\/i0.wp.com\/cdnoticias.com\/wp-content\/uploads\/2023\/03\/robo-amco-portada-768x427-1.png?resize=300%2C167&amp;ssl=1 300w\" sizes=\"auto, (max-width: 768px) 100vw, 768px\" \/><\/p>\n<p>&nbsp;<\/p>\n<p><strong>Dos robos en febrero<\/strong><\/p>\n<p>&nbsp;<\/p>\n<p>El Autom\u00f3vil Moto Club de Olavarr\u00eda enfrent\u00f3 en febrero <a href=\"https:\/\/centraldeportes.com.ar\/indignacion-es-el-segundo-robo-en-el-mes-de-febrero-en-el-amco\/\" target=\"_blank\" rel=\"noopener\">dos robos en sus instalaciones.<\/a><\/p>\n<p>&nbsp;<\/p>\n<p>Uno de los il\u00edcitos fue el <strong>robo de todo el alambrado ol\u00edmpico del kart\u00f3dromo.<\/strong> D\u00edas despu\u00e9s, desconocidos ingresaron <strong>en la cantina del AMCO y se llevaron mercader\u00eda.<\/strong> En esa oportunidad, lamentaron que \u201ces m\u00e1s el da\u00f1o que hicieron con el blindex que lo que vale la mercader\u00eda\u201d.<\/p>\n<p>&nbsp;<\/p>\n<p>\u201cEs la impotencia que no se puede hacer nada, lo m\u00e1s caro de todo es el blindex, m\u00e1s que lo que se llevaron, pero es m\u00e1s de lo mismo, te cansan estas cosas. Imaginate que queda todo en la nada, fue a las doce de la noche y estuvimos hasta las 4 am dando vueltas con la polic\u00eda, y la verdad que no se puede hacer nada\u201d, agregaron.<\/p>\n<p>&nbsp;<\/p>\n<blockquote class=\"instagram-media\" style=\"background: #FFF; border: 0; border-radius: 3px; box-shadow: 0 0 1px 0 rgba(0,0,0,0.5),0 1px 10px 0 rgba(0,0,0,0.15); margin: 1px; max-width: 540px; min-width: 326px; padding: 0; width: calc(100% - 2px);\" data-instgrm-captioned=\"\" data-instgrm-permalink=\"https:\/\/www.instagram.com\/reel\/CqCBNc5A43C\/?utm_source=ig_embed&amp;utm_campaign=loading\" data-instgrm-version=\"14\">\n<div style=\"padding: 16px;\">\n<p>&nbsp;<\/p>\n<div style=\"display: flex; flex-direction: row; align-items: center;\">\n<div style=\"background-color: #f4f4f4; border-radius: 50%; flex-grow: 0; height: 40px; margin-right: 14px; width: 40px;\"><\/div>\n<div style=\"display: flex; flex-direction: column; flex-grow: 1; justify-content: center;\">\n<div style=\"background-color: #f4f4f4; border-radius: 4px; flex-grow: 0; height: 14px; margin-bottom: 6px; width: 100px;\"><\/div>\n<div style=\"background-color: #f4f4f4; border-radius: 4px; flex-grow: 0; height: 14px; width: 60px;\"><\/div>\n<\/div>\n<\/div>\n<div style=\"padding: 19% 0;\"><\/div>\n<div style=\"display: block; height: 50px; margin: 0 auto 12px; width: 50px;\"><\/div>\n<div style=\"padding-top: 8px;\">\n<div style=\"color: #3897f0; font-family: Arial,sans-serif; font-size: 14px; font-style: normal; font-weight: 550; line-height: 18px;\">Ver esta publicaci\u00f3n en Instagram<\/div>\n<\/div>\n<div style=\"padding: 12.5% 0;\"><\/div>\n<div style=\"display: flex; flex-direction: row; margin-bottom: 14px; align-items: center;\">\n<div>\n<div style=\"background-color: #f4f4f4; border-radius: 50%; height: 12.5px; width: 12.5px; transform: translateX(0px) translateY(7px);\"><\/div>\n<div style=\"background-color: #f4f4f4; height: 12.5px; transform: rotate(-45deg) translateX(3px) translateY(1px); width: 12.5px; flex-grow: 0; margin-right: 14px; margin-left: 2px;\"><\/div>\n<div style=\"background-color: #f4f4f4; border-radius: 50%; height: 12.5px; width: 12.5px; transform: translateX(9px) translateY(-18px);\"><\/div>\n<\/div>\n<div style=\"margin-left: 8px;\">\n<div style=\"background-color: #f4f4f4; border-radius: 50%; flex-grow: 0; height: 20px; width: 20px;\"><\/div>\n<div style=\"width: 0; height: 0; border-top: 2px solid transparent; border-left: 6px solid #f4f4f4; border-bottom: 2px solid transparent; transform: translateX(16px) translateY(-4px) rotate(30deg);\"><\/div>\n<\/div>\n<div style=\"margin-left: auto;\">\n<div style=\"width: 0px; border-top: 8px solid #F4F4F4; border-right: 8px solid transparent; transform: translateY(16px);\"><\/div>\n<div style=\"background-color: #f4f4f4; flex-grow: 0; height: 12px; width: 16px; transform: translateY(-4px);\"><\/div>\n<div style=\"width: 0; height: 0; border-top: 8px solid #F4F4F4; border-left: 8px solid transparent; transform: translateY(-4px) translateX(8px);\"><\/div>\n<\/div>\n<\/div>\n<div style=\"display: flex; flex-direction: column; flex-grow: 1; justify-content: center; margin-bottom: 24px;\">\n<div style=\"background-color: #f4f4f4; border-radius: 4px; flex-grow: 0; height: 14px; margin-bottom: 6px; width: 224px;\"><\/div>\n<div style=\"background-color: #f4f4f4; border-radius: 4px; flex-grow: 0; height: 14px; width: 144px;\"><\/div>\n<\/div>\n<p>&nbsp;<\/p>\n<p style=\"color: #c9c8cd; font-family: Arial,sans-serif; font-size: 14px; line-height: 17px; margin-bottom: 0; margin-top: 8px; overflow: hidden; padding: 8px 0 7px; text-align: center; text-overflow: ellipsis; white-space: nowrap;\"><a style=\"color: #c9c8cd; font-family: Arial,sans-serif; font-size: 14px; font-style: normal; font-weight: normal; line-height: 17px; text-decoration: none;\" href=\"https:\/\/www.instagram.com\/reel\/CqCBNc5A43C\/?utm_source=ig_embed&amp;utm_campaign=loading\" target=\"_blank\" rel=\"noopener\">Una publicaci\u00f3n compartida por Central de Deportes Olavarr\u00eda (@centraldeportesolav)<\/a><\/p>\n<\/div>\n<\/blockquote>\n<p><script async src=\"\/\/www.instagram.com\/embed.js\"><\/script><\/p>\n","protected":false},"excerpt":{"rendered":"<p>Incendiaron ba\u00f1os qu\u00edmicos en El Laguito. \u201cNo entiendo tanta maldad, no molestaron a nadie\u201d, indic\u00f3 uno de los responsables del<\/p>\n","protected":false},"author":5,"featured_media":80198,"comment_status":"closed","ping_status":"closed","sticky":false,"template":"","format":"standard","meta":{"_jetpack_memberships_contains_paid_content":false,"footnotes":""},"categories":[14,1],"tags":[],"class_list":["post-80188","post","type-post","status-publish","format-standard","has-post-thumbnail","hentry","category-policiales","category-portada"],"jetpack_featured_media_url":"https:\/\/i0.wp.com\/cdnoticias.com\/wp-content\/uploads\/2023\/03\/incendio-AMCO-marzo.png?fit=1152%2C641&ssl=1","jetpack_sharing_enabled":true,"_links":{"self":[{"href":"https:\/\/cdnoticias.com\/index.php\/wp-json\/wp\/v2\/posts\/80188","targetHints":{"allow":["GET"]}}],"collection":[{"href":"https:\/\/cdnoticias.com\/index.php\/wp-json\/wp\/v2\/posts"}],"about":[{"href":"https:\/\/cdnoticias.com\/index.php\/wp-json\/wp\/v2\/types\/post"}],"author":[{"embeddable":true,"href":"https:\/\/cdnoticias.com\/index.php\/wp-json\/wp\/v2\/users\/5"}],"replies":[{"embeddable":true,"href":"https:\/\/cdnoticias.com\/index.php\/wp-json\/wp\/v2\/comments?post=80188"}],"version-history":[{"count":0,"href":"https:\/\/cdnoticias.com\/index.php\/wp-json\/wp\/v2\/posts\/80188\/revisions"}],"wp:featuredmedia":[{"embeddable":true,"href":"https:\/\/cdnoticias.com\/index.php\/wp-json\/wp\/v2\/media\/80198"}],"wp:attachment":[{"href":"https:\/\/cdnoticias.com\/index.php\/wp-json\/wp\/v2\/media?parent=80188"}],"wp:term":[{"taxonomy":"category","embeddable":true,"href":"https:\/\/cdnoticias.com\/index.php\/wp-json\/wp\/v2\/categories?post=80188"},{"taxonomy":"post_tag","embeddable":true,"href":"https:\/\/cdnoticias.com\/index.php\/wp-json\/wp\/v2\/tags?post=80188"}],"curies":[{"name":"wp","href":"https:\/\/api.w.org\/{rel}","templated":true}]}}