{"id":80182,"date":"2023-03-21T09:30:50","date_gmt":"2023-03-21T12:30:50","guid":{"rendered":"https:\/\/www.centraldenoticias.com.ar\/?p=80182"},"modified":"2023-03-21T10:53:00","modified_gmt":"2023-03-21T13:53:00","slug":"tres-personas-resultaron-aprehendidas-en-el-marco-de-distintos-delitos","status":"publish","type":"post","link":"https:\/\/cdnoticias.com\/index.php\/2023\/03\/21\/tres-personas-resultaron-aprehendidas-en-el-marco-de-distintos-delitos\/","title":{"rendered":"Tres personas resultaron aprehendidas en el marco de distintos delitos"},"content":{"rendered":"<p>Se trata de dos hombres y una mujer que enfrentan causas por \u201cdesobediencia\u201d, \u201caveriguaci\u00f3n de presunto il\u00edcito\u201d y \u201catentando y resistencia a la autoridad\u201d.<!--more--><\/p>\n<hr \/>\n<p>Durante la jornada del lunes <strong>dos hombres y una mujer fueron aprehendidos<\/strong> por la comisi\u00f3n de distintos delitos.<\/p>\n<p>&nbsp;<\/p>\n<p>Seg\u00fan informaron desde el Comando de Patrullas, en el marco de un recorrido, personal de esa dependencia observ\u00f3 que en <strong>Calle 15 y San Mart\u00edn<\/strong> circulaban dos hombres, <strong>uno a bordo de una moto y otro en una bicicleta roja.<\/strong><\/p>\n<p>&nbsp;<\/p>\n<p>Al intentar interceptarlos para su identificaci\u00f3n, <strong>el hombre que iba en la bicicleta la arroja y se sube r\u00e1pidamente a la moto.<\/strong> De esta forma,<strong> ambos se dan a la fuga,<\/strong> toman varias calles en contra mano y realizan maniobras peligrosas.<\/p>\n<p>&nbsp;<\/p>\n<p>El personal policial logr\u00f3 finalmente detenerlos en<strong> Guisasola y Sargento Cabral.<\/strong> All\u00ed son identificados y<strong> aprehendidos por los delitos de \u201cdesobediencia\u201d y \u201caveriguaci\u00f3n de presunto il\u00edcito\u201d<\/strong>, ya que no pudieron establecer la procedencia de la bicicleta descartada minutos antes.<\/p>\n<p>&nbsp;<\/p>\n<p>Sin embargo, la situaci\u00f3n no termin\u00f3 ah\u00ed. Al momento de la aprehensi\u00f3n se hace presente en el lugar <strong>una mujer que confront\u00f3 a los efectivos policiales e incluso agredi\u00f3 a uno a golpe de pu\u00f1o sin provocarle lesiones.<\/strong> Fue reducida y aprehendida por el delito de <strong>\u201catentado y resistencia a la autoridad\u201d.<\/strong><\/p>\n<p>&nbsp;<\/p>\n<p>Interviene la <strong>UFI N\u00b0 7<\/strong> a cargo del doctor Christian Urlezaga.<\/p>\n<p>&nbsp;<\/p>\n","protected":false},"excerpt":{"rendered":"<p>Se trata de dos hombres y una mujer que enfrentan causas por \u201cdesobediencia\u201d, \u201caveriguaci\u00f3n de presunto il\u00edcito\u201d y \u201catentando y<\/p>\n","protected":false},"author":5,"featured_media":80183,"comment_status":"closed","ping_status":"closed","sticky":false,"template":"","format":"standard","meta":{"_jetpack_memberships_contains_paid_content":false,"footnotes":""},"categories":[14,1],"tags":[],"class_list":["post-80182","post","type-post","status-publish","format-standard","has-post-thumbnail","hentry","category-policiales","category-portada"],"jetpack_featured_media_url":"https:\/\/i0.wp.com\/cdnoticias.com\/wp-content\/uploads\/2023\/03\/aprehendidos-21-03-23.jpg?fit=1294%2C720&ssl=1","jetpack_sharing_enabled":true,"_links":{"self":[{"href":"https:\/\/cdnoticias.com\/index.php\/wp-json\/wp\/v2\/posts\/80182","targetHints":{"allow":["GET"]}}],"collection":[{"href":"https:\/\/cdnoticias.com\/index.php\/wp-json\/wp\/v2\/posts"}],"about":[{"href":"https:\/\/cdnoticias.com\/index.php\/wp-json\/wp\/v2\/types\/post"}],"author":[{"embeddable":true,"href":"https:\/\/cdnoticias.com\/index.php\/wp-json\/wp\/v2\/users\/5"}],"replies":[{"embeddable":true,"href":"https:\/\/cdnoticias.com\/index.php\/wp-json\/wp\/v2\/comments?post=80182"}],"version-history":[{"count":0,"href":"https:\/\/cdnoticias.com\/index.php\/wp-json\/wp\/v2\/posts\/80182\/revisions"}],"wp:featuredmedia":[{"embeddable":true,"href":"https:\/\/cdnoticias.com\/index.php\/wp-json\/wp\/v2\/media\/80183"}],"wp:attachment":[{"href":"https:\/\/cdnoticias.com\/index.php\/wp-json\/wp\/v2\/media?parent=80182"}],"wp:term":[{"taxonomy":"category","embeddable":true,"href":"https:\/\/cdnoticias.com\/index.php\/wp-json\/wp\/v2\/categories?post=80182"},{"taxonomy":"post_tag","embeddable":true,"href":"https:\/\/cdnoticias.com\/index.php\/wp-json\/wp\/v2\/tags?post=80182"}],"curies":[{"name":"wp","href":"https:\/\/api.w.org\/{rel}","templated":true}]}}