{"id":80134,"date":"2023-03-20T18:03:28","date_gmt":"2023-03-20T21:03:28","guid":{"rendered":"https:\/\/www.centraldenoticias.com.ar\/?p=80134"},"modified":"2023-03-20T18:03:28","modified_gmt":"2023-03-20T21:03:28","slug":"marzo-por-la-memoria-estudiantes-de-facso-recorrieron-el-espacio-de-memoria-monte-pelloni","status":"publish","type":"post","link":"https:\/\/cdnoticias.com\/index.php\/2023\/03\/20\/marzo-por-la-memoria-estudiantes-de-facso-recorrieron-el-espacio-de-memoria-monte-pelloni\/","title":{"rendered":"Marzo por la Memoria: estudiantes de FACSO recorrieron el Espacio de Memoria Monte Pelloni"},"content":{"rendered":"<p>Los y las estudiantes fueron acompa\u00f1ados por Carmelo Vinci y Carlos Genson, dos de los olavarrienses que estuvieron detenidos en el ex Centro Clandestino de Detenci\u00f3n.<!--more--><\/p>\n<hr \/>\n<p>Desde hace varios a\u00f1os, en el marco de las actividades programadas por el<strong> D\u00eda Nacional de la Memoria por la Verdad y la Justicia<\/strong>, <strong>estudiantes ingresantes a la Facultad de Ciencias Sociales<\/strong> se acercaron a recorrer el Espacio para la Memoria y Promoci\u00f3n de los Derechos Humanos y <strong>ex Centro Clandestino de Detenci\u00f3n Monte Pelloni<\/strong>, en el que ocurrieron cr\u00edmenes de lesa humanidad durante la <strong>\u00faltima dictadura c\u00edvico militar.<\/strong><\/p>\n<p>&nbsp;<\/p>\n<p>Para llegar hasta el Espacio para la Memoria se debe ingresar por la Ruta Nacional 226, y tal como ocurre desde los \u00faltimos a\u00f1os, los y las ingresantes arribaron en un colectivo acompa\u00f1ados por integrantes del Centro de Estudiantes de la FACSO.<\/p>\n<p>&nbsp;<\/p>\n<p>En la visita realizada el pasado viernes los y las estudiantes fueron acompa\u00f1ados por <strong>Carmelo Vinci y Carlos Genson, dos de los olavarrienses que estuvieron detenidos en el ex Centro Clandestino de Detenci\u00f3n.<\/strong><\/p>\n<p>&nbsp;<\/p>\n<p><img data-recalc-dims=\"1\" loading=\"lazy\" decoding=\"async\" class=\"aligncenter wp-image-80137 size-full\" src=\"https:\/\/i0.wp.com\/cdnoticias.com\/wp-content\/uploads\/2023\/03\/Visita-Monte-Pelloni-1.jpg?resize=800%2C501&#038;ssl=1\" alt=\"\" width=\"800\" height=\"501\" srcset=\"https:\/\/i0.wp.com\/cdnoticias.com\/wp-content\/uploads\/2023\/03\/Visita-Monte-Pelloni-1.jpg?w=1373&amp;ssl=1 1373w, https:\/\/i0.wp.com\/cdnoticias.com\/wp-content\/uploads\/2023\/03\/Visita-Monte-Pelloni-1.jpg?resize=300%2C188&amp;ssl=1 300w, https:\/\/i0.wp.com\/cdnoticias.com\/wp-content\/uploads\/2023\/03\/Visita-Monte-Pelloni-1.jpg?resize=1024%2C641&amp;ssl=1 1024w, https:\/\/i0.wp.com\/cdnoticias.com\/wp-content\/uploads\/2023\/03\/Visita-Monte-Pelloni-1.jpg?resize=768%2C481&amp;ssl=1 768w\" sizes=\"auto, (max-width: 800px) 100vw, 800px\" \/><\/p>\n<p>&nbsp;<\/p>\n<p>La visita fue la oportunidad propicia para que el grupo de estudiantes conociera parte de la historia de lo ocurrido en Olavarr\u00eda y m\u00e1s espec\u00edficamente en Monte Pelloni durante la \u00faltima dictadura militar por parte de quienes fueron v\u00edctimas de los delitos ocurridos en este sitio. Adem\u00e1s de la carteler\u00eda que acompa\u00f1a todo el recorrido, pudieron ingresar a la casona en la que estuvieron en cautiverio Vinci, Genson y otros olavarrienses.<\/p>\n<p>&nbsp;<\/p>\n<p>La propuesta, enmarcada en las<strong> actividades por Marzo por la Memoria y en los 40 a\u00f1os de Democracia,<\/strong> fue organizada por el Centro de Estudiantes de la FACSO en articulaci\u00f3n con la Comisi\u00f3n de la Memoria de Olavarr\u00eda. En representaci\u00f3n de la Facultad de Ciencias Sociales particip\u00f3 el Secretario de Extensi\u00f3n, Bienestar y Transferencia, Lic. Nicol\u00e1s Casado.<\/p>\n<p>&nbsp;<\/p>\n<p><img data-recalc-dims=\"1\" loading=\"lazy\" decoding=\"async\" class=\"aligncenter wp-image-80135 size-full\" src=\"https:\/\/i0.wp.com\/cdnoticias.com\/wp-content\/uploads\/2023\/03\/Visita-Monte-Pelloni-3.jpg?resize=800%2C501&#038;ssl=1\" alt=\"\" width=\"800\" height=\"501\" srcset=\"https:\/\/i0.wp.com\/cdnoticias.com\/wp-content\/uploads\/2023\/03\/Visita-Monte-Pelloni-3.jpg?w=1437&amp;ssl=1 1437w, https:\/\/i0.wp.com\/cdnoticias.com\/wp-content\/uploads\/2023\/03\/Visita-Monte-Pelloni-3.jpg?resize=300%2C188&amp;ssl=1 300w, https:\/\/i0.wp.com\/cdnoticias.com\/wp-content\/uploads\/2023\/03\/Visita-Monte-Pelloni-3.jpg?resize=1024%2C641&amp;ssl=1 1024w, https:\/\/i0.wp.com\/cdnoticias.com\/wp-content\/uploads\/2023\/03\/Visita-Monte-Pelloni-3.jpg?resize=768%2C481&amp;ssl=1 768w\" sizes=\"auto, (max-width: 800px) 100vw, 800px\" \/><\/p>\n<p>&nbsp;<\/p>\n<p><strong>Cronograma de actividades Marzo por la Memoria<\/strong><\/p>\n<p>&nbsp;<\/p>\n<p>-Martes 21 \u2013 9 y 14 horas.<\/p>\n<p>&nbsp;<\/p>\n<p><strong>Proyecci\u00f3n de la pel\u00edcula \u201cArgentina 1985\u201d en Cine Par\u00eds.<\/strong> Funciones para estudiantes de 5\u00b0 y 6\u00b0 a\u00f1o de escuelas secundarias de Olavarr\u00eda.<\/p>\n<p>&nbsp;<\/p>\n<p>\u201cArgentina 1985\u201d est\u00e1 inspirada en la historia real del fiscal Julio Strassera, Luis Moreno Ocampo y su joven equipo jur\u00eddico que se atrevieron a acusar, contra viento y marea, a contrarreloj y bajo constante amenaza, a los altos mandos de la sangrienta dictadura militar argentina (1976-1983) en el llamado Juicio a las Juntas de mediados de los a\u00f1os 80. Una batalla de David contra Goliat, con los h\u00e9roes menos esperados. Direcci\u00f3n: Santiago Mitre.<\/p>\n<p>&nbsp;<\/p>\n<p>-Martes 21 \u2013 11 horas.<\/p>\n<p>&nbsp;<\/p>\n<p><strong>Taller de origami \u201c30.000 mariposas por la Memoria\u201d<\/strong><\/p>\n<p>&nbsp;<\/p>\n<p>Lugar: Hall de Edificio de Aulas Comunes, Complejo Universitario Olavarr\u00eda<\/p>\n<p>&nbsp;<\/p>\n<p>Integrantes de Olavarr\u00eda Origami ofrecer\u00e1n un Taller de Origami, replicando la acci\u00f3n que llevar\u00e1 adelante Origami Argentina, en el marco del Tercer Foro Mundial de Derechos Humanos a realizarse en la ex-ESMA.<\/p>\n<p>&nbsp;<\/p>\n<p>Se recepcionar\u00e1n mariposas en la Secretar\u00eda de Extensi\u00f3n, Vinculaci\u00f3n y Transferencia de la Facultad de Ingenier\u00eda hasta el 21 de marzo inclusive y se colocar\u00e1n en los distintos edificios. Desde el Jard\u00edn Maternal Upa La L\u00e1 tambi\u00e9n se convoca a las familias a sumarse a la propuesta. Organiza: Facultad de Ingenier\u00eda<\/p>\n<p>&nbsp;<\/p>\n<p>-Mi\u00e9rcoles 22 \u2013 10 horas.<\/p>\n<p>&nbsp;<\/p>\n<p><strong>Proyecci\u00f3n de la pel\u00edcula \u201cArgentina 1985\u201d en Cine Par\u00eds. Funci\u00f3n para estudiantes secundarios, universitarios y terciarios y adultos mayores.<\/strong><\/p>\n<p>&nbsp;<\/p>\n<p>-Jueves 23 &#8211; 10 horas.<\/p>\n<p>&nbsp;<\/p>\n<p><strong>\u201cFueron 30400\u201d. Actividad con el fin de visibilizar a las v\u00edctimas de la comunidad LGBTIQ+ durante la \u00faltima dictadura c\u00edvico militar.<\/strong><\/p>\n<p>&nbsp;<\/p>\n<p>Lugar: Paseo de La Memoria, Complejo Universitario Olavarr\u00eda, avenida Del Valle 5737<\/p>\n<p>&nbsp;<\/p>\n<p>Organiza: Facultad de Ciencias Sociales y Direcci\u00f3n de Pol\u00edticas de G\u00e9nero de la Municipalidad de Olavarr\u00eda<\/p>\n<p>&nbsp;<\/p>\n<p>-Martes 28- 9 horas.<\/p>\n<p>&nbsp;<\/p>\n<p>Socializaci\u00f3n, muestreo y puesta en com\u00fan de experiencias y trabajos \u00e1ulicos realizados en la Semana de la Memoria por estudiantes de la Escuela Nacional Adolfo P\u00e9rez Esquivel<strong>. Proyecci\u00f3n del video \u201cDe NIETES y diversidades\u201d<\/strong> y debate e intercambio con realizadores\/as y protagonistas.<\/p>\n<p>&nbsp;<\/p>\n<p>Lugar: Edificio de Aulas Comunes, Complejo Universitario Olavarr\u00eda<\/p>\n<p>&nbsp;<\/p>\n<p>-Jueves 30 \u2013 18 horas.<\/p>\n<p>&nbsp;<\/p>\n<p><strong>Presentaci\u00f3n del libro \u201cHeridas del porvenir. Testimonios de ausencias que sangran\u201d<\/strong> (Editorial El Espinillo), del Prof. Jorge Meza. Pr\u00f3logo del Premio Nobel de la Paz Dr. Adolfo P\u00e9rez Esquivel.<\/p>\n<p>&nbsp;<\/p>\n<p>Se trata de un trabajo de investigaci\u00f3n sobre las vidas de las personas detenidas desaparecidas durante la \u00faltima dictadura c\u00edvico militar en la zona centro de la provincia de Buenos Aires. Centros clandestinos y nietos robados que se a\u00fan se buscan.<\/p>\n<p>&nbsp;<\/p>\n<p>&#8220;Heridas del porvenir, testimonios de ausencias que Sangran&#8221; re\u00fane las numerosas entrevistas realizadas durante varios a\u00f1os, junto a documentos seleccionados de archivos oficiales y personales, intentando reconstruir los pedazos de vida de las personas detenidas-desaparecidas por fuerzas del terrorismo de Estado, durante el per\u00edodo 1976-1983 en Azul. Lugar: Centro Cultural Universitario, San Mart\u00edn 1955.<\/p>\n","protected":false},"excerpt":{"rendered":"<p>Los y las estudiantes fueron acompa\u00f1ados por Carmelo Vinci y Carlos Genson, dos de los olavarrienses que estuvieron detenidos en<\/p>\n","protected":false},"author":6,"featured_media":80136,"comment_status":"closed","ping_status":"closed","sticky":false,"template":"","format":"standard","meta":{"_jetpack_memberships_contains_paid_content":false,"footnotes":""},"categories":[5,1],"tags":[],"class_list":["post-80134","post","type-post","status-publish","format-standard","has-post-thumbnail","hentry","category-informacion-general","category-portada"],"jetpack_featured_media_url":"https:\/\/i0.wp.com\/cdnoticias.com\/wp-content\/uploads\/2023\/03\/Visita-Monte-Pelloni-1.png?fit=1922%2C1135&ssl=1","jetpack_sharing_enabled":true,"_links":{"self":[{"href":"https:\/\/cdnoticias.com\/index.php\/wp-json\/wp\/v2\/posts\/80134","targetHints":{"allow":["GET"]}}],"collection":[{"href":"https:\/\/cdnoticias.com\/index.php\/wp-json\/wp\/v2\/posts"}],"about":[{"href":"https:\/\/cdnoticias.com\/index.php\/wp-json\/wp\/v2\/types\/post"}],"author":[{"embeddable":true,"href":"https:\/\/cdnoticias.com\/index.php\/wp-json\/wp\/v2\/users\/6"}],"replies":[{"embeddable":true,"href":"https:\/\/cdnoticias.com\/index.php\/wp-json\/wp\/v2\/comments?post=80134"}],"version-history":[{"count":0,"href":"https:\/\/cdnoticias.com\/index.php\/wp-json\/wp\/v2\/posts\/80134\/revisions"}],"wp:featuredmedia":[{"embeddable":true,"href":"https:\/\/cdnoticias.com\/index.php\/wp-json\/wp\/v2\/media\/80136"}],"wp:attachment":[{"href":"https:\/\/cdnoticias.com\/index.php\/wp-json\/wp\/v2\/media?parent=80134"}],"wp:term":[{"taxonomy":"category","embeddable":true,"href":"https:\/\/cdnoticias.com\/index.php\/wp-json\/wp\/v2\/categories?post=80134"},{"taxonomy":"post_tag","embeddable":true,"href":"https:\/\/cdnoticias.com\/index.php\/wp-json\/wp\/v2\/tags?post=80134"}],"curies":[{"name":"wp","href":"https:\/\/api.w.org\/{rel}","templated":true}]}}