{"id":80112,"date":"2023-03-20T17:17:25","date_gmt":"2023-03-20T20:17:25","guid":{"rendered":"https:\/\/www.centraldenoticias.com.ar\/?p=80112"},"modified":"2023-03-20T20:21:14","modified_gmt":"2023-03-20T23:21:14","slug":"se-realizo-el-importante-acto-de-firma-de-escrituras-del-programa-mi-escritura-mi-casa","status":"publish","type":"post","link":"https:\/\/cdnoticias.com\/index.php\/2023\/03\/20\/se-realizo-el-importante-acto-de-firma-de-escrituras-del-programa-mi-escritura-mi-casa\/","title":{"rendered":"Se realiz\u00f3 el importante acto de firma de escrituras del programa \u201cMi Escritura, Mi Casa\u201d"},"content":{"rendered":"<p>Fue en el sal\u00f3n de Mariano Moreno. Entre los beneficiarios se encuentran los 59 trabajadores mineros que construyen su vivienda en barrio AOMA II, y tambi\u00e9n firm\u00f3 un empresario en la primera escritura de un terreno del PIO V. <!--more--><\/p>\n<hr \/>\n<p>Este lunes al mediod\u00eda, <strong>el sal\u00f3n de Mariano Moreno fue sede de una multitudinaria firma de escrituras sociales del programa provincial \u201cMi Escritura, Mi Casa\u201d con m\u00e1s de 400 beneficiarios<\/strong>,<strong> la firma de escrituras de un barrio entero y tambi\u00e9n la primera escritura del PIO V, en una hist\u00f3rica novedad para nuestro distrito.<\/strong><\/p>\n<p>&nbsp;<\/p>\n<p>Del acto participaron el director de Fortalecimiento de la Escrituraci\u00f3n Social de la Escriban\u00eda General de Gobierno, Sebasti\u00e1n Tangorra, el diputado provincial, C\u00e9sar Valicenti, el director provincial de Poblaci\u00f3n, Guillermo Santell\u00e1n, el secretario de Gobierno municipal, Hilario Galli, el titular de ANSES local, Maximilano Wesner, concejales y concejalas.<\/p>\n<p>&nbsp;<\/p>\n<p><img data-recalc-dims=\"1\" loading=\"lazy\" decoding=\"async\" class=\"alignnone size-large wp-image-80119\" src=\"https:\/\/i0.wp.com\/cdnoticias.com\/wp-content\/uploads\/2023\/03\/entrega-escrituras6-1024x570.jpg?resize=800%2C445&#038;ssl=1\" alt=\"\" width=\"800\" height=\"445\" srcset=\"https:\/\/i0.wp.com\/cdnoticias.com\/wp-content\/uploads\/2023\/03\/entrega-escrituras6-scaled.jpg?resize=1024%2C570&amp;ssl=1 1024w, https:\/\/i0.wp.com\/cdnoticias.com\/wp-content\/uploads\/2023\/03\/entrega-escrituras6-scaled.jpg?resize=300%2C167&amp;ssl=1 300w, https:\/\/i0.wp.com\/cdnoticias.com\/wp-content\/uploads\/2023\/03\/entrega-escrituras6-scaled.jpg?resize=768%2C427&amp;ssl=1 768w, https:\/\/i0.wp.com\/cdnoticias.com\/wp-content\/uploads\/2023\/03\/entrega-escrituras6-scaled.jpg?resize=1536%2C855&amp;ssl=1 1536w, https:\/\/i0.wp.com\/cdnoticias.com\/wp-content\/uploads\/2023\/03\/entrega-escrituras6-scaled.jpg?resize=2048%2C1140&amp;ssl=1 2048w, https:\/\/i0.wp.com\/cdnoticias.com\/wp-content\/uploads\/2023\/03\/entrega-escrituras6-scaled.jpg?resize=800%2C445&amp;ssl=1 800w, https:\/\/i0.wp.com\/cdnoticias.com\/wp-content\/uploads\/2023\/03\/entrega-escrituras6-scaled.jpg?w=1600&amp;ssl=1 1600w, https:\/\/i0.wp.com\/cdnoticias.com\/wp-content\/uploads\/2023\/03\/entrega-escrituras6-scaled.jpg?w=2400&amp;ssl=1 2400w\" sizes=\"auto, (max-width: 800px) 100vw, 800px\" \/><\/p>\n<p>&nbsp;<\/p>\n<p>Por el Ejecutivo, adem\u00e1s, estuvieron presentes el subsecretario de Legal y T\u00e9cnica Marcelo Fabbi, la directora de Casa de Tierras y Regularizaci\u00f3n Dominial Mar\u00eda Jos\u00e9 Gonz\u00e1lez, entre otros funcionarios.<\/p>\n<p>&nbsp;<\/p>\n<p><img data-recalc-dims=\"1\" loading=\"lazy\" decoding=\"async\" class=\"alignnone size-large wp-image-80117\" src=\"https:\/\/i0.wp.com\/cdnoticias.com\/wp-content\/uploads\/2023\/03\/entrega-escrituras4-1024x570.jpg?resize=800%2C445&#038;ssl=1\" alt=\"\" width=\"800\" height=\"445\" srcset=\"https:\/\/i0.wp.com\/cdnoticias.com\/wp-content\/uploads\/2023\/03\/entrega-escrituras4-scaled.jpg?resize=1024%2C570&amp;ssl=1 1024w, https:\/\/i0.wp.com\/cdnoticias.com\/wp-content\/uploads\/2023\/03\/entrega-escrituras4-scaled.jpg?resize=300%2C167&amp;ssl=1 300w, https:\/\/i0.wp.com\/cdnoticias.com\/wp-content\/uploads\/2023\/03\/entrega-escrituras4-scaled.jpg?resize=768%2C427&amp;ssl=1 768w, https:\/\/i0.wp.com\/cdnoticias.com\/wp-content\/uploads\/2023\/03\/entrega-escrituras4-scaled.jpg?resize=1536%2C855&amp;ssl=1 1536w, https:\/\/i0.wp.com\/cdnoticias.com\/wp-content\/uploads\/2023\/03\/entrega-escrituras4-scaled.jpg?resize=2048%2C1140&amp;ssl=1 2048w, https:\/\/i0.wp.com\/cdnoticias.com\/wp-content\/uploads\/2023\/03\/entrega-escrituras4-scaled.jpg?resize=800%2C445&amp;ssl=1 800w, https:\/\/i0.wp.com\/cdnoticias.com\/wp-content\/uploads\/2023\/03\/entrega-escrituras4-scaled.jpg?w=1600&amp;ssl=1 1600w, https:\/\/i0.wp.com\/cdnoticias.com\/wp-content\/uploads\/2023\/03\/entrega-escrituras4-scaled.jpg?w=2400&amp;ssl=1 2400w\" sizes=\"auto, (max-width: 800px) 100vw, 800px\" \/><\/p>\n<p>&nbsp;<\/p>\n<p>Cabe se\u00f1alar que <strong>entre los beneficiarios de las escrituras sociales concretadas este lunes se encuentran 59 familias de trabajadores mineros nucleados en AOMA<\/strong> que construyen sus viviendas en el nuevo barrio de 120 lotes, delimitado por Avenida Pueyrred\u00f3n, Las Orqu\u00eddeas, Rend\u00f3n y Las Azucenas.<\/p>\n<p>&nbsp;<\/p>\n<p><strong>Los afiliados a AOMA, adem\u00e1s, pudieron construir sus viviendas a trav\u00e9s cr\u00e9ditos del programa Procrear II &#8220;Cogesti\u00f3n con Sindicato&#8221;<\/strong> que tiene por objetivo <em>\u201cfacilitar el acceso a la casa propia a trabajadores y trabajadoras afiliadas, promoviendo as\u00ed la participaci\u00f3n sindical activa en los procesos de construcci\u00f3n y asignaci\u00f3n de unidades\u201d.<\/em><\/p>\n<p>&nbsp;<\/p>\n<p><img data-recalc-dims=\"1\" loading=\"lazy\" decoding=\"async\" class=\"alignnone size-large wp-image-80116\" src=\"https:\/\/i0.wp.com\/cdnoticias.com\/wp-content\/uploads\/2023\/03\/entrega-escrituras3-1024x570.jpg?resize=800%2C445&#038;ssl=1\" alt=\"\" width=\"800\" height=\"445\" srcset=\"https:\/\/i0.wp.com\/cdnoticias.com\/wp-content\/uploads\/2023\/03\/entrega-escrituras3-scaled.jpg?resize=1024%2C570&amp;ssl=1 1024w, https:\/\/i0.wp.com\/cdnoticias.com\/wp-content\/uploads\/2023\/03\/entrega-escrituras3-scaled.jpg?resize=300%2C167&amp;ssl=1 300w, https:\/\/i0.wp.com\/cdnoticias.com\/wp-content\/uploads\/2023\/03\/entrega-escrituras3-scaled.jpg?resize=768%2C427&amp;ssl=1 768w, https:\/\/i0.wp.com\/cdnoticias.com\/wp-content\/uploads\/2023\/03\/entrega-escrituras3-scaled.jpg?resize=1536%2C855&amp;ssl=1 1536w, https:\/\/i0.wp.com\/cdnoticias.com\/wp-content\/uploads\/2023\/03\/entrega-escrituras3-scaled.jpg?resize=2048%2C1140&amp;ssl=1 2048w, https:\/\/i0.wp.com\/cdnoticias.com\/wp-content\/uploads\/2023\/03\/entrega-escrituras3-scaled.jpg?resize=800%2C445&amp;ssl=1 800w, https:\/\/i0.wp.com\/cdnoticias.com\/wp-content\/uploads\/2023\/03\/entrega-escrituras3-scaled.jpg?w=1600&amp;ssl=1 1600w, https:\/\/i0.wp.com\/cdnoticias.com\/wp-content\/uploads\/2023\/03\/entrega-escrituras3-scaled.jpg?w=2400&amp;ssl=1 2400w\" sizes=\"auto, (max-width: 800px) 100vw, 800px\" \/><\/p>\n<p>&nbsp;<\/p>\n<p>Sebasti\u00e1n Tangorra, destac\u00f3 que<em> &#8220;cuando asumi\u00f3 Axel Kicillof calculamos que hab\u00eda entre 700 y 800 mil familias sin su escritura y por eso le pidi\u00f3 a nuestro Ministro de Justicia que trabajemos muy fuerte desde la Escriban\u00eda General de Gobierno con los 135 municipios para llegar a todas estas familias y que puedan ejercer el 100% del derecho sobre lo que es propio&#8221;.<\/em><\/p>\n<p>&nbsp;<\/p>\n<p>El secretario de Gobierno,<strong> Hilario Galli, agradeci\u00f3 la presencia de autoridades provinciales e hizo llegar un saludo y felicitaci\u00f3n por parte del Intendente<\/strong> para las familias que en el d\u00eda de la fecha firman sus escrituras.<\/p>\n<p>&nbsp;<\/p>\n<p><img data-recalc-dims=\"1\" loading=\"lazy\" decoding=\"async\" class=\"alignnone size-large wp-image-80115\" src=\"https:\/\/i0.wp.com\/cdnoticias.com\/wp-content\/uploads\/2023\/03\/entrega-escrituras2-1024x570.jpg?resize=800%2C445&#038;ssl=1\" alt=\"\" width=\"800\" height=\"445\" srcset=\"https:\/\/i0.wp.com\/cdnoticias.com\/wp-content\/uploads\/2023\/03\/entrega-escrituras2-scaled.jpg?resize=1024%2C570&amp;ssl=1 1024w, https:\/\/i0.wp.com\/cdnoticias.com\/wp-content\/uploads\/2023\/03\/entrega-escrituras2-scaled.jpg?resize=300%2C167&amp;ssl=1 300w, https:\/\/i0.wp.com\/cdnoticias.com\/wp-content\/uploads\/2023\/03\/entrega-escrituras2-scaled.jpg?resize=768%2C427&amp;ssl=1 768w, https:\/\/i0.wp.com\/cdnoticias.com\/wp-content\/uploads\/2023\/03\/entrega-escrituras2-scaled.jpg?resize=1536%2C854&amp;ssl=1 1536w, https:\/\/i0.wp.com\/cdnoticias.com\/wp-content\/uploads\/2023\/03\/entrega-escrituras2-scaled.jpg?resize=2048%2C1139&amp;ssl=1 2048w, https:\/\/i0.wp.com\/cdnoticias.com\/wp-content\/uploads\/2023\/03\/entrega-escrituras2-scaled.jpg?resize=800%2C445&amp;ssl=1 800w, https:\/\/i0.wp.com\/cdnoticias.com\/wp-content\/uploads\/2023\/03\/entrega-escrituras2-scaled.jpg?w=1600&amp;ssl=1 1600w, https:\/\/i0.wp.com\/cdnoticias.com\/wp-content\/uploads\/2023\/03\/entrega-escrituras2-scaled.jpg?w=2400&amp;ssl=1 2400w\" sizes=\"auto, (max-width: 800px) 100vw, 800px\" \/><\/p>\n<p>&nbsp;<\/p>\n<blockquote><p>\u201c\u00c9ste es uno de los actos que m\u00e1s se disfrutan, porque este d\u00eda -si bien no se llevan la carpeta- este d\u00eda es una bisagra porque ustedes se convierten en due\u00f1os\u201d, sostuvo.<\/p><\/blockquote>\n<p>&nbsp;<\/p>\n<p>Adem\u00e1s, agreg\u00f3 que <em>\u201cno quer\u00edamos dejar de felicitarlos y agradecer al equipo municipal que trabaja incansablemente de manera mancomunada con la Provincia para que puedan realizarse estos actos. Esperemos que se pueda continuar en este camino, porque es beneficioso para todos\u201d.\u00a0<\/em><\/p>\n<p>&nbsp;<\/p>\n<p><img data-recalc-dims=\"1\" loading=\"lazy\" decoding=\"async\" class=\"alignnone size-large wp-image-80114\" src=\"https:\/\/i0.wp.com\/cdnoticias.com\/wp-content\/uploads\/2023\/03\/entrega-escrituras1-1024x570.jpg?resize=800%2C445&#038;ssl=1\" alt=\"\" width=\"800\" height=\"445\" srcset=\"https:\/\/i0.wp.com\/cdnoticias.com\/wp-content\/uploads\/2023\/03\/entrega-escrituras1-scaled.jpg?resize=1024%2C570&amp;ssl=1 1024w, https:\/\/i0.wp.com\/cdnoticias.com\/wp-content\/uploads\/2023\/03\/entrega-escrituras1-scaled.jpg?resize=300%2C167&amp;ssl=1 300w, https:\/\/i0.wp.com\/cdnoticias.com\/wp-content\/uploads\/2023\/03\/entrega-escrituras1-scaled.jpg?resize=768%2C427&amp;ssl=1 768w, https:\/\/i0.wp.com\/cdnoticias.com\/wp-content\/uploads\/2023\/03\/entrega-escrituras1-scaled.jpg?resize=1536%2C855&amp;ssl=1 1536w, https:\/\/i0.wp.com\/cdnoticias.com\/wp-content\/uploads\/2023\/03\/entrega-escrituras1-scaled.jpg?resize=2048%2C1140&amp;ssl=1 2048w, https:\/\/i0.wp.com\/cdnoticias.com\/wp-content\/uploads\/2023\/03\/entrega-escrituras1-scaled.jpg?resize=800%2C445&amp;ssl=1 800w, https:\/\/i0.wp.com\/cdnoticias.com\/wp-content\/uploads\/2023\/03\/entrega-escrituras1-scaled.jpg?w=1600&amp;ssl=1 1600w, https:\/\/i0.wp.com\/cdnoticias.com\/wp-content\/uploads\/2023\/03\/entrega-escrituras1-scaled.jpg?w=2400&amp;ssl=1 2400w\" sizes=\"auto, (max-width: 800px) 100vw, 800px\" \/><\/p>\n<p>&nbsp;<\/p>\n<p>El <strong>diputado Valicenti<\/strong> agradeci\u00f3 a Tangorra por las gestiones, dado que<em> \u201cencontramos lo que nosotros consideramos un militante, no tiene horario para atender, traslada todos los tr\u00e1mites al Ministro, ha habido una gran respuesta en el distrito&#8221;.<\/em><\/p>\n<p>&nbsp;<\/p>\n<blockquote><p>&#8220;Hoy estamos teniendo una jornada in\u00e9dita para la Provincia con la firma de la escritura para los empresarios del Parque Industrial&#8221;. Resalt\u00f3 la importancia de contar con la escritura para tomar cr\u00e9ditos y permitir \u201cel desarrollo de la industria en Olavarr\u00eda\u201d.<\/p><\/blockquote>\n<p>&nbsp;<\/p>\n<p><strong><em>\u201cSiempre se habla de la seguridad jur\u00eddica como herramienta fundamental del desarrollo, contar con la escritura es una de estas herramientas\u201d.<\/em><\/strong><\/p>\n<p>&nbsp;<\/p>\n<p>Sobre el avance de las viviendas, <em>\u201cpara nosotros es una cuesti\u00f3n central, se termin\u00f3 el barrio Uocra porque <strong>Ezequiel Galli insisti\u00f3 desde la gesti\u00f3n Vidal para que se termine, como el Educadores, y nosotros avanzamos con el Procrear en AOMA, y nos comprometimos con Miguel Santell\u00e1n para hacer 100 viviendas en Olavarr\u00eda<\/strong>\u201d.<\/em><\/p>\n<p>&nbsp;<\/p>\n<p>Valor\u00f3 la decisi\u00f3n pol\u00edtica dado que <em>\u201ccuando se empieza a construir una vivienda se generan decenas de puestos de trabajo de forma instant\u00e1nea. Olavarr\u00eda est\u00e1 preparada para recibir eso\u201d<\/em> y finalmente como reflexi\u00f3n dijo que <em>\u201cac\u00e1 no importa qui\u00e9n le entrega la vivienda, nuestra responsabilidad es trabajar igual para que en esas viviendas haya felicidad\u201d.<\/em><\/p>\n<p>&nbsp;<\/p>\n<p><img data-recalc-dims=\"1\" loading=\"lazy\" decoding=\"async\" class=\"alignnone size-large wp-image-80120\" src=\"https:\/\/i0.wp.com\/cdnoticias.com\/wp-content\/uploads\/2023\/03\/entrega-escrituras7-1024x570.jpg?resize=800%2C445&#038;ssl=1\" alt=\"\" width=\"800\" height=\"445\" srcset=\"https:\/\/i0.wp.com\/cdnoticias.com\/wp-content\/uploads\/2023\/03\/entrega-escrituras7-scaled.jpg?resize=1024%2C570&amp;ssl=1 1024w, https:\/\/i0.wp.com\/cdnoticias.com\/wp-content\/uploads\/2023\/03\/entrega-escrituras7-scaled.jpg?resize=300%2C167&amp;ssl=1 300w, https:\/\/i0.wp.com\/cdnoticias.com\/wp-content\/uploads\/2023\/03\/entrega-escrituras7-scaled.jpg?resize=768%2C427&amp;ssl=1 768w, https:\/\/i0.wp.com\/cdnoticias.com\/wp-content\/uploads\/2023\/03\/entrega-escrituras7-scaled.jpg?resize=1536%2C855&amp;ssl=1 1536w, https:\/\/i0.wp.com\/cdnoticias.com\/wp-content\/uploads\/2023\/03\/entrega-escrituras7-scaled.jpg?resize=2048%2C1140&amp;ssl=1 2048w, https:\/\/i0.wp.com\/cdnoticias.com\/wp-content\/uploads\/2023\/03\/entrega-escrituras7-scaled.jpg?resize=800%2C445&amp;ssl=1 800w, https:\/\/i0.wp.com\/cdnoticias.com\/wp-content\/uploads\/2023\/03\/entrega-escrituras7-scaled.jpg?w=1600&amp;ssl=1 1600w, https:\/\/i0.wp.com\/cdnoticias.com\/wp-content\/uploads\/2023\/03\/entrega-escrituras7-scaled.jpg?w=2400&amp;ssl=1 2400w\" sizes=\"auto, (max-width: 800px) 100vw, 800px\" \/><\/p>\n<p>&nbsp;<\/p>\n<p>Adem\u00e1s, <strong>en un \u201checho hist\u00f3rico\u201d para la industria, se firm\u00f3 la primera escritura del PIO V.<\/strong> El presidente del Parque Industrial de Olavarr\u00eda,<strong> Jorge Sobarzo, logr\u00f3 acceder al t\u00edtulo de propiedad de su lote en el PIO, en el marco de la ley 10.830 de regularizaciones dominiales de inter\u00e9s social.<\/strong><\/p>\n<p>&nbsp;<\/p>\n<p>Esta gesti\u00f3n se pudo concretar gracias al decreto de ampliaci\u00f3n del PIO que firm\u00f3 el Gobernador Axel Kicillof durante su \u00faltima visita a Olavarr\u00eda.<\/p>\n<p>&nbsp;<\/p>\n<p><strong>La escrituraci\u00f3n de los terrenos del PIO N\u00b05 era una demanda hist\u00f3rica de las empresas instaladas en ese sector<\/strong> ya que permite acceder a todos los beneficios que contempla tener una planta dentro un Parque Industrial y tambi\u00e9n alienta nuevas inversiones.<\/p>\n","protected":false},"excerpt":{"rendered":"<p>Fue en el sal\u00f3n de Mariano Moreno. Entre los beneficiarios se encuentran los 59 trabajadores mineros que construyen su vivienda<\/p>\n","protected":false},"author":2,"featured_media":80113,"comment_status":"closed","ping_status":"closed","sticky":false,"template":"","format":"standard","meta":{"_jetpack_memberships_contains_paid_content":false,"footnotes":""},"categories":[5,1],"tags":[],"class_list":["post-80112","post","type-post","status-publish","format-standard","has-post-thumbnail","hentry","category-informacion-general","category-portada"],"jetpack_featured_media_url":"https:\/\/i0.wp.com\/cdnoticias.com\/wp-content\/uploads\/2023\/03\/entrega-escrituras-scaled.jpg?fit=2560%2C1424&ssl=1","jetpack_sharing_enabled":true,"_links":{"self":[{"href":"https:\/\/cdnoticias.com\/index.php\/wp-json\/wp\/v2\/posts\/80112","targetHints":{"allow":["GET"]}}],"collection":[{"href":"https:\/\/cdnoticias.com\/index.php\/wp-json\/wp\/v2\/posts"}],"about":[{"href":"https:\/\/cdnoticias.com\/index.php\/wp-json\/wp\/v2\/types\/post"}],"author":[{"embeddable":true,"href":"https:\/\/cdnoticias.com\/index.php\/wp-json\/wp\/v2\/users\/2"}],"replies":[{"embeddable":true,"href":"https:\/\/cdnoticias.com\/index.php\/wp-json\/wp\/v2\/comments?post=80112"}],"version-history":[{"count":0,"href":"https:\/\/cdnoticias.com\/index.php\/wp-json\/wp\/v2\/posts\/80112\/revisions"}],"wp:featuredmedia":[{"embeddable":true,"href":"https:\/\/cdnoticias.com\/index.php\/wp-json\/wp\/v2\/media\/80113"}],"wp:attachment":[{"href":"https:\/\/cdnoticias.com\/index.php\/wp-json\/wp\/v2\/media?parent=80112"}],"wp:term":[{"taxonomy":"category","embeddable":true,"href":"https:\/\/cdnoticias.com\/index.php\/wp-json\/wp\/v2\/categories?post=80112"},{"taxonomy":"post_tag","embeddable":true,"href":"https:\/\/cdnoticias.com\/index.php\/wp-json\/wp\/v2\/tags?post=80112"}],"curies":[{"name":"wp","href":"https:\/\/api.w.org\/{rel}","templated":true}]}}