{"id":80109,"date":"2023-03-20T17:05:01","date_gmt":"2023-03-20T20:05:01","guid":{"rendered":"https:\/\/www.centraldenoticias.com.ar\/?p=80109"},"modified":"2023-03-20T17:05:01","modified_gmt":"2023-03-20T20:05:01","slug":"hcd-se-realizara-la-sesion-especial-en-el-ex-centro-clandestino-monte-pelloni","status":"publish","type":"post","link":"https:\/\/cdnoticias.com\/index.php\/2023\/03\/20\/hcd-se-realizara-la-sesion-especial-en-el-ex-centro-clandestino-monte-pelloni\/","title":{"rendered":"HCD: Se realizar\u00e1 la sesi\u00f3n especial en el ex Centro Clandestino Monte Pelloni"},"content":{"rendered":"<p>Ser\u00e1 el viernes 24 de marzo a las 10:00, en conmemoraci\u00f3n del aniversario del golpe c\u00edvico militar.<!--more--><\/p>\n<hr \/>\n<p>Este viernes 24 de marzo desde las 10:00 se realizar\u00e1 la<strong> sesi\u00f3n especial del Honorable Concejo Deliberante en el ex Centro Clandestino de Detenci\u00f3n Monte Pelloni.<\/strong><\/p>\n<p>&nbsp;<\/p>\n<p>De esta forma, la presidenta del Concejo Deliberante de Olavarr\u00eda, Cecilia Krivochen firm\u00f3 este lunes el decreto enmarcado en la Ordenanza N\u00b0 4077\/17 que adhiri\u00f3 a la Ley 25633 y establece la <strong>obligatoriedad de llevar adelante en el ex Centro Clandestino de Detenci\u00f3n una sesi\u00f3n especial cada 24 marzo.<\/strong><\/p>\n<p>&nbsp;<\/p>\n<p>Asimismo, desde la presidencia del Concejo Deliberante se inform\u00f3 que el<strong> mi\u00e9rcoles a las 9 horas se desarrollar\u00e1 la reuni\u00f3n de la Comisi\u00f3n de Labor Parlamentaria<\/strong> que dejar\u00e1 establecido el Orden del D\u00eda de dicha Sesi\u00f3n Especial.<\/p>\n","protected":false},"excerpt":{"rendered":"<p>Ser\u00e1 el viernes 24 de marzo a las 10:00, en conmemoraci\u00f3n del aniversario del golpe c\u00edvico militar.<\/p>\n","protected":false},"author":5,"featured_media":77238,"comment_status":"closed","ping_status":"closed","sticky":false,"template":"","format":"standard","meta":{"_jetpack_memberships_contains_paid_content":false,"footnotes":""},"categories":[5,1],"tags":[],"class_list":["post-80109","post","type-post","status-publish","format-standard","has-post-thumbnail","hentry","category-informacion-general","category-portada"],"jetpack_featured_media_url":"https:\/\/i0.wp.com\/cdnoticias.com\/wp-content\/uploads\/2023\/02\/ckrivochen.jpeg?fit=1000%2C666&ssl=1","jetpack_sharing_enabled":true,"_links":{"self":[{"href":"https:\/\/cdnoticias.com\/index.php\/wp-json\/wp\/v2\/posts\/80109","targetHints":{"allow":["GET"]}}],"collection":[{"href":"https:\/\/cdnoticias.com\/index.php\/wp-json\/wp\/v2\/posts"}],"about":[{"href":"https:\/\/cdnoticias.com\/index.php\/wp-json\/wp\/v2\/types\/post"}],"author":[{"embeddable":true,"href":"https:\/\/cdnoticias.com\/index.php\/wp-json\/wp\/v2\/users\/5"}],"replies":[{"embeddable":true,"href":"https:\/\/cdnoticias.com\/index.php\/wp-json\/wp\/v2\/comments?post=80109"}],"version-history":[{"count":0,"href":"https:\/\/cdnoticias.com\/index.php\/wp-json\/wp\/v2\/posts\/80109\/revisions"}],"wp:featuredmedia":[{"embeddable":true,"href":"https:\/\/cdnoticias.com\/index.php\/wp-json\/wp\/v2\/media\/77238"}],"wp:attachment":[{"href":"https:\/\/cdnoticias.com\/index.php\/wp-json\/wp\/v2\/media?parent=80109"}],"wp:term":[{"taxonomy":"category","embeddable":true,"href":"https:\/\/cdnoticias.com\/index.php\/wp-json\/wp\/v2\/categories?post=80109"},{"taxonomy":"post_tag","embeddable":true,"href":"https:\/\/cdnoticias.com\/index.php\/wp-json\/wp\/v2\/tags?post=80109"}],"curies":[{"name":"wp","href":"https:\/\/api.w.org\/{rel}","templated":true}]}}