{"id":80100,"date":"2023-03-20T12:18:41","date_gmt":"2023-03-20T15:18:41","guid":{"rendered":"https:\/\/www.centraldenoticias.com.ar\/?p=80100"},"modified":"2023-03-20T12:18:41","modified_gmt":"2023-03-20T15:18:41","slug":"scavuzzo-creo-contar-con-los-recursos","status":"publish","type":"post","link":"https:\/\/cdnoticias.com\/index.php\/2023\/03\/20\/scavuzzo-creo-contar-con-los-recursos\/","title":{"rendered":"Scavuzzo: \u201ccreo contar con los recursos\u201d"},"content":{"rendered":"<p>As\u00ed lo expres\u00f3 el nuevo Jefe Departamental de Olavarr\u00eda en relaci\u00f3n a los desaf\u00edos de su rol.<!--more--><\/p>\n<hr \/>\n<p>En el marco de un <a href=\"https:\/\/cdnoticias.com\/index.php\/2023\/03\/20\/este-lunes-fueron-quemados-en-olavarria-40-kilos-de-marihuana-y-10-kilos-de-cocaina\/\" target=\"_blank\" rel=\"noopener\">importante operativo de quema de estupefacientes<\/a>, el <strong>Comisario Leandro Scavuzzo<\/strong>, dialog\u00f3 con <em>Central de Noticias<\/em> sobre el nuevo rol como titular de la Jefatura Departamental de Olavarr\u00eda.<\/p>\n<p>&nbsp;<\/p>\n<p>\u201cSurge la propuesta y<strong> acepto la iniciativa crey\u00e9ndome capaz de poder llevar al mando esta jefatura<\/strong>, poni\u00e9ndole toda la voluntad y compromiso para <strong>combatir la actividad delictiva en esta localidad<\/strong>\u201d, expres\u00f3 Leandro Scavuzzo.<\/p>\n<p>&nbsp;<\/p>\n<p>Frente a la consulta sobre c\u00f3mo se realiz\u00f3 el traspaso de la gesti\u00f3n indic\u00f3 un <strong>permanente contacto con el ex Comisario Roberto Landoni<\/strong>: \u201cme interiorice un poco en los recursos y dem\u00e1s, despu\u00e9s quedara en m\u00ed analizar desde mi lado la problem\u00e1tica de la ciudad\u201d.<\/p>\n<p>&nbsp;<\/p>\n<blockquote><p>Aseguro que la nueva funci\u00f3n \u201ces un desaf\u00edo, y estoy dispuesto a asumirlo, es parte de mi carrera y de mi vocaci\u00f3n. Creo tener los recursos log\u00edsticos y de personal para poder hacer una buena gesti\u00f3n\u201d.<\/p><\/blockquote>\n<p>&nbsp;<\/p>\n<p>En relaci\u00f3n a esto el nuevo Jefe Departamental concluy\u00f3 que \u201chay recursos de personal, hay recurso log\u00edstico. Implementaremos alguna otra medida en cuanto a temas laborales, horarios o tem\u00e1ticas de trabajo, pero creo contar con los recursos\u201d.<\/p>\n","protected":false},"excerpt":{"rendered":"<p>As\u00ed lo expres\u00f3 el nuevo Jefe Departamental de Olavarr\u00eda en relaci\u00f3n a los desaf\u00edos de su rol.<\/p>\n","protected":false},"author":4,"featured_media":80087,"comment_status":"closed","ping_status":"closed","sticky":false,"template":"","format":"standard","meta":{"_jetpack_memberships_contains_paid_content":false,"footnotes":""},"categories":[14,1],"tags":[],"class_list":["post-80100","post","type-post","status-publish","format-standard","has-post-thumbnail","hentry","category-policiales","category-portada"],"jetpack_featured_media_url":"https:\/\/i0.wp.com\/cdnoticias.com\/wp-content\/uploads\/2023\/03\/scavuzzo-leandro-quema-estupefacientes-2023-01-scaled.jpg?fit=2560%2C1424&ssl=1","jetpack_sharing_enabled":true,"_links":{"self":[{"href":"https:\/\/cdnoticias.com\/index.php\/wp-json\/wp\/v2\/posts\/80100","targetHints":{"allow":["GET"]}}],"collection":[{"href":"https:\/\/cdnoticias.com\/index.php\/wp-json\/wp\/v2\/posts"}],"about":[{"href":"https:\/\/cdnoticias.com\/index.php\/wp-json\/wp\/v2\/types\/post"}],"author":[{"embeddable":true,"href":"https:\/\/cdnoticias.com\/index.php\/wp-json\/wp\/v2\/users\/4"}],"replies":[{"embeddable":true,"href":"https:\/\/cdnoticias.com\/index.php\/wp-json\/wp\/v2\/comments?post=80100"}],"version-history":[{"count":0,"href":"https:\/\/cdnoticias.com\/index.php\/wp-json\/wp\/v2\/posts\/80100\/revisions"}],"wp:featuredmedia":[{"embeddable":true,"href":"https:\/\/cdnoticias.com\/index.php\/wp-json\/wp\/v2\/media\/80087"}],"wp:attachment":[{"href":"https:\/\/cdnoticias.com\/index.php\/wp-json\/wp\/v2\/media?parent=80100"}],"wp:term":[{"taxonomy":"category","embeddable":true,"href":"https:\/\/cdnoticias.com\/index.php\/wp-json\/wp\/v2\/categories?post=80100"},{"taxonomy":"post_tag","embeddable":true,"href":"https:\/\/cdnoticias.com\/index.php\/wp-json\/wp\/v2\/tags?post=80100"}],"curies":[{"name":"wp","href":"https:\/\/api.w.org\/{rel}","templated":true}]}}