{"id":80072,"date":"2023-03-23T08:30:45","date_gmt":"2023-03-23T11:30:45","guid":{"rendered":"https:\/\/www.centraldenoticias.com.ar\/?p=80072"},"modified":"2023-03-23T08:30:45","modified_gmt":"2023-03-23T11:30:45","slug":"llega-una-nueva-edicion-del-festival-aereo-olavarria-vuela-2023","status":"publish","type":"post","link":"https:\/\/cdnoticias.com\/index.php\/2023\/03\/23\/llega-una-nueva-edicion-del-festival-aereo-olavarria-vuela-2023\/","title":{"rendered":"Llega una nueva edici\u00f3n del Festival A\u00e9reo \u201cOlavarr\u00eda Vuela 2023\u201d"},"content":{"rendered":"<p>Ser\u00e1 el s\u00e1bado 25 y el domingo 26 de marzo, en el Aer\u00f3dromo Municipal. Habr\u00e1 exhibiciones diurnas y nocturnas, vuelos de bautismo, de paseo, muestras y actividades para toda la familia.<!--more--><\/p>\n<hr \/>\n<p>Este<strong> s\u00e1bado 25 y domingo 26 de marzo<\/strong>, en el Aer\u00f3dromo Municipal de Olavarr\u00eda -acceso por ruta 226- se realizar\u00e1 una nueva edici\u00f3n del <strong>Festival A\u00e9reo &#8220;Olavarr\u00eda Vuela&#8221;.<\/strong><\/p>\n<p>&nbsp;<\/p>\n<p>Con la participaci\u00f3n de aeronaves de todo tipo que llegar\u00e1n de distintos puntos del pa\u00eds, <strong>el s\u00e1bado a partir del mediod\u00eda y hasta pasada la puesta del sol, y el domingo a partir de las 10 de la ma\u00f1ana, durante todo el d\u00eda<\/strong>, se podr\u00e1 disfrutar de<strong> dos jornadas con show a\u00e9reo acrob\u00e1tico de alta calidad, aviones antiguos, radio controlados, planeadores y helic\u00f3pteros.<\/strong><\/p>\n<p>&nbsp;<\/p>\n<p>Con la llegada a esta edici\u00f3n del <strong>avi\u00f3n Antonov An-2 de origen sovi\u00e9tico<\/strong>, que es, el mayor biplano monomotor jam\u00e1s construido, le dar\u00e1 la posibilidad tanto a grandes como chicos, de experimentar un <strong>vuelo de bautismo diferente.<\/strong> Esta aeronave fue creada en la d\u00e9cada del 40 y se utiliz\u00f3 para diversos fines tanto agr\u00edcolas, transporte, paracaidismo, entre otros.<\/p>\n<p>&nbsp;<\/p>\n<p>Tambi\u00e9n se podr\u00e1n realizar<strong> vuelos de paseo en aviones del A\u00e9ro Club y, este a\u00f1o, en helic\u00f3ptero.<\/strong> Estar\u00e1n tambi\u00e9n presentes en el evento con <strong>vuelos de bautismo, el Club de Planeadores Otto Ballod.<\/strong><\/p>\n<p>&nbsp;<\/p>\n<p>Por otra parte, se inform\u00f3 que como en todas las ediciones visitar\u00e1 la ciudad <strong>Jorge Malatini, a cargo de la exhibici\u00f3n a\u00e9rea.<\/strong> Se suman este a\u00f1o al equipo de acrobacia el piloto <strong>Ignacio Crowder<\/strong>, con su avi\u00f3n Hardvard MK-4 de la segunda guerra mundial y <strong>Leandro Ferraris<\/strong> con su avi\u00f3n acrob\u00e1tico S\u00faper Decathlon que, no solo estar\u00e1 volando con ellos de d\u00eda, si no que <strong>tambi\u00e9n har\u00e1 un show a\u00e9reo nocturno.<\/strong><\/p>\n<p>&nbsp;<\/p>\n<p>&nbsp;<\/p>\n<p>&nbsp;<\/p>\n<p>La <strong>Agrupaci\u00f3n Olavarriense de Aeromodelismo<\/strong> estar\u00e1 presente con una muestra est\u00e1tica de radio controlados y tambi\u00e9n har\u00e1n vuelos de demostraci\u00f3n.<\/p>\n<p>&nbsp;<\/p>\n<p>Siguiendo con las actividades, la<strong> Agrupaci\u00f3n Aeromodelista P\u00e1jaros de Guerra,<\/strong> se presentara con una <strong>recreaci\u00f3n de una pelea en combate a\u00e9reo<\/strong>, mucha artiller\u00eda, bombas y efectos especiales que dar\u00e1n un impactante show.<\/p>\n<p>&nbsp;<\/p>\n<p>Los <strong>Bomberos Voluntarios de Olavarr\u00eda<\/strong> tambi\u00e9n tendr\u00e1n su participaci\u00f3n en esta edici\u00f3n. Ofrecer\u00e1n una demostraci\u00f3n de apagado de incendios tierra-aire junto al conocido <strong>piloto olavarriense Ra\u00fal Monferrer<\/strong> y su avi\u00f3n agr\u00edcola.<\/p>\n<p>&nbsp;<\/p>\n<p>Este a\u00f1o, confirmo su participaci\u00f3n la<strong> VI Brigada A\u00e9rea de Tandil y el RC Tan 2<\/strong> &#8211; Regimiento de Caballer\u00eda 2 &#8220;Lanceros Gral Paz&#8221;, quienes estar\u00e1n con muestras est\u00e1ticas y sorpresas.<\/p>\n<p>&nbsp;<\/p>\n<p>Otra novedad de esta edici\u00f3n es la llegada de la gente del <strong>Club Aerost\u00e1tico Argentino<\/strong>, quienes estar\u00e1n con su globo de imponente tama\u00f1o.<\/p>\n<p>&nbsp;<\/p>\n<p>Habr\u00e1 tambi\u00e9n, durante todo el d\u00eda, un<strong> patio de comidas, feriantes locales, emprendedores y stands<\/strong> participantes de empresas locales que colaboran con el Aero Club Olavarr\u00eda, para que pueda llevarse adelante esta gran fiesta del centro de la provincia de Buenos Aires.<\/p>\n<p>&nbsp;<\/p>\n<p>Desde el Municipio, se suma como propuesta la <strong>visita al museo y estaci\u00f3n meteorol\u00f3gica<\/strong> que funciona dentro del Aer\u00f3dromo. Habr\u00e1 charlas informativas durante todo el evento y talleres de pintura para chicos.<\/p>\n<p>&nbsp;<\/p>\n<p><strong>La entrada ser\u00e1 libre y gratuita.<\/strong> En el acceso, la capilla de Nuestra Se\u00f1ora de Guadalupe estar\u00e1 ofreciendo un <strong>bono contribuci\u00f3n, el cual tendr\u00e1 un costo de $1000<\/strong> y se sortearan vuelos de bautismo y varios premios.<\/p>\n","protected":false},"excerpt":{"rendered":"<p>Ser\u00e1 el s\u00e1bado 25 y el domingo 26 de marzo, en el Aer\u00f3dromo Municipal. Habr\u00e1 exhibiciones diurnas y nocturnas, vuelos<\/p>\n","protected":false},"author":2,"featured_media":80074,"comment_status":"closed","ping_status":"closed","sticky":false,"template":"","format":"standard","meta":{"_jetpack_memberships_contains_paid_content":false,"footnotes":""},"categories":[5,1],"tags":[],"class_list":["post-80072","post","type-post","status-publish","format-standard","has-post-thumbnail","hentry","category-informacion-general","category-portada"],"jetpack_featured_media_url":"https:\/\/i0.wp.com\/cdnoticias.com\/wp-content\/uploads\/2023\/03\/olav-vuela.png?fit=1113%2C860&ssl=1","jetpack_sharing_enabled":true,"_links":{"self":[{"href":"https:\/\/cdnoticias.com\/index.php\/wp-json\/wp\/v2\/posts\/80072","targetHints":{"allow":["GET"]}}],"collection":[{"href":"https:\/\/cdnoticias.com\/index.php\/wp-json\/wp\/v2\/posts"}],"about":[{"href":"https:\/\/cdnoticias.com\/index.php\/wp-json\/wp\/v2\/types\/post"}],"author":[{"embeddable":true,"href":"https:\/\/cdnoticias.com\/index.php\/wp-json\/wp\/v2\/users\/2"}],"replies":[{"embeddable":true,"href":"https:\/\/cdnoticias.com\/index.php\/wp-json\/wp\/v2\/comments?post=80072"}],"version-history":[{"count":0,"href":"https:\/\/cdnoticias.com\/index.php\/wp-json\/wp\/v2\/posts\/80072\/revisions"}],"wp:featuredmedia":[{"embeddable":true,"href":"https:\/\/cdnoticias.com\/index.php\/wp-json\/wp\/v2\/media\/80074"}],"wp:attachment":[{"href":"https:\/\/cdnoticias.com\/index.php\/wp-json\/wp\/v2\/media?parent=80072"}],"wp:term":[{"taxonomy":"category","embeddable":true,"href":"https:\/\/cdnoticias.com\/index.php\/wp-json\/wp\/v2\/categories?post=80072"},{"taxonomy":"post_tag","embeddable":true,"href":"https:\/\/cdnoticias.com\/index.php\/wp-json\/wp\/v2\/tags?post=80072"}],"curies":[{"name":"wp","href":"https:\/\/api.w.org\/{rel}","templated":true}]}}