{"id":80061,"date":"2023-03-20T07:49:25","date_gmt":"2023-03-20T10:49:25","guid":{"rendered":"https:\/\/www.centraldenoticias.com.ar\/?p=80061"},"modified":"2023-03-20T11:50:34","modified_gmt":"2023-03-20T14:50:34","slug":"policia-esclarecio-el-robo-de-una-bicicleta-y-una-guitarra","status":"publish","type":"post","link":"https:\/\/cdnoticias.com\/index.php\/2023\/03\/20\/policia-esclarecio-el-robo-de-una-bicicleta-y-una-guitarra\/","title":{"rendered":"Polic\u00eda esclareci\u00f3 el robo de una bicicleta y una guitarra"},"content":{"rendered":"<p>Fue informado en las \u00faltimas horas. Se realizaron dos procedimientos en domicilios y los imputados fueron notificados de una causa en su contra. <!--more--><\/p>\n<hr \/>\n<p>En las \u00faltimas horas,<strong> personal de Comisar\u00eda Primera inform\u00f3 dos robos esclarecidos en la ciudad, particularmente de una bicicleta y una guitarra criolla.<\/strong><\/p>\n<p>&nbsp;<\/p>\n<p>Seg\u00fan se inform\u00f3, una investigaci\u00f3n determin\u00f3 que <strong>un menor de edad era el autor material del robo de una bicicleta rodado 29<\/strong>, lo que gener\u00f3 un procedimiento policial en Jun\u00edn al 2800, el hallazgo del rodado, y reconocida por el denunciante.<\/p>\n<p>&nbsp;<\/p>\n<p>En paralelo, <strong>otra investigaci\u00f3n dio cuenta del robo de una guitarra y se gener\u00f3 un procedimiento en Ituzaing\u00f3 al 3600<\/strong>, donde un mayor de edad fue notificado de una causa en su contra y adem\u00e1s, secuestraron el elemento sustra\u00eddo.<\/p>\n<p>&nbsp;<\/p>\n<p><strong>Las dos causas fueron caratuladas como \u201crobo\u201d<\/strong> e interviene la Ayudant\u00eda Fiscal de Autores Ignorados, a cargo de la doctora Mirta Deroni.<\/p>\n","protected":false},"excerpt":{"rendered":"<p>Fue informado en las \u00faltimas horas. Se realizaron dos procedimientos en domicilios y los imputados fueron notificados de una causa<\/p>\n","protected":false},"author":2,"featured_media":80062,"comment_status":"closed","ping_status":"closed","sticky":false,"template":"","format":"standard","meta":{"_jetpack_memberships_contains_paid_content":false,"footnotes":""},"categories":[14,1],"tags":[],"class_list":["post-80061","post","type-post","status-publish","format-standard","has-post-thumbnail","hentry","category-policiales","category-portada"],"jetpack_featured_media_url":"https:\/\/i0.wp.com\/cdnoticias.com\/wp-content\/uploads\/2023\/03\/Diseno-sin-titulo-11-1.png?fit=900%2C600&ssl=1","jetpack_sharing_enabled":true,"_links":{"self":[{"href":"https:\/\/cdnoticias.com\/index.php\/wp-json\/wp\/v2\/posts\/80061","targetHints":{"allow":["GET"]}}],"collection":[{"href":"https:\/\/cdnoticias.com\/index.php\/wp-json\/wp\/v2\/posts"}],"about":[{"href":"https:\/\/cdnoticias.com\/index.php\/wp-json\/wp\/v2\/types\/post"}],"author":[{"embeddable":true,"href":"https:\/\/cdnoticias.com\/index.php\/wp-json\/wp\/v2\/users\/2"}],"replies":[{"embeddable":true,"href":"https:\/\/cdnoticias.com\/index.php\/wp-json\/wp\/v2\/comments?post=80061"}],"version-history":[{"count":0,"href":"https:\/\/cdnoticias.com\/index.php\/wp-json\/wp\/v2\/posts\/80061\/revisions"}],"wp:featuredmedia":[{"embeddable":true,"href":"https:\/\/cdnoticias.com\/index.php\/wp-json\/wp\/v2\/media\/80062"}],"wp:attachment":[{"href":"https:\/\/cdnoticias.com\/index.php\/wp-json\/wp\/v2\/media?parent=80061"}],"wp:term":[{"taxonomy":"category","embeddable":true,"href":"https:\/\/cdnoticias.com\/index.php\/wp-json\/wp\/v2\/categories?post=80061"},{"taxonomy":"post_tag","embeddable":true,"href":"https:\/\/cdnoticias.com\/index.php\/wp-json\/wp\/v2\/tags?post=80061"}],"curies":[{"name":"wp","href":"https:\/\/api.w.org\/{rel}","templated":true}]}}