{"id":80030,"date":"2023-03-19T12:13:03","date_gmt":"2023-03-19T15:13:03","guid":{"rendered":"https:\/\/www.centraldenoticias.com.ar\/?p=80030"},"modified":"2023-03-19T18:23:42","modified_gmt":"2023-03-19T21:23:42","slug":"pabellones-literarios-vieron-que-ellos-tambien-tenian-algo-para-contar","status":"publish","type":"post","link":"https:\/\/cdnoticias.com\/index.php\/2023\/03\/19\/pabellones-literarios-vieron-que-ellos-tambien-tenian-algo-para-contar\/","title":{"rendered":"Pabellones Literarios: \u201cvieron que ellos tambi\u00e9n ten\u00edan algo para contar&#8221;"},"content":{"rendered":"<p>Mat\u00edas Verna coordina el Pabell\u00f3n 12 que funciona en la Unidad N\u00b038 de Sierra Chica. Cerca de 80 internos participan de la propuesta que se lleva adelante en distintas c\u00e1rceles bonaerenses. Su experiencia, la forma de trabajo y el anhelo de continuidad.<!--more--><\/p>\n<hr \/>\n<p>El Programa <strong>Pabellones Literarios para la Libertad<\/strong> se lleva adelante en distintas c\u00e1rceles bonaerenses. En el cierre del ciclo 2022 se dio el detalle del impacto del Programa al que se sumaron 5.450 personas privadas de libertad de 100 pabellones de 54 c\u00e1rceles o alcaid\u00edas con el acompa\u00f1amiento ad honorem de 187 talleristas.<\/p>\n<p>&nbsp;<\/p>\n<p>En la <strong>Unidad N\u00b0 38 de Sierra Chica funciona el Pabell\u00f3n 12 coordinado por Mat\u00edas Verna,<\/strong> escritor, periodista, docente y trabajador del \u00e1rea de Prensa del Servicio Penitenciario. Junto a <strong>Soledad Urbieta y Micaela Sbrancia<\/strong>, docentes voluntarias, se sumaron a la iniciativa del Ministerio de Justicia.<\/p>\n<p>&nbsp;<\/p>\n<p>Mat\u00edas Verna, habl\u00f3 con <em>Central de Noticias<\/em> y destac\u00f3 el objetivo de los pabellones literarios \u201cdestinados a la lectura, la comprensi\u00f3n, el an\u00e1lisis, el sentido cr\u00edtico a trav\u00e9s de la lectura. Tambi\u00e9n a que los participantes hagan sus propias producciones\u201d. El Pabell\u00f3n 12 \u201c<strong>fue uno de los \u00faltimos en sumarse a este proyecto<\/strong> porque ten\u00e9s que tratar de buscar a una poblaci\u00f3n con caracter\u00edsticas similares, que vayan a responder y que sea una poblaci\u00f3n estable\u201d.<\/p>\n<p>&nbsp;<\/p>\n<p>Este tipo de actividades siempre form\u00f3 parte de las inquietudes de Mat\u00edas Verna que cuenta co<strong>n 20 a\u00f1os de trabajo en el Servicio Penitenciario.<\/strong> \u201cDesde el a\u00f1o uno que entr\u00e9 en la unidad N\u00b0 7 en Azul siempre gener\u00e9 peque\u00f1os talleres de lectura, escritura, comprensi\u00f3n de texto, poes\u00eda\u201d, cont\u00f3.<\/p>\n<p>&nbsp;<\/p>\n<p>Durante los recesos escolares de verano y de invierno \u201cpara no entorpecer la tarea de los docentes\u201d, Verna busc\u00f3 siempre <strong>\u201cque siga funcionando un poco la creatividad y que no haya un parate, porque eso significa en el encierro no poder fomentar el ingenio y la imaginaci\u00f3n\u201d.<\/strong><\/p>\n<p>&nbsp;<\/p>\n<p><img data-recalc-dims=\"1\" loading=\"lazy\" decoding=\"async\" class=\"aligncenter size-full wp-image-80028\" src=\"https:\/\/i0.wp.com\/cdnoticias.com\/wp-content\/uploads\/2023\/03\/matias-verna-pabellon-literarioi-02-scaled.jpg?resize=800%2C445&#038;ssl=1\" alt=\"\" width=\"800\" height=\"445\" srcset=\"https:\/\/i0.wp.com\/cdnoticias.com\/wp-content\/uploads\/2023\/03\/matias-verna-pabellon-literarioi-02-scaled.jpg?w=2560&amp;ssl=1 2560w, https:\/\/i0.wp.com\/cdnoticias.com\/wp-content\/uploads\/2023\/03\/matias-verna-pabellon-literarioi-02-scaled.jpg?resize=300%2C167&amp;ssl=1 300w, https:\/\/i0.wp.com\/cdnoticias.com\/wp-content\/uploads\/2023\/03\/matias-verna-pabellon-literarioi-02-scaled.jpg?resize=1024%2C570&amp;ssl=1 1024w, https:\/\/i0.wp.com\/cdnoticias.com\/wp-content\/uploads\/2023\/03\/matias-verna-pabellon-literarioi-02-scaled.jpg?resize=768%2C427&amp;ssl=1 768w, https:\/\/i0.wp.com\/cdnoticias.com\/wp-content\/uploads\/2023\/03\/matias-verna-pabellon-literarioi-02-scaled.jpg?resize=1536%2C855&amp;ssl=1 1536w, https:\/\/i0.wp.com\/cdnoticias.com\/wp-content\/uploads\/2023\/03\/matias-verna-pabellon-literarioi-02-scaled.jpg?resize=2048%2C1140&amp;ssl=1 2048w, https:\/\/i0.wp.com\/cdnoticias.com\/wp-content\/uploads\/2023\/03\/matias-verna-pabellon-literarioi-02-scaled.jpg?resize=800%2C445&amp;ssl=1 800w, https:\/\/i0.wp.com\/cdnoticias.com\/wp-content\/uploads\/2023\/03\/matias-verna-pabellon-literarioi-02-scaled.jpg?w=1600&amp;ssl=1 1600w, https:\/\/i0.wp.com\/cdnoticias.com\/wp-content\/uploads\/2023\/03\/matias-verna-pabellon-literarioi-02-scaled.jpg?w=2400&amp;ssl=1 2400w\" sizes=\"auto, (max-width: 800px) 100vw, 800px\" \/><\/p>\n<p>&nbsp;<\/p>\n<p><strong>Tener algo para decir <\/strong><\/p>\n<p>&nbsp;<\/p>\n<p>Respecto a los textos y autores seleccionados para el taller, Verna destac\u00f3 que \u201cempezamos a <strong>trabajar las emociones<\/strong>, a veces uno est\u00e1 en el encierro y <strong>tiene muchas cosas para decir y no las dicen<\/strong>. El taller arranc\u00f3 en octubre y nos vino muy bien el tema del <strong>Mundial<\/strong> porque muchos jugadores de la Selecci\u00f3n tienen sus historias que tambi\u00e9n son heavy pero eligieron la perseverancia, el apoyo de la familia\u201d.<\/p>\n<p>&nbsp;<\/p>\n<p>A partir de esta identificaci\u00f3n con las historias personales de los jugadores de la Selecci\u00f3n Argentina y con las propuestas de los talleristas, los asistentes <strong>\u201cvieron que ellos tambi\u00e9n ten\u00edan algo para contar, de d\u00f3nde vienen, qui\u00e9nes son\u201d.<\/strong><\/p>\n<p>&nbsp;<\/p>\n<p>El taller que coordina cuenta con la participaci\u00f3n de <strong>80 internos.<\/strong> \u201cHay un compromiso impresionante. Es mostrarles que hay otra cosa, que tambi\u00e9n se puede pedir perd\u00f3n, que no todo es culpa, que hay actos buenos\u201d, afirm\u00f3 Verna.<\/p>\n<p>&nbsp;<\/p>\n<p><img data-recalc-dims=\"1\" loading=\"lazy\" decoding=\"async\" class=\"aligncenter size-full wp-image-80029\" src=\"https:\/\/i0.wp.com\/cdnoticias.com\/wp-content\/uploads\/2023\/03\/matias-verna-pabellon-literarioi-03-scaled.jpg?resize=800%2C445&#038;ssl=1\" alt=\"\" width=\"800\" height=\"445\" srcset=\"https:\/\/i0.wp.com\/cdnoticias.com\/wp-content\/uploads\/2023\/03\/matias-verna-pabellon-literarioi-03-scaled.jpg?w=2560&amp;ssl=1 2560w, https:\/\/i0.wp.com\/cdnoticias.com\/wp-content\/uploads\/2023\/03\/matias-verna-pabellon-literarioi-03-scaled.jpg?resize=300%2C167&amp;ssl=1 300w, https:\/\/i0.wp.com\/cdnoticias.com\/wp-content\/uploads\/2023\/03\/matias-verna-pabellon-literarioi-03-scaled.jpg?resize=1024%2C570&amp;ssl=1 1024w, https:\/\/i0.wp.com\/cdnoticias.com\/wp-content\/uploads\/2023\/03\/matias-verna-pabellon-literarioi-03-scaled.jpg?resize=768%2C427&amp;ssl=1 768w, https:\/\/i0.wp.com\/cdnoticias.com\/wp-content\/uploads\/2023\/03\/matias-verna-pabellon-literarioi-03-scaled.jpg?resize=1536%2C854&amp;ssl=1 1536w, https:\/\/i0.wp.com\/cdnoticias.com\/wp-content\/uploads\/2023\/03\/matias-verna-pabellon-literarioi-03-scaled.jpg?resize=2048%2C1139&amp;ssl=1 2048w, https:\/\/i0.wp.com\/cdnoticias.com\/wp-content\/uploads\/2023\/03\/matias-verna-pabellon-literarioi-03-scaled.jpg?resize=800%2C445&amp;ssl=1 800w, https:\/\/i0.wp.com\/cdnoticias.com\/wp-content\/uploads\/2023\/03\/matias-verna-pabellon-literarioi-03-scaled.jpg?w=1600&amp;ssl=1 1600w, https:\/\/i0.wp.com\/cdnoticias.com\/wp-content\/uploads\/2023\/03\/matias-verna-pabellon-literarioi-03-scaled.jpg?w=2400&amp;ssl=1 2400w\" sizes=\"auto, (max-width: 800px) 100vw, 800px\" \/><\/p>\n<p>&nbsp;<\/p>\n<blockquote><p>\u201cUna vez me dijeron nosotros no somos presos, nosotros estamos presos. Est\u00e1 bueno que ellos sepan que no es una condena de por vida, que esto es una penitencia y tienen que cumplirla. Despu\u00e9s a remarla y nosotros a darles las herramientas para que no se frustren porque sal\u00eds en libertad y de van a decir 10 mil veces que no\u201d, expres\u00f3 el docente.<\/p><\/blockquote>\n<p>&nbsp;<\/p>\n<p>Por \u00faltimo, enfatiz\u00f3 que \u201capuesto mucho a esto, apuesto un mont\u00f3n, apuesto a que estos talleres literarios si en alg\u00fan momento cambia la gesti\u00f3n <strong>se contin\u00faen<\/strong> porque se generan cosas maravillosas\u201d.<\/p>\n<p>&nbsp;<\/p>\n<p>\u201cComo experiencia me parecen fabulosos, creo que sirven. <strong>Los cambios que veo con el poquito transcurso que lleva el taller son impresionantes<\/strong>\u201d, agreg\u00f3.<\/p>\n<p>&nbsp;<\/p>\n<p>Mat\u00edas Verna cumpli\u00f3 44 a\u00f1os en febrero. En mayo ser\u00e1n 20 los a\u00f1os transcurridos en el Servicio Penitenciario. Tal vez, el mejor regalo fue la frase que un interno logr\u00f3 despu\u00e9s de tratar de entender la construcci\u00f3n de una met\u00e1fora: <strong>\u201cel sol como la sidra de Navidad\u201d<\/strong>. Antes de salir en libertad, esa persona lo busc\u00f3 y le record\u00f3 el momento.<\/p>\n","protected":false},"excerpt":{"rendered":"<p>Mat\u00edas Verna coordina el Pabell\u00f3n 12 que funciona en la Unidad N\u00b038 de Sierra Chica. Cerca de 80 internos participan<\/p>\n","protected":false},"author":5,"featured_media":80027,"comment_status":"closed","ping_status":"closed","sticky":false,"template":"","format":"standard","meta":{"_jetpack_memberships_contains_paid_content":false,"footnotes":""},"categories":[5,1],"tags":[],"class_list":["post-80030","post","type-post","status-publish","format-standard","has-post-thumbnail","hentry","category-informacion-general","category-portada"],"jetpack_featured_media_url":"https:\/\/i0.wp.com\/cdnoticias.com\/wp-content\/uploads\/2023\/03\/matias-verna-pabellon-literarioi-01-scaled.jpg?fit=2560%2C1424&ssl=1","jetpack_sharing_enabled":true,"_links":{"self":[{"href":"https:\/\/cdnoticias.com\/index.php\/wp-json\/wp\/v2\/posts\/80030","targetHints":{"allow":["GET"]}}],"collection":[{"href":"https:\/\/cdnoticias.com\/index.php\/wp-json\/wp\/v2\/posts"}],"about":[{"href":"https:\/\/cdnoticias.com\/index.php\/wp-json\/wp\/v2\/types\/post"}],"author":[{"embeddable":true,"href":"https:\/\/cdnoticias.com\/index.php\/wp-json\/wp\/v2\/users\/5"}],"replies":[{"embeddable":true,"href":"https:\/\/cdnoticias.com\/index.php\/wp-json\/wp\/v2\/comments?post=80030"}],"version-history":[{"count":0,"href":"https:\/\/cdnoticias.com\/index.php\/wp-json\/wp\/v2\/posts\/80030\/revisions"}],"wp:featuredmedia":[{"embeddable":true,"href":"https:\/\/cdnoticias.com\/index.php\/wp-json\/wp\/v2\/media\/80027"}],"wp:attachment":[{"href":"https:\/\/cdnoticias.com\/index.php\/wp-json\/wp\/v2\/media?parent=80030"}],"wp:term":[{"taxonomy":"category","embeddable":true,"href":"https:\/\/cdnoticias.com\/index.php\/wp-json\/wp\/v2\/categories?post=80030"},{"taxonomy":"post_tag","embeddable":true,"href":"https:\/\/cdnoticias.com\/index.php\/wp-json\/wp\/v2\/tags?post=80030"}],"curies":[{"name":"wp","href":"https:\/\/api.w.org\/{rel}","templated":true}]}}