{"id":80020,"date":"2023-03-19T10:07:30","date_gmt":"2023-03-19T13:07:30","guid":{"rendered":"https:\/\/www.centraldenoticias.com.ar\/?p=80020"},"modified":"2023-03-19T10:08:10","modified_gmt":"2023-03-19T13:08:10","slug":"larreta-en-tandil-hay-que-eliminar-las-retenciones-a-los-productos-regionales","status":"publish","type":"post","link":"https:\/\/cdnoticias.com\/index.php\/2023\/03\/19\/larreta-en-tandil-hay-que-eliminar-las-retenciones-a-los-productos-regionales\/","title":{"rendered":"Larreta en Tandil: \u201cHay que eliminar las retenciones a los productos regionales\u201d"},"content":{"rendered":"<p>As\u00ed lo indic\u00f3 el jefe de Gobierno de la Ciudad de Buenos Aires y precandidato a presidente de Juntos por el Cambio en un recorrido por el municipio bonaerense.<!--more--><\/p>\n<hr \/>\n<p>El jefe de Gobierno de la Ciudad de Buenos Aires y precandidato a presidente de Juntos por el Cambio, Horacio Rodr\u00edguez Larreta, recorri\u00f3 este s\u00e1bado el municipio bonaerense de Tandil junto al concejal del PRO local, Juan Manazonni.<\/p>\n<p>Al llegar, Rodr\u00edguez Larreta dialog\u00f3 con la prensa y sostuvo que <strong>\u201chay que eliminar las retenciones a los productos regionales porque no tienen ning\u00fan sentido\u201d. \u201cS\u00f3lo generan trabas y complicaciones\u201d<\/strong>, agreg\u00f3.<\/p>\n<p>Adem\u00e1s, asegur\u00f3 que va a <strong>\u201cbajar la inflaci\u00f3n\u201d<\/strong> con un plan de desarrollo: \u201cVamos a producir m\u00e1s, a generar trabajo, a exportar m\u00e1s y, en ese marco, vamos a bajar la inflaci\u00f3n, pero no como una cosa aislada\u201d.<\/p>\n<p>Consultado por el rumbo que le dar\u00eda al pa\u00eds si fuera Presidente y qu\u00e9 sectores de la econom\u00eda impulsar\u00eda, detall\u00f3: \u201cPrimero, <strong>la energ\u00eda<\/strong>, porque tenemos el segundo yacimiento de hidrocarburos no convencionales m\u00e1s grandes del mundo en Vaca Muerta; segundo, <strong>la miner\u00eda responsable<\/strong>; tercero, <strong>los alimentos<\/strong> de la provincia de Buenos Aires; cuarto, <strong>el turismo<\/strong>; y quinto, las <strong>industrias tecnol\u00f3gicas<\/strong>. Tenemos que tener una pol\u00edtica muy desarrollista\u201d.<\/p>\n<p>Asimismo, dijo que \u201chay que terminar con las peleas y con pensar que el que no piensa como yo es mi enemigo\u201d y se comprometi\u00f3 a dialogar con todos los que sean electos por la gente. \u201cTenemos que romper con la din\u00e1mica de la agresi\u00f3n y el insulto. Los pa\u00edses que se han desarrollado no funcionan as\u00ed. <strong>Tenemos que buscar la unidad, un proyecto com\u00fan<\/strong>\u201d, afirm\u00f3.<\/p>\n<p>El mandatario tambi\u00e9n habl\u00f3 de las elecciones <strong>Primarias, Abiertas y Obligatorias (PASO)<\/strong> y se\u00f1al\u00f3 que \u201cmanejadas responsablemente, sin agravios, sin grietas, es el mejor sistema porque elige la gente\u201d.<\/p>\n<p>Sobre el funcionamiento de la <strong>Justicia<\/strong> opin\u00f3: \u201cA la Justicia la tenemos que dejar trabajar independientemente. Lo que hizo el Presidente el otro d\u00eda en el Congreso es un atentado a la divisi\u00f3n de poderes. Desde el Ejecutivo uno puede agilizar nombramientos en los lugares en los que hacen falta, como Rosario, pero no ponernos a cuestionar los fallos\u201d.<\/p>\n<p>&nbsp;<\/p>\n<p><img data-recalc-dims=\"1\" loading=\"lazy\" decoding=\"async\" class=\"alignnone size-large wp-image-80021\" src=\"https:\/\/i0.wp.com\/cdnoticias.com\/wp-content\/uploads\/2023\/03\/WhatsApp-Image-2023-03-18-at-17.52.35-1.jpeg?resize=800%2C533&#038;ssl=1\" alt=\"\" width=\"800\" height=\"533\" srcset=\"https:\/\/i0.wp.com\/cdnoticias.com\/wp-content\/uploads\/2023\/03\/WhatsApp-Image-2023-03-18-at-17.52.35-1.jpeg?resize=1024%2C682&amp;ssl=1 1024w, https:\/\/i0.wp.com\/cdnoticias.com\/wp-content\/uploads\/2023\/03\/WhatsApp-Image-2023-03-18-at-17.52.35-1.jpeg?resize=300%2C200&amp;ssl=1 300w, https:\/\/i0.wp.com\/cdnoticias.com\/wp-content\/uploads\/2023\/03\/WhatsApp-Image-2023-03-18-at-17.52.35-1.jpeg?resize=768%2C512&amp;ssl=1 768w, https:\/\/i0.wp.com\/cdnoticias.com\/wp-content\/uploads\/2023\/03\/WhatsApp-Image-2023-03-18-at-17.52.35-1.jpeg?resize=1536%2C1023&amp;ssl=1 1536w, https:\/\/i0.wp.com\/cdnoticias.com\/wp-content\/uploads\/2023\/03\/WhatsApp-Image-2023-03-18-at-17.52.35-1.jpeg?resize=272%2C182&amp;ssl=1 272w, https:\/\/i0.wp.com\/cdnoticias.com\/wp-content\/uploads\/2023\/03\/WhatsApp-Image-2023-03-18-at-17.52.35-1.jpeg?w=1600&amp;ssl=1 1600w\" sizes=\"auto, (max-width: 800px) 100vw, 800px\" \/><\/p>\n<p>En cuanto a la<strong> problem\u00e1tica narco<\/strong> fue contundente: <strong>\u201cVamos a combatir a fondo la inseguridad como lo he hecho en la Ciudad de Buenos Aires. Vamos a dar la batalla a fondo contra los narcos\u201d<\/strong>. En este sentido, adelant\u00f3 que <strong>mandar\u00e1 a las Fuerzas Armadas a las fronteras<\/strong> para liberar a los gendarmes y enviarlos a las zonas calientes de la droga. Tambi\u00e9n, que es necesario ocupar los juzgados y tener c\u00e1rceles de m\u00e1xima seguridad aisladas para los capos narcos e iniciar un trabajo de fondo y m\u00e1s duradero que es fortalecer a la polic\u00eda. \u201cNo puede ser que desde la c\u00e1rcel con un tel\u00e9fono celular manden a un sicario a matar a una persona\u201d, expres\u00f3.<\/p>\n<p>Sobre los <strong>cortes de energ\u00eda<\/strong> sostuvo que \u201ces grav\u00edsimo que no se pueda solucionar\u201d y que la situaci\u00f3n fue causada por \u201cdesidia, falta de inversi\u00f3n y falta de una pol\u00edtica energ\u00e9tica por parte del Gobierno\u201d. <strong>El mandatario confirm\u00f3 que ayer hizo una denuncia penal contra la empresa Edesur<\/strong> porque \u201cuna cosa es que tengas un corte un rato y otra que no tengas servicio por una semana\u201d y detall\u00f3 la asistencia que se est\u00e1 brindando desde la Ciudad: \u201cHemos puesto generadores a los lugares sensibles como hospitales, centros de salud, hogares de ancianos, atenci\u00f3n de electro dependientes. Llevamos agua a quienes no pueden bajar, tenemos cisternas que recorren la ciudad todo el d\u00eda y ofrecemos a la gente lugar en hoteles\u201d.<\/p>\n<p>M\u00e1s tarde, el precandidato camin\u00f3 por una zona de negocios para <strong>conversar con comerciantes y luego comparti\u00f3 un caf\u00e9 con vecinos<\/strong> para interiorizarse sobre las problem\u00e1ticas de la zona e intercambiar ideas de mejora.<\/p>\n<p>Por la tarde, estuvo en <strong>Ayacucho<\/strong> junto al diputado por la provincia de Buenos Aires, <strong>Diego Santilli<\/strong>, donde particip\u00f3 de la doma en la <strong>Fiesta Nacional del Ternero.<\/strong><\/p>\n","protected":false},"excerpt":{"rendered":"<p>As\u00ed lo indic\u00f3 el jefe de Gobierno de la Ciudad de Buenos Aires y precandidato a presidente de Juntos por<\/p>\n","protected":false},"author":2,"featured_media":80022,"comment_status":"closed","ping_status":"closed","sticky":false,"template":"","format":"standard","meta":{"_jetpack_memberships_contains_paid_content":false,"footnotes":""},"categories":[6,1],"tags":[],"class_list":["post-80020","post","type-post","status-publish","format-standard","has-post-thumbnail","hentry","category-nacionales","category-portada"],"jetpack_featured_media_url":"https:\/\/i0.wp.com\/cdnoticias.com\/wp-content\/uploads\/2023\/03\/WhatsApp-Image-2023-03-18-at-17.52.35.jpeg?fit=1600%2C1066&ssl=1","jetpack_sharing_enabled":true,"_links":{"self":[{"href":"https:\/\/cdnoticias.com\/index.php\/wp-json\/wp\/v2\/posts\/80020","targetHints":{"allow":["GET"]}}],"collection":[{"href":"https:\/\/cdnoticias.com\/index.php\/wp-json\/wp\/v2\/posts"}],"about":[{"href":"https:\/\/cdnoticias.com\/index.php\/wp-json\/wp\/v2\/types\/post"}],"author":[{"embeddable":true,"href":"https:\/\/cdnoticias.com\/index.php\/wp-json\/wp\/v2\/users\/2"}],"replies":[{"embeddable":true,"href":"https:\/\/cdnoticias.com\/index.php\/wp-json\/wp\/v2\/comments?post=80020"}],"version-history":[{"count":0,"href":"https:\/\/cdnoticias.com\/index.php\/wp-json\/wp\/v2\/posts\/80020\/revisions"}],"wp:featuredmedia":[{"embeddable":true,"href":"https:\/\/cdnoticias.com\/index.php\/wp-json\/wp\/v2\/media\/80022"}],"wp:attachment":[{"href":"https:\/\/cdnoticias.com\/index.php\/wp-json\/wp\/v2\/media?parent=80020"}],"wp:term":[{"taxonomy":"category","embeddable":true,"href":"https:\/\/cdnoticias.com\/index.php\/wp-json\/wp\/v2\/categories?post=80020"},{"taxonomy":"post_tag","embeddable":true,"href":"https:\/\/cdnoticias.com\/index.php\/wp-json\/wp\/v2\/tags?post=80020"}],"curies":[{"name":"wp","href":"https:\/\/api.w.org\/{rel}","templated":true}]}}