{"id":79992,"date":"2023-03-18T17:33:08","date_gmt":"2023-03-18T20:33:08","guid":{"rendered":"https:\/\/www.centraldenoticias.com.ar\/?p=79992"},"modified":"2023-03-18T17:33:08","modified_gmt":"2023-03-18T20:33:08","slug":"conmocion-en-bolivar-por-el-femicidio-de-una-mujer-de-68-anos","status":"publish","type":"post","link":"https:\/\/cdnoticias.com\/index.php\/2023\/03\/18\/conmocion-en-bolivar-por-el-femicidio-de-una-mujer-de-68-anos\/","title":{"rendered":"Conmoci\u00f3n en Bol\u00edvar por el femicidio de una mujer de 68 a\u00f1os"},"content":{"rendered":"<p>Graciela Chavez muri\u00f3 este viernes luego de estar internada desde el pasado domingo luego de ser atacada a golpes por su ex pareja, que est\u00e1 detenida. Hubo movilizaciones en pedido de Justicia. <!--more--><\/p>\n<hr \/>\n<p>La ciudad de Bol\u00edvar est\u00e1 sacudida por el <strong>femicidio de Graciela Chaves, una mujer de 68 a\u00f1os que desde el domingo 12 de marzo permanec\u00eda internada tras ser atacada a golpes en su vivienda de la ciudad de Bol\u00edvar<\/strong> y que termin\u00f3 falleciendo en las \u00faltimas horas. <strong>Por el crimen est\u00e1 detenido su exmarido, mientras que se realizaron marchas en la localidad bonaerense en pedido de justicia y contra la violencia de g\u00e9nero.<\/strong><\/p>\n<p>&nbsp;<\/p>\n<blockquote><p>La mujer falleci\u00f3 en el sanatorio G\u00fcemes de la Ciudad de Buenos Aires, donde hab\u00eda sido trasladada para ser atendida por las graves heridas que recibi\u00f3.<\/p><\/blockquote>\n<p>&nbsp;<\/p>\n<p>Seg\u00fan detallaron medios de la vecina ciudad, la mujer fue encontrada por su hija. Luego de la golpiza, hab\u00eda tratado de levantarse y salir a la vereda para pedir auxilio. <strong>Cuando entre otras personas intentaron reanimarla vieron a su exmarido, Te\u00f3filo D\u00edaz (73), que intentaba escapar, y fue aprehendido por la Polic\u00eda.<\/strong><\/p>\n<p>&nbsp;<\/p>\n<p>En poder del hombre estaba el tel\u00e9fono de su v\u00edctima y<strong> se comprob\u00f3 que en el figuraban mensajes que se intercambiaban Chaves y D\u00edaz donde daban cuenta de que hab\u00edan retomado su relaci\u00f3n, no obstante las denuncias previas que el asesino ten\u00eda por violencia de g\u00e9nero.<\/strong><\/p>\n<p>&nbsp;<\/p>\n<p>La mujer, que ten\u00eda golpes en el rostro y en todo su cuerpo, de inmediato fue trasladada al hospital Miguel Capredoni. <strong>All\u00ed fue internada en la Unidad de Terapia Intensiva y luego derivada al sanatorio porte\u00f1o, donde falleci\u00f3 en la madrugada del viernes.<\/strong><\/p>\n<p>&nbsp;<\/p>\n<p>D\u00edaz qued\u00f3 detenido por \u201ctentativa de femicidio\u201d en ese momento. Tras el deceso de la mujer, <strong>el acusado fue imputado por la fiscal Julia Sebasti\u00e1n, a cargo de la Unidad Funcional de Instrucci\u00f3n (UFI) 15 descentralizada en Bol\u00edvar, por el delito de \u201chomicidio doblemente calificado por el v\u00ednculo y por ser cometido por un hombre contra una mujer en contexto de violencia de g\u00e9nero\u201d<\/strong>, que prev\u00e9 prisi\u00f3n perpetua.<\/p>\n<p>&nbsp;<\/p>\n<p>Tras conocerse la muerte de Graciela<strong> hubo una marcha por la ciudad en pedido de justicia y contra la violencia de g\u00e9nero, que pas\u00f3 por la Fiscal\u00eda local y la Comisar\u00eda<\/strong>. El martes, a pocas horas de la agresi\u00f3n, ya se hab\u00eda realizado otra movilizaci\u00f3n similar.<\/p>\n<p>&nbsp;<\/p>\n<p><em>(Fotos e informaci\u00f3n: Gentileza La Ma\u00f1ana de Bol\u00edvar)<\/em><\/p>\n","protected":false},"excerpt":{"rendered":"<p>Graciela Chavez muri\u00f3 este viernes luego de estar internada desde el pasado domingo luego de ser atacada a golpes por<\/p>\n","protected":false},"author":2,"featured_media":79993,"comment_status":"closed","ping_status":"closed","sticky":false,"template":"","format":"standard","meta":{"_jetpack_memberships_contains_paid_content":false,"footnotes":""},"categories":[14,1],"tags":[],"class_list":["post-79992","post","type-post","status-publish","format-standard","has-post-thumbnail","hentry","category-policiales","category-portada"],"jetpack_featured_media_url":"https:\/\/i0.wp.com\/cdnoticias.com\/wp-content\/uploads\/2023\/03\/femicidio-bolivar.jpg?fit=562%2C417&ssl=1","jetpack_sharing_enabled":true,"_links":{"self":[{"href":"https:\/\/cdnoticias.com\/index.php\/wp-json\/wp\/v2\/posts\/79992","targetHints":{"allow":["GET"]}}],"collection":[{"href":"https:\/\/cdnoticias.com\/index.php\/wp-json\/wp\/v2\/posts"}],"about":[{"href":"https:\/\/cdnoticias.com\/index.php\/wp-json\/wp\/v2\/types\/post"}],"author":[{"embeddable":true,"href":"https:\/\/cdnoticias.com\/index.php\/wp-json\/wp\/v2\/users\/2"}],"replies":[{"embeddable":true,"href":"https:\/\/cdnoticias.com\/index.php\/wp-json\/wp\/v2\/comments?post=79992"}],"version-history":[{"count":0,"href":"https:\/\/cdnoticias.com\/index.php\/wp-json\/wp\/v2\/posts\/79992\/revisions"}],"wp:featuredmedia":[{"embeddable":true,"href":"https:\/\/cdnoticias.com\/index.php\/wp-json\/wp\/v2\/media\/79993"}],"wp:attachment":[{"href":"https:\/\/cdnoticias.com\/index.php\/wp-json\/wp\/v2\/media?parent=79992"}],"wp:term":[{"taxonomy":"category","embeddable":true,"href":"https:\/\/cdnoticias.com\/index.php\/wp-json\/wp\/v2\/categories?post=79992"},{"taxonomy":"post_tag","embeddable":true,"href":"https:\/\/cdnoticias.com\/index.php\/wp-json\/wp\/v2\/tags?post=79992"}],"curies":[{"name":"wp","href":"https:\/\/api.w.org\/{rel}","templated":true}]}}