{"id":79978,"date":"2023-03-18T12:40:57","date_gmt":"2023-03-18T15:40:57","guid":{"rendered":"https:\/\/www.centraldenoticias.com.ar\/?p=79978"},"modified":"2023-03-18T12:40:57","modified_gmt":"2023-03-18T15:40:57","slug":"se-realizo-en-olavarria-el-foro-regional-sobre-la-nueva-ley-provincial-de-juventudes","status":"publish","type":"post","link":"https:\/\/cdnoticias.com\/index.php\/2023\/03\/18\/se-realizo-en-olavarria-el-foro-regional-sobre-la-nueva-ley-provincial-de-juventudes\/","title":{"rendered":"Se realiz\u00f3 en Olavarr\u00eda el Foro regional sobre la nueva Ley Provincial de Juventudes"},"content":{"rendered":"<p>Fue encabezado por la directora de Juventudes bonaerense, Ayel\u00e9n L\u00f3pez, el director de ANSES, Maximiliano Wesner, y el diputado Provincial, C\u00e9sar Valicenti. Se debatieron los lineamientos de la Ley de Juventudes que impulsa el gobierno provincial.<!--more--><\/p>\n<hr \/>\n<p>Este viernes por la tarde, <strong>se realiz\u00f3 en el sal\u00f3n del CECO el Foro regional sobre la nueva Ley Provincial de Juventudes<\/strong>. Con la participaci\u00f3n de la directora de Juventudes bonaerense, Ayel\u00e9n L\u00f3pez y dirigentes de Olavarr\u00eda<strong>, la intenci\u00f3n fue debatir los lineamientos de la Ley de Juventudes que impulsa la gesti\u00f3n Kicillof.<\/strong><\/p>\n<p>&nbsp;<\/p>\n<p>Participaron, tambi\u00e9n, el director de Anses, Maximiliano Wesner y el diputado provincial C\u00e9sar Valicenti, adem\u00e1s de concejales, funcionarios y referentes del Frente de Todos local.<\/p>\n<p>La jornada forma parte de una <strong>convocatoria amplia, participativa y democr\u00e1tica que busca <em>\u201cconstituir espacios de debate para la creaci\u00f3n de un marco legislativo integral, de promoci\u00f3n, protecci\u00f3n y acompa\u00f1amiento para las y los j\u00f3venes bonaerenses\u201d.<\/em><\/strong><\/p>\n<p>En la apertura del Foro, Maximiliano Wesner agradeci\u00f3 <em>\u201ca todos los j\u00f3venes que se acercaron para poder nutrir este pre\u00e1mbulo del proyecto de ley que ser\u00e1 integral y transversal para que los j\u00f3venes se sientan protegidos y part\u00edcipes de sus sue\u00f1os. Siempre dicen que los j\u00f3venes son el futuro, pero para nosotros son el presente, por eso celebro esta jornada y que hoy est\u00e9n ac\u00e1&#8221;.<\/em><\/p>\n<p>&nbsp;<\/p>\n<p><img data-recalc-dims=\"1\" loading=\"lazy\" decoding=\"async\" class=\"alignnone size-large wp-image-79979\" src=\"https:\/\/i0.wp.com\/cdnoticias.com\/wp-content\/uploads\/2023\/03\/WhatsApp-Image-2023-03-18-at-12.28.20.jpeg?resize=800%2C533&#038;ssl=1\" alt=\"\" width=\"800\" height=\"533\" srcset=\"https:\/\/i0.wp.com\/cdnoticias.com\/wp-content\/uploads\/2023\/03\/WhatsApp-Image-2023-03-18-at-12.28.20.jpeg?resize=1024%2C682&amp;ssl=1 1024w, https:\/\/i0.wp.com\/cdnoticias.com\/wp-content\/uploads\/2023\/03\/WhatsApp-Image-2023-03-18-at-12.28.20.jpeg?resize=300%2C200&amp;ssl=1 300w, https:\/\/i0.wp.com\/cdnoticias.com\/wp-content\/uploads\/2023\/03\/WhatsApp-Image-2023-03-18-at-12.28.20.jpeg?resize=768%2C512&amp;ssl=1 768w, https:\/\/i0.wp.com\/cdnoticias.com\/wp-content\/uploads\/2023\/03\/WhatsApp-Image-2023-03-18-at-12.28.20.jpeg?resize=1536%2C1023&amp;ssl=1 1536w, https:\/\/i0.wp.com\/cdnoticias.com\/wp-content\/uploads\/2023\/03\/WhatsApp-Image-2023-03-18-at-12.28.20.jpeg?resize=272%2C182&amp;ssl=1 272w, https:\/\/i0.wp.com\/cdnoticias.com\/wp-content\/uploads\/2023\/03\/WhatsApp-Image-2023-03-18-at-12.28.20.jpeg?w=1600&amp;ssl=1 1600w\" sizes=\"auto, (max-width: 800px) 100vw, 800px\" \/><\/p>\n<p>La titular del \u00e1rea, Ayel\u00e9n L\u00f3pez, manifest\u00f3:<em> &#8220;Hay que pensar pol\u00edticas p\u00fablicas diferenciadas para los y las pibes del interior bonaerense. Estamos escribiendo una Ley de Juventudes que busca proteger derechos por Ley. <strong>Hay adultos que se quedaron en la prehistoria y piensan que los j\u00f3venes no nos podemos organizar y luchar por nuestros derechos<\/strong>&#8220;.<\/em><\/p>\n<p>Del encuentro participaron j\u00f3venes de General Alvear, Azul, Bol\u00edvar, 25 de Mayo, Tapalqu\u00e9, Olavarr\u00eda y Saladillo. Los participantes se dividieron en<strong> tres comisiones que abordaron tem\u00e1ticas vinculadas a la nocturnidad, pol\u00edticas p\u00fablicas faltantes y protecci\u00f3n de algunas existentes y formas de organizaci\u00f3n estudiantil.<\/strong><\/p>\n<p>La directora de Juventudes de 25 de Mayo, Cintia Passarini, asegur\u00f3:<em> &#8220;Si no le damos lugar a las juventudes estamos perdidos como pueblo. Tenemos muchos chicos que viven en localidades rurales y debemos pensar con ustedes que haremos para incluirlas&#8221;.<\/em><\/p>\n<p>&nbsp;<\/p>\n<p><img data-recalc-dims=\"1\" loading=\"lazy\" decoding=\"async\" class=\"alignnone size-large wp-image-79981\" src=\"https:\/\/i0.wp.com\/cdnoticias.com\/wp-content\/uploads\/2023\/03\/WhatsApp-Image-2023-03-18-at-12.28.05.jpeg?resize=800%2C533&#038;ssl=1\" alt=\"\" width=\"800\" height=\"533\" srcset=\"https:\/\/i0.wp.com\/cdnoticias.com\/wp-content\/uploads\/2023\/03\/WhatsApp-Image-2023-03-18-at-12.28.05.jpeg?resize=1024%2C682&amp;ssl=1 1024w, https:\/\/i0.wp.com\/cdnoticias.com\/wp-content\/uploads\/2023\/03\/WhatsApp-Image-2023-03-18-at-12.28.05.jpeg?resize=300%2C200&amp;ssl=1 300w, https:\/\/i0.wp.com\/cdnoticias.com\/wp-content\/uploads\/2023\/03\/WhatsApp-Image-2023-03-18-at-12.28.05.jpeg?resize=768%2C512&amp;ssl=1 768w, https:\/\/i0.wp.com\/cdnoticias.com\/wp-content\/uploads\/2023\/03\/WhatsApp-Image-2023-03-18-at-12.28.05.jpeg?resize=1536%2C1023&amp;ssl=1 1536w, https:\/\/i0.wp.com\/cdnoticias.com\/wp-content\/uploads\/2023\/03\/WhatsApp-Image-2023-03-18-at-12.28.05.jpeg?resize=272%2C182&amp;ssl=1 272w, https:\/\/i0.wp.com\/cdnoticias.com\/wp-content\/uploads\/2023\/03\/WhatsApp-Image-2023-03-18-at-12.28.05.jpeg?w=1600&amp;ssl=1 1600w\" sizes=\"auto, (max-width: 800px) 100vw, 800px\" \/><\/p>\n<blockquote>\n<p>&#8220;Necesitamos esta ley porque despu\u00e9s viene alguien que le antoja borrar por decreto el programa Envi\u00f3n que contiene a muchos j\u00f3venes y talleristas. Aprovechen este espacio para pensar que quieren, no desde lo individual sino desde la libertad que da encontrarse con el otro&#8221;, apunt\u00f3.<\/p><\/blockquote>\n<p>A trav\u00e9s de esta iniciativa, se busca establecer<strong> l\u00edneas de acci\u00f3n para el abordaje de las problem\u00e1ticas que convocan a las y los j\u00f3venes como la protecci\u00f3n del programa Envi\u00f3n, de residencia universitarias y la ampliaci\u00f3n de pol\u00edticas p\u00fablicas que promuevan la cultura, los centros de estudiantes, la participaci\u00f3n popular y espacios de acompa\u00f1amiento integral para brindarle herramientas a nuestras juventudes.<\/strong><\/p>\n<p>Por su parte, el director de Pol\u00edticas Solidarias de la Direcci\u00f3n Provincial de Juventudes, Felipe Rinesi, coment\u00f3: <em>&#8220;Estos foros surgieron a partir de una propuesta del gobernador Axel Kicillof para poder pensar la mejor legislaci\u00f3n integral para las juventudes de la provincia de Buenos Aires&#8221;.<\/em><\/p>\n<blockquote>\n<p>&#8220;Queremos construir esta ley con distintos objetivos. Queremos jerarquizar las \u00e1reas de juventudes de cada municipio porque no puede ser que haya direcciones sin nadie a cargo ni pol\u00edticas activas porque al intendente no le interesa como lamentablemente sucede aqu\u00ed en Olavarr\u00eda&#8221;, advirti\u00f3.<\/p><\/blockquote>\n<p>Desde la <strong>Direcci\u00f3n de Juventudes se busca conformar un Estado que genere pisos de derechos, igualdad de oportunidad y acceso<\/strong>, es por ello que se convoca a la sociedad en su conjunto a discutir esta nueva propuesta de legislaci\u00f3n integral.<\/p>\n<p>Estuvieron presentes integrantes de espacios comunitarios, de la cultura, educativos y religiosos; organizaciones sociales y pol\u00edticas bonaerenses quienes compartieron compartir charlas y comisiones de trabajo. La jornada cerr\u00f3 con una merienda, juegos y una propuesta cultural.<\/p>\n","protected":false},"excerpt":{"rendered":"<p>Fue encabezado por la directora de Juventudes bonaerense, Ayel\u00e9n L\u00f3pez, el director de ANSES, Maximiliano Wesner, y el diputado Provincial,<\/p>\n","protected":false},"author":2,"featured_media":79980,"comment_status":"closed","ping_status":"closed","sticky":false,"template":"","format":"standard","meta":{"_jetpack_memberships_contains_paid_content":false,"footnotes":""},"categories":[4,1],"tags":[],"class_list":["post-79978","post","type-post","status-publish","format-standard","has-post-thumbnail","hentry","category-politica","category-portada"],"jetpack_featured_media_url":"https:\/\/i0.wp.com\/cdnoticias.com\/wp-content\/uploads\/2023\/03\/WhatsApp-Image-2023-03-18-at-12.28.13.jpeg?fit=1600%2C1066&ssl=1","jetpack_sharing_enabled":true,"_links":{"self":[{"href":"https:\/\/cdnoticias.com\/index.php\/wp-json\/wp\/v2\/posts\/79978","targetHints":{"allow":["GET"]}}],"collection":[{"href":"https:\/\/cdnoticias.com\/index.php\/wp-json\/wp\/v2\/posts"}],"about":[{"href":"https:\/\/cdnoticias.com\/index.php\/wp-json\/wp\/v2\/types\/post"}],"author":[{"embeddable":true,"href":"https:\/\/cdnoticias.com\/index.php\/wp-json\/wp\/v2\/users\/2"}],"replies":[{"embeddable":true,"href":"https:\/\/cdnoticias.com\/index.php\/wp-json\/wp\/v2\/comments?post=79978"}],"version-history":[{"count":0,"href":"https:\/\/cdnoticias.com\/index.php\/wp-json\/wp\/v2\/posts\/79978\/revisions"}],"wp:featuredmedia":[{"embeddable":true,"href":"https:\/\/cdnoticias.com\/index.php\/wp-json\/wp\/v2\/media\/79980"}],"wp:attachment":[{"href":"https:\/\/cdnoticias.com\/index.php\/wp-json\/wp\/v2\/media?parent=79978"}],"wp:term":[{"taxonomy":"category","embeddable":true,"href":"https:\/\/cdnoticias.com\/index.php\/wp-json\/wp\/v2\/categories?post=79978"},{"taxonomy":"post_tag","embeddable":true,"href":"https:\/\/cdnoticias.com\/index.php\/wp-json\/wp\/v2\/tags?post=79978"}],"curies":[{"name":"wp","href":"https:\/\/api.w.org\/{rel}","templated":true}]}}