{"id":79889,"date":"2023-03-18T09:31:14","date_gmt":"2023-03-18T12:31:14","guid":{"rendered":"https:\/\/www.centraldenoticias.com.ar\/?p=79889"},"modified":"2023-03-18T09:34:41","modified_gmt":"2023-03-18T12:34:41","slug":"un-femicidio-es-un-femicidio-las-palabras-y-su-poder","status":"publish","type":"post","link":"https:\/\/cdnoticias.com\/index.php\/2023\/03\/18\/un-femicidio-es-un-femicidio-las-palabras-y-su-poder\/","title":{"rendered":"&#8220;Un femicidio es un femicidio: las palabras y su poder&#8221;"},"content":{"rendered":"<p>Grupos de investigaci\u00f3n de la Facultad de Sociales lanzaron un comunicado debido a las frases de la fiscal Paula Serrano en relaci\u00f3n al femicidio de Sof\u00eda Bel\u00e9n Vicente. <!--more--><\/p>\n<hr \/>\n<p>Luego de la conferencia de prensa realizada el pasado mi\u00e9rcoles sobre la <a href=\"https:\/\/cdnoticias.com\/index.php\/2023\/03\/15\/femicidio-de-sofia-vicente-se-dicto-la-detencion-para-el-profugo\/\" target=\"_blank\" rel=\"noopener\">actualidad de la investigaci\u00f3n por el femicidio de Sof\u00eda Vicente,<\/a> hubo <strong>repudios<\/strong> desde distintas partes de la sociedad ante la descripci\u00f3n del perfil de Sof\u00eda hecha por la fiscal Paula Serrano, quien expres\u00f3 que <strong><em>&#8220;Sof\u00eda era<\/em> una chica muy abierta, muy confianzuda, sal\u00eda a los bares tal vez sola\u201d.\u00a0<\/strong><\/p>\n<p>&nbsp;<\/p>\n<p>Es por esto, que distintos grupos de investigaci\u00f3n de la Facultad de Ciencias Sociales lanzaron un comunicado repudiando las frases de la fiscal.<\/p>\n<p>&nbsp;<\/p>\n<p><strong>El comunicado completo\u00a0<\/strong><\/p>\n<p><em>Con las palabras hacemos cosas. Entre esas cosas pensamos, creamos universos imaginarios y nos hacemos ideas sobre las sociedades y las personas. Nos preguntamos \u00bfCu\u00e1les ser\u00e1n las ideas que quedar\u00e1n en torno de la vida de Sof\u00eda Vicente? \u00bfQu\u00e9 leer\u00e1 de estos hechos la sociedad, su familia, sus allegades, sus amigues y, a futuro, su hijite? Resulta fuera de toda prescripci\u00f3n la emisi\u00f3n de juicios de valor en torno de su vida privada e \u00edntima. Es de peor magnitud cuando las alocuciones provienen del \u00e1mbito del Poder Judicial y cuando alguna funcionaria, extralimit\u00e1ndose en sus funciones, confunde una causa judicial con un juicio de valor sobre la persona; resulta inadmisible en el estado de derecho. Es inadmisible, adem\u00e1s, porque se trata de las voces &#8220;autorizadas&#8221; para opinar sobre lo sucedido, de las voces que resultan &#8220;cre\u00edbles&#8221; para una gran porci\u00f3n de la ciudadan\u00eda. Los innecesarios juicios de valor vinculados a pr\u00e1cticas consideradas &#8220;no permitidas&#8221; para las mujeres empeoran la situaci\u00f3n:<strong> confianzuda o no, dada o no, ir de bares sola o no, no hacen a la cuesti\u00f3n de fondo: un femicidio es un femicidio sin importar otras condiciones y cualidades de las personas.<\/strong> Se suma a esto los innecesarios comentarios en torno de las cuestiones de salud\/enfermedad por las que transitan las personas; adem\u00e1s, entendemos que los y las funcionarios\/as deben custodiar la informaci\u00f3n recabada no solamente a los efectos de esclarecer la verdad de lo sucedido sino, y fundamentalmente, para preservar el honor de la v\u00edctima. Las alocuciones hechas son de gravedad porque contribuyen a la construcci\u00f3n de lo que llamamos la &#8220;mala v\u00edctima&#8221;. No es oportuno hablar en referencia a la v\u00edctima: sus gustos, sus pr\u00e1cticas y sus relaciones sociales. No corresponde culpabilizar a la v\u00edctima porque en t\u00e9rminos discursivos opaca la violencia machista y patriarcal que opera de fondo. Tanto en el femicidio como en las inoportunas declaraciones vertidas sobre el mismo. Una reforma integral con perspectiva de g\u00e9nero en el poder judicial permitir\u00eda un discurso adecuado en los y las funcionarios\/as, sobre todo en aquelles que representan los intereses del pueblo y la v\u00edctima. Esperamos que la investigaci\u00f3n aborde todas las aristas a fin del esclarecimiento que no puede quedar velado por prejuicios. Justicia por Sof\u00eda Vicente.<\/em><\/p>\n<p>&nbsp;<\/p>\n<p>Avalan:<\/p>\n<p>Programa de investigaciones comunicacionales y sociales de la ciudad Intermedia (PROINCOMSCI); N\u00facleo regional de estudios socioculturales (NURES); Estudios de comunicaci\u00f3n, cultura y g\u00e9neros (ECCyGE); Programa Permanente de Estudios de la Mujer (PPEM); Estudios sobre sociedad, acceso a derechos y c\u00e1rceles (ESADyC); Programa de econom\u00eda social, solidaria y popular (PESSyP); Programa de Educaci\u00f3n en Contextos de Encierro (PECE), Estudios Socioculturales del conflicto (GESC); C\u00e1tedra libre: sexualidades, g\u00e9nero y Derechos Humanos (CLISGEDEH); Grupo de Trabajo Interdisciplinario CheSida (CHESIDA). Facultad de Ciencias Sociales\/UNICEN<\/p>\n","protected":false},"excerpt":{"rendered":"<p>Grupos de investigaci\u00f3n de la Facultad de Sociales lanzaron un comunicado debido a las frases de la fiscal Paula Serrano<\/p>\n","protected":false},"author":6,"featured_media":79284,"comment_status":"closed","ping_status":"closed","sticky":false,"template":"","format":"standard","meta":{"_jetpack_memberships_contains_paid_content":false,"footnotes":""},"categories":[3,1],"tags":[],"class_list":["post-79889","post","type-post","status-publish","format-standard","has-post-thumbnail","hentry","category-genero","category-portada"],"jetpack_featured_media_url":"https:\/\/i0.wp.com\/cdnoticias.com\/wp-content\/uploads\/2023\/03\/sofia-vicente-marcha-2.jpg?fit=800%2C445&ssl=1","jetpack_sharing_enabled":true,"_links":{"self":[{"href":"https:\/\/cdnoticias.com\/index.php\/wp-json\/wp\/v2\/posts\/79889","targetHints":{"allow":["GET"]}}],"collection":[{"href":"https:\/\/cdnoticias.com\/index.php\/wp-json\/wp\/v2\/posts"}],"about":[{"href":"https:\/\/cdnoticias.com\/index.php\/wp-json\/wp\/v2\/types\/post"}],"author":[{"embeddable":true,"href":"https:\/\/cdnoticias.com\/index.php\/wp-json\/wp\/v2\/users\/6"}],"replies":[{"embeddable":true,"href":"https:\/\/cdnoticias.com\/index.php\/wp-json\/wp\/v2\/comments?post=79889"}],"version-history":[{"count":0,"href":"https:\/\/cdnoticias.com\/index.php\/wp-json\/wp\/v2\/posts\/79889\/revisions"}],"wp:featuredmedia":[{"embeddable":true,"href":"https:\/\/cdnoticias.com\/index.php\/wp-json\/wp\/v2\/media\/79284"}],"wp:attachment":[{"href":"https:\/\/cdnoticias.com\/index.php\/wp-json\/wp\/v2\/media?parent=79889"}],"wp:term":[{"taxonomy":"category","embeddable":true,"href":"https:\/\/cdnoticias.com\/index.php\/wp-json\/wp\/v2\/categories?post=79889"},{"taxonomy":"post_tag","embeddable":true,"href":"https:\/\/cdnoticias.com\/index.php\/wp-json\/wp\/v2\/tags?post=79889"}],"curies":[{"name":"wp","href":"https:\/\/api.w.org\/{rel}","templated":true}]}}