{"id":79868,"date":"2023-03-17T16:34:27","date_gmt":"2023-03-17T19:34:27","guid":{"rendered":"https:\/\/www.centraldenoticias.com.ar\/?p=79868"},"modified":"2023-03-17T16:34:27","modified_gmt":"2023-03-17T19:34:27","slug":"roberto-landoni-deja-la-departamental-de-olavarria-y-asume-leandro-scavuzzo","status":"publish","type":"post","link":"https:\/\/cdnoticias.com\/index.php\/2023\/03\/17\/roberto-landoni-deja-la-departamental-de-olavarria-y-asume-leandro-scavuzzo\/","title":{"rendered":"Roberto Landoni deja la Departamental de Olavarr\u00eda y asume Leandro Scavuzzo"},"content":{"rendered":"<p>El Comisario que dej\u00f3 su cargo por pedido del Ministerio de Seguridad brindar\u00e1 funciones en la Superintendencia del interior Centro. <!--more--><\/p>\n<hr \/>\n<p>Luego de varios rumores y versiones que daban cuenta de su inminente salida,<strong> finalmente el Comisario Inspector Roberto Landoni fue desplazado de su cargo como titular de la Jefatura Departamental de Olavarr\u00eda y asumi\u00f3 el Comisario Leandro Scavuzzo.<\/strong><\/p>\n<p>&nbsp;<\/p>\n<blockquote><p>El acto de traspaso se dio en el mediod\u00eda de este viernes \u201cen cumplimiento de la orden del Ministerio de Seguridad de la Provincia de Buenos Aires en cuanto a la designaci\u00f3n de un nuevo titular para su conducci\u00f3n\u201d indicaron desde el \u00e1rea.<\/p><\/blockquote>\n<p>&nbsp;<\/p>\n<p>Participaron, adem\u00e1s de Landoni y su reemplazante Scavuzzo,<strong> el Comisario General Luis Humberto Castillo, quien es superintendente Seguridad Regional Interior Centro, el Subsecretario de Seguridad Municipal Mario Busto<\/strong> y todos los titulares de las distintas dependencias que conforman el partido de Olavarr\u00eda.<\/p>\n<p>&nbsp;<\/p>\n<p><strong>Scavuzzo, quien es nacido en la regi\u00f3n, pasar\u00e1 a ejercer su nueva funci\u00f3n desde este mismo viernes<\/strong>, en el marco de varios hechos de inseguridad en la ciudad y horas despu\u00e9s de la captura del segundo implicado en el femicidio de la joven Sof\u00eda Bel\u00e9n Vicente.<\/p>\n","protected":false},"excerpt":{"rendered":"<p>El Comisario que dej\u00f3 su cargo por pedido del Ministerio de Seguridad brindar\u00e1 funciones en la Superintendencia del interior Centro.<\/p>\n","protected":false},"author":2,"featured_media":79869,"comment_status":"closed","ping_status":"closed","sticky":false,"template":"","format":"standard","meta":{"_jetpack_memberships_contains_paid_content":false,"footnotes":""},"categories":[14,1],"tags":[],"class_list":["post-79868","post","type-post","status-publish","format-standard","has-post-thumbnail","hentry","category-policiales","category-portada"],"jetpack_featured_media_url":"https:\/\/i0.wp.com\/cdnoticias.com\/wp-content\/uploads\/2023\/03\/landoni.jpg?fit=1341%2C746&ssl=1","jetpack_sharing_enabled":true,"_links":{"self":[{"href":"https:\/\/cdnoticias.com\/index.php\/wp-json\/wp\/v2\/posts\/79868","targetHints":{"allow":["GET"]}}],"collection":[{"href":"https:\/\/cdnoticias.com\/index.php\/wp-json\/wp\/v2\/posts"}],"about":[{"href":"https:\/\/cdnoticias.com\/index.php\/wp-json\/wp\/v2\/types\/post"}],"author":[{"embeddable":true,"href":"https:\/\/cdnoticias.com\/index.php\/wp-json\/wp\/v2\/users\/2"}],"replies":[{"embeddable":true,"href":"https:\/\/cdnoticias.com\/index.php\/wp-json\/wp\/v2\/comments?post=79868"}],"version-history":[{"count":0,"href":"https:\/\/cdnoticias.com\/index.php\/wp-json\/wp\/v2\/posts\/79868\/revisions"}],"wp:featuredmedia":[{"embeddable":true,"href":"https:\/\/cdnoticias.com\/index.php\/wp-json\/wp\/v2\/media\/79869"}],"wp:attachment":[{"href":"https:\/\/cdnoticias.com\/index.php\/wp-json\/wp\/v2\/media?parent=79868"}],"wp:term":[{"taxonomy":"category","embeddable":true,"href":"https:\/\/cdnoticias.com\/index.php\/wp-json\/wp\/v2\/categories?post=79868"},{"taxonomy":"post_tag","embeddable":true,"href":"https:\/\/cdnoticias.com\/index.php\/wp-json\/wp\/v2\/tags?post=79868"}],"curies":[{"name":"wp","href":"https:\/\/api.w.org\/{rel}","templated":true}]}}