{"id":79865,"date":"2023-03-17T15:22:01","date_gmt":"2023-03-17T18:22:01","guid":{"rendered":"https:\/\/www.centraldenoticias.com.ar\/?p=79865"},"modified":"2023-03-17T18:32:15","modified_gmt":"2023-03-17T21:32:15","slug":"fernando-burlando-la-preocupacion-de-la-gente-de-olavarria-pasa-por-la-inseguridad","status":"publish","type":"post","link":"https:\/\/cdnoticias.com\/index.php\/2023\/03\/17\/fernando-burlando-la-preocupacion-de-la-gente-de-olavarria-pasa-por-la-inseguridad\/","title":{"rendered":"Fernando Burlando: \u201cLa preocupaci\u00f3n de la gente de Olavarr\u00eda pasa por la inseguridad\u201d"},"content":{"rendered":"<p>El abogado present\u00f3 su precandidatura para la gobernaci\u00f3n bonaerense. La \u201cpol\u00edtica criminal\u201d y los jueces que \u201ctratan de sortear la ley\u201d.<\/p>\n<p><!--more--><\/p>\n<hr \/>\n<p><strong>Fernando Burlando estuvo en Olavarr\u00eda este viernes<\/strong> para presentar su <strong>precandidatura a la gobernaci\u00f3n<\/strong> de la provincia de Buenos Aires a trav\u00e9s del <strong>Movimiento de Integraci\u00f3n Federal y de Alternancia Republicana Federal (MIF-ARF)<\/strong>.<\/p>\n<p>&nbsp;<\/p>\n<p>El medi\u00e1tico abogado estuvo <strong>en la plaza central donde tom\u00f3 contacto con varios vecinos<\/strong> que buscaron dialogar con \u00e9l, sacarse una foto y saludarlo para apoyar su postulaci\u00f3n. Luego brind\u00f3 una conferencia en un bar c\u00e9ntrico.<\/p>\n<p>&nbsp;<\/p>\n<p><img data-recalc-dims=\"1\" loading=\"lazy\" decoding=\"async\" class=\"size-full wp-image-79857 aligncenter\" src=\"https:\/\/i0.wp.com\/cdnoticias.com\/wp-content\/uploads\/2023\/03\/fernando-burlando-gente-01.jpg?resize=800%2C445&#038;ssl=1\" alt=\"\" width=\"800\" height=\"445\" srcset=\"https:\/\/i0.wp.com\/cdnoticias.com\/wp-content\/uploads\/2023\/03\/fernando-burlando-gente-01.jpg?w=800&amp;ssl=1 800w, https:\/\/i0.wp.com\/cdnoticias.com\/wp-content\/uploads\/2023\/03\/fernando-burlando-gente-01.jpg?resize=300%2C167&amp;ssl=1 300w, https:\/\/i0.wp.com\/cdnoticias.com\/wp-content\/uploads\/2023\/03\/fernando-burlando-gente-01.jpg?resize=768%2C427&amp;ssl=1 768w\" sizes=\"auto, (max-width: 800px) 100vw, 800px\" \/><\/p>\n<p>&nbsp;<\/p>\n<p>Estuvo acompa\u00f1ado por el <strong>referente local Vicente Ram\u00f3n Troncoso<\/strong> y por quienes integran la <strong>junta promotora en Olavarr\u00eda, entre ellos C\u00e9sar Garc\u00eda y Alexander Aquila<\/strong>, como as\u00ed tambi\u00e9n el referente seccional Mat\u00edas Valdez oriundo de Tapalqu\u00e9.<\/p>\n<p>&nbsp;<\/p>\n<p>En la apertura de la conferencia, Troncoso agradeci\u00f3 a \u201cmedios, comerciantes, olavarrienses, dirigentes\u201d que se hab\u00edan acercado a la convocatoria. <strong>\u201cHemos asumido este compromiso con humildad y responsabilidad para acompa\u00f1ar a Fernando<\/strong> en su candidatura hacia la gobernaci\u00f3n de la provincia de Buenos Aires. Involucrarse, salir de la tribuna, como dice un viejo refr\u00e1n encender una vela en vez de quejarse de la oscuridad\u201d plante\u00f3 sobre el accionar partidario.<\/p>\n<p>&nbsp;<\/p>\n<p><img data-recalc-dims=\"1\" loading=\"lazy\" decoding=\"async\" class=\"size-full wp-image-79853 aligncenter\" src=\"https:\/\/i0.wp.com\/cdnoticias.com\/wp-content\/uploads\/2023\/03\/fernando-burlando-conferencia-01.jpg?resize=800%2C445&#038;ssl=1\" alt=\"\" width=\"800\" height=\"445\" srcset=\"https:\/\/i0.wp.com\/cdnoticias.com\/wp-content\/uploads\/2023\/03\/fernando-burlando-conferencia-01.jpg?w=800&amp;ssl=1 800w, https:\/\/i0.wp.com\/cdnoticias.com\/wp-content\/uploads\/2023\/03\/fernando-burlando-conferencia-01.jpg?resize=300%2C167&amp;ssl=1 300w, https:\/\/i0.wp.com\/cdnoticias.com\/wp-content\/uploads\/2023\/03\/fernando-burlando-conferencia-01.jpg?resize=768%2C427&amp;ssl=1 768w\" sizes=\"auto, (max-width: 800px) 100vw, 800px\" \/><\/p>\n<p>&nbsp;<\/p>\n<p>Burlando, en tanto, destac\u00f3 que lleg\u00f3 a la ciudad \u201ca tomar contacto con la gente. <strong>Los mejores asesores para nosotros y para quienes pretendan ejercer alg\u00fan tipo de funci\u00f3n, es ni m\u00e1s ni menos que la gente<\/strong>. Vinimos a Olavarr\u00eda a saber cu\u00e1les son las problem\u00e1ticas, las inquietudes, entendemos que la seguridad es un tema primordial y que genera mucha preocupaci\u00f3n\u201d.<\/p>\n<p>&nbsp;<\/p>\n<blockquote><p>Enfatiz\u00f3 que \u201cla preocupaci\u00f3n de la gente de Olavarr\u00eda pasa por la inseguridad y creo que tenemos un excelente proyecto, venimos trabajando hace m\u00e1s de 15 a\u00f1os en un plan de seguridad. Creo que va a permitir pegar un gran giro en lo que es la inseguridad en la provincia de Buenos Aires. No es f\u00e1cil pero hay posibilidades de mejorarla much\u00edsimo\u201d.<\/p><\/blockquote>\n<p>&nbsp;<\/p>\n<p><img data-recalc-dims=\"1\" loading=\"lazy\" decoding=\"async\" class=\"size-full wp-image-79855 aligncenter\" src=\"https:\/\/i0.wp.com\/cdnoticias.com\/wp-content\/uploads\/2023\/03\/fernando-burlando-conferencia-03.jpg?resize=800%2C445&#038;ssl=1\" alt=\"\" width=\"800\" height=\"445\" srcset=\"https:\/\/i0.wp.com\/cdnoticias.com\/wp-content\/uploads\/2023\/03\/fernando-burlando-conferencia-03.jpg?w=800&amp;ssl=1 800w, https:\/\/i0.wp.com\/cdnoticias.com\/wp-content\/uploads\/2023\/03\/fernando-burlando-conferencia-03.jpg?resize=300%2C167&amp;ssl=1 300w, https:\/\/i0.wp.com\/cdnoticias.com\/wp-content\/uploads\/2023\/03\/fernando-burlando-conferencia-03.jpg?resize=768%2C427&amp;ssl=1 768w\" sizes=\"auto, (max-width: 800px) 100vw, 800px\" \/><\/p>\n<p>&nbsp;<\/p>\n<p>Al momento de mencionar sus propuestas, el abogado subray\u00f3 que<strong> \u201chay que aplicar la ley, hacer un cambio radical en las estructuras intelectuales en todas las instituciones de la provincia<\/strong>. Mejorar la seguridad tiene que ver con una <strong>pol\u00edtica criminal<\/strong> que est\u00e1 olvidada, que se deber\u00eda haber llevado a cabo hace mucho tiempo, donde las estructuras, ya sea de prevenci\u00f3n, la justicia, la procuraci\u00f3n y fundamentalmente el poder pol\u00edtico tendr\u00eda que bajar una l\u00ednea directa y <strong>hacer encaminar todos estos organismos al un\u00edsono<\/strong>, con un objetivo, con un proyecto\u201d.<\/p>\n<p>&nbsp;<\/p>\n<p>Para el precandidato, \u201clos cambios tienen que surgir desde la base.<strong> Tenemos una polic\u00eda que frente a la delincuencia est\u00e1 debilitada<\/strong>, una polic\u00eda que tiene menos tecnolog\u00eda que el narcotr\u00e1fico. Est\u00e1n en inferioridad de condiciones y arriesgando todos los d\u00edas la vida por todos nosotros\u201d.<\/p>\n<p>&nbsp;<\/p>\n<p><img data-recalc-dims=\"1\" loading=\"lazy\" decoding=\"async\" class=\"size-full wp-image-79850 aligncenter\" src=\"https:\/\/i0.wp.com\/cdnoticias.com\/wp-content\/uploads\/2023\/03\/fernando-burlando-01.jpg?resize=800%2C445&#038;ssl=1\" alt=\"\" width=\"800\" height=\"445\" srcset=\"https:\/\/i0.wp.com\/cdnoticias.com\/wp-content\/uploads\/2023\/03\/fernando-burlando-01.jpg?w=800&amp;ssl=1 800w, https:\/\/i0.wp.com\/cdnoticias.com\/wp-content\/uploads\/2023\/03\/fernando-burlando-01.jpg?resize=300%2C167&amp;ssl=1 300w, https:\/\/i0.wp.com\/cdnoticias.com\/wp-content\/uploads\/2023\/03\/fernando-burlando-01.jpg?resize=768%2C427&amp;ssl=1 768w\" sizes=\"auto, (max-width: 800px) 100vw, 800px\" \/><\/p>\n<p>&nbsp;<\/p>\n<blockquote><p>Ampli\u00f3 sobre el tema que \u201chay que trabajar todos juntos, polic\u00eda, jueces, fiscales, todos hacia un mismo sentido, con el equilibrio, con la justica en la mano y la garant\u00eda a los ciudadanos de todos sus derechos. Hay que aplicar la ley y a veces da la sensaci\u00f3n de que algunos jueces en vez de aplicar la ley tratan de sortear la ley. Hay que generar un verdadero control, tomar examen a todos los jueces, no podemos dejar que este cargo vitalicio no sea sometido a actualizaci\u00f3n\u201d.<\/p><\/blockquote>\n<p>&nbsp;<\/p>\n<p><span style=\"text-decoration: underline;\"><strong>Proyecciones del espacio<\/strong><\/span><\/p>\n<p>&nbsp;<\/p>\n<p>Burlando cont\u00f3 que el objetivo que persigue es<strong> el crecimiento del espacio MIF-ARF con una intenci\u00f3n de \u201capertura\u201d<\/strong>. Con ello no descart\u00f3 alianzas con otros sectores de cara a las elecciones, pero tampoco las confirm\u00f3.<\/p>\n<p>&nbsp;<\/p>\n<p><img data-recalc-dims=\"1\" loading=\"lazy\" decoding=\"async\" class=\"size-full wp-image-79854 aligncenter\" src=\"https:\/\/i0.wp.com\/cdnoticias.com\/wp-content\/uploads\/2023\/03\/fernando-burlando-conferencia-02.jpg?resize=800%2C445&#038;ssl=1\" alt=\"\" width=\"800\" height=\"445\" srcset=\"https:\/\/i0.wp.com\/cdnoticias.com\/wp-content\/uploads\/2023\/03\/fernando-burlando-conferencia-02.jpg?w=800&amp;ssl=1 800w, https:\/\/i0.wp.com\/cdnoticias.com\/wp-content\/uploads\/2023\/03\/fernando-burlando-conferencia-02.jpg?resize=300%2C167&amp;ssl=1 300w, https:\/\/i0.wp.com\/cdnoticias.com\/wp-content\/uploads\/2023\/03\/fernando-burlando-conferencia-02.jpg?resize=768%2C427&amp;ssl=1 768w\" sizes=\"auto, (max-width: 800px) 100vw, 800px\" \/><\/p>\n<p>&nbsp;<\/p>\n<p><strong>\u201cTenemos las puertas abiertas a toda aquella persona que quiera hacer pol\u00edtica, involucrarse en la pol\u00edtica<\/strong>. Desde el 83 hasta la fecha hemos visto el gran fracaso de la clase dirigencial pol\u00edtica, que no le permiti\u00f3 el acceso a muchos que quisieron incorporarse a las filas del manejo de los intereses del pa\u00eds. Es parte de la vieja pol\u00edtica, que ya no va m\u00e1s, que se ha abusado de la democracia, que ha robado en nombre de la democracia\u201d afirm\u00f3.<\/p>\n<p>&nbsp;<\/p>\n<blockquote><p>Agreg\u00f3 que \u201cno tenemos todav\u00eda en agenda ning\u00fan tipo de alianza, el \u00fanico objetivo es nuestro crecimiento\u201d.<\/p><\/blockquote>\n<p>&nbsp;<\/p>\n<p>En ese marco de invitaci\u00f3n a los vecinos a participar de la actividad partidaria, Burlando sostuvo que \u201csi nos quedamos en nuestras casas criticando solamente <strong>nos transformamos en c\u00f3mplices\u201d<\/strong>.<\/p>\n<p>&nbsp;<\/p>\n<p><img data-recalc-dims=\"1\" loading=\"lazy\" decoding=\"async\" class=\"size-full wp-image-79851 aligncenter\" src=\"https:\/\/i0.wp.com\/cdnoticias.com\/wp-content\/uploads\/2023\/03\/fernando-burlando-02.jpg?resize=800%2C445&#038;ssl=1\" alt=\"\" width=\"800\" height=\"445\" srcset=\"https:\/\/i0.wp.com\/cdnoticias.com\/wp-content\/uploads\/2023\/03\/fernando-burlando-02.jpg?w=800&amp;ssl=1 800w, https:\/\/i0.wp.com\/cdnoticias.com\/wp-content\/uploads\/2023\/03\/fernando-burlando-02.jpg?resize=300%2C167&amp;ssl=1 300w, https:\/\/i0.wp.com\/cdnoticias.com\/wp-content\/uploads\/2023\/03\/fernando-burlando-02.jpg?resize=768%2C427&amp;ssl=1 768w\" sizes=\"auto, (max-width: 800px) 100vw, 800px\" \/><\/p>\n<p>&nbsp;<\/p>\n<p>\u201cEmpezamos la campa\u00f1a hace muy poquito, a mi lo que me fortaleci\u00f3 esta idea de hacer pol\u00edtica fue una nota que hice con una colega de ustedes en Infobae donde se mencion\u00f3 la posibilidad de candidatearme a ser Gobernador y fue una nota que tuvo un efecto tremendo sobre los lectores\u201d dijo. En cuanto al<strong> buen posicionamiento que dijo tener en las encuestas<\/strong> manifest\u00f3 que<strong> \u201cestar cerca de Santilli, de Axel, es algo muy motivante<\/strong>, me genera la misma situaci\u00f3n adrenal\u00ednica que mi profesi\u00f3n o el deporte m\u00e1s querido\u201d.<\/p>\n<p>&nbsp;<\/p>\n<p><span style=\"text-decoration: underline;\"><strong>Narcotr\u00e1fico<\/strong><\/span><\/p>\n<p>&nbsp;<\/p>\n<p>El abogado fue consultado por su consideraci\u00f3n sobre la intervenci\u00f3n de la seguridad y la justicia contra el tr\u00e1fico de drogas il\u00edcitas. <strong>\u201cCreo que no hay una declaraci\u00f3n de guerra clara y efectiva. El narcotr\u00e1fico est\u00e1 en todos lados, la droga est\u00e1 en todos lados\u201d<\/strong> defini\u00f3.<\/p>\n<p>&nbsp;<\/p>\n<p><strong>\u201cHay que volver al terreno de la pesquisa, de la investigaci\u00f3n de las organizaciones delictivas<\/strong>. Existen las bandas, crecen d\u00eda a d\u00eda, el narcotr\u00e1fico crece d\u00eda a d\u00eda y ni la justicia, ni las fiscal\u00edas ni la polic\u00eda est\u00e1 a la altura de las condiciones, porque hay ausencia de pol\u00edtica criminal\u201d consider\u00f3.<\/p>\n<p>&nbsp;<\/p>\n<p><img data-recalc-dims=\"1\" loading=\"lazy\" decoding=\"async\" class=\"size-full wp-image-79852 aligncenter\" src=\"https:\/\/i0.wp.com\/cdnoticias.com\/wp-content\/uploads\/2023\/03\/fernando-burlando-conferencia-00.jpg?resize=800%2C445&#038;ssl=1\" alt=\"\" width=\"800\" height=\"445\" srcset=\"https:\/\/i0.wp.com\/cdnoticias.com\/wp-content\/uploads\/2023\/03\/fernando-burlando-conferencia-00.jpg?w=800&amp;ssl=1 800w, https:\/\/i0.wp.com\/cdnoticias.com\/wp-content\/uploads\/2023\/03\/fernando-burlando-conferencia-00.jpg?resize=300%2C167&amp;ssl=1 300w, https:\/\/i0.wp.com\/cdnoticias.com\/wp-content\/uploads\/2023\/03\/fernando-burlando-conferencia-00.jpg?resize=768%2C427&amp;ssl=1 768w\" sizes=\"auto, (max-width: 800px) 100vw, 800px\" \/><\/p>\n<p>&nbsp;<\/p>\n<p><strong>\u201cHemos fracasado en todo.<\/strong> Yo reci\u00e9n hablaba de inseguridad, pero fracasamos en educaci\u00f3n, en salud. La gente est\u00e1 pasando penurias para llegar a fin de mes. <strong>En una provincia donde habitan la abundancia y la pobreza<\/strong>, todo esto se puede equilibrar para que todos vivamos un poco mejor\u201d.<\/p>\n<p>&nbsp;<\/p>\n<p><span style=\"text-decoration: underline;\"><strong>El sistema penitenciario<\/strong><\/span><\/p>\n<p>&nbsp;<\/p>\n<p>A lo largo de la conferencia, el abogado indic\u00f3 que manten\u00eda <strong>\u201cideas nuevas y propuestas de control\u201d<\/strong> para modificar la realidad provincial. \u201cLo que ha fallado en la Argentina hist\u00f3ricamente son los controles\u201d dijo para ejemplificar con la dificultad de seguimiento de las licitaciones p\u00fablicas.<\/p>\n<p>&nbsp;<\/p>\n<blockquote><p>Luego a\u00f1adi\u00f3 ante la consulta por su mirada y propuestas para el sistema penitenciario que \u201clo que pasa con las libertades, arrestos domiciliarios, salidas transitorias, la gente se va a su casa y nadie controla lo que est\u00e1n haciendo. El control es una de las posibilidades para mejorar esa situaci\u00f3n\u201d.<\/p><\/blockquote>\n<p>&nbsp;<\/p>\n<p><img data-recalc-dims=\"1\" loading=\"lazy\" decoding=\"async\" class=\"size-full wp-image-79856 aligncenter\" src=\"https:\/\/i0.wp.com\/cdnoticias.com\/wp-content\/uploads\/2023\/03\/fernando-burlando-gente-00.jpg?resize=800%2C445&#038;ssl=1\" alt=\"\" width=\"800\" height=\"445\" srcset=\"https:\/\/i0.wp.com\/cdnoticias.com\/wp-content\/uploads\/2023\/03\/fernando-burlando-gente-00.jpg?w=800&amp;ssl=1 800w, https:\/\/i0.wp.com\/cdnoticias.com\/wp-content\/uploads\/2023\/03\/fernando-burlando-gente-00.jpg?resize=300%2C167&amp;ssl=1 300w, https:\/\/i0.wp.com\/cdnoticias.com\/wp-content\/uploads\/2023\/03\/fernando-burlando-gente-00.jpg?resize=768%2C427&amp;ssl=1 768w\" sizes=\"auto, (max-width: 800px) 100vw, 800px\" \/><\/p>\n<p>&nbsp;<\/p>\n<p><strong>\u201cHay cierto tipo de delitos donde no puede haber facilismo y oportunidades.<\/strong> El que se mete con las criaturas no hay chances de que tenga ning\u00fan tipo de beneficios, el que se mete con las mujeres tampoco, aquel que roba del estado es una persona desde mi punto de vista es traidor a la patria. Le est\u00e1 robando la comida a la gente. En esos casos tienen que cumplir la pena de punta a punta\u201d indic\u00f3 el abogado.<\/p>\n<p>&nbsp;<\/p>\n<p>Al cierre de la conferencia, m\u00e1s vecinos de la ciudad y la zona se hab\u00edan acercado al sector para mostrarle su afecto y su apoyo a la postulaci\u00f3n para la gobernaci\u00f3n.<\/p>\n<p>&nbsp;<\/p>\n","protected":false},"excerpt":{"rendered":"<p>El abogado present\u00f3 su precandidatura para la gobernaci\u00f3n bonaerense. La \u201cpol\u00edtica criminal\u201d y los jueces que \u201ctratan de sortear la<\/p>\n","protected":false},"author":4,"featured_media":79849,"comment_status":"closed","ping_status":"closed","sticky":false,"template":"","format":"standard","meta":{"_jetpack_memberships_contains_paid_content":false,"footnotes":""},"categories":[4,1],"tags":[],"class_list":["post-79865","post","type-post","status-publish","format-standard","has-post-thumbnail","hentry","category-politica","category-portada"],"jetpack_featured_media_url":"https:\/\/i0.wp.com\/cdnoticias.com\/wp-content\/uploads\/2023\/03\/fernando-burlando-00.jpg?fit=800%2C445&ssl=1","jetpack_sharing_enabled":true,"_links":{"self":[{"href":"https:\/\/cdnoticias.com\/index.php\/wp-json\/wp\/v2\/posts\/79865","targetHints":{"allow":["GET"]}}],"collection":[{"href":"https:\/\/cdnoticias.com\/index.php\/wp-json\/wp\/v2\/posts"}],"about":[{"href":"https:\/\/cdnoticias.com\/index.php\/wp-json\/wp\/v2\/types\/post"}],"author":[{"embeddable":true,"href":"https:\/\/cdnoticias.com\/index.php\/wp-json\/wp\/v2\/users\/4"}],"replies":[{"embeddable":true,"href":"https:\/\/cdnoticias.com\/index.php\/wp-json\/wp\/v2\/comments?post=79865"}],"version-history":[{"count":0,"href":"https:\/\/cdnoticias.com\/index.php\/wp-json\/wp\/v2\/posts\/79865\/revisions"}],"wp:featuredmedia":[{"embeddable":true,"href":"https:\/\/cdnoticias.com\/index.php\/wp-json\/wp\/v2\/media\/79849"}],"wp:attachment":[{"href":"https:\/\/cdnoticias.com\/index.php\/wp-json\/wp\/v2\/media?parent=79865"}],"wp:term":[{"taxonomy":"category","embeddable":true,"href":"https:\/\/cdnoticias.com\/index.php\/wp-json\/wp\/v2\/categories?post=79865"},{"taxonomy":"post_tag","embeddable":true,"href":"https:\/\/cdnoticias.com\/index.php\/wp-json\/wp\/v2\/tags?post=79865"}],"curies":[{"name":"wp","href":"https:\/\/api.w.org\/{rel}","templated":true}]}}