{"id":79838,"date":"2023-03-17T17:25:46","date_gmt":"2023-03-17T20:25:46","guid":{"rendered":"https:\/\/www.centraldenoticias.com.ar\/?p=79838"},"modified":"2023-03-17T17:26:25","modified_gmt":"2023-03-17T20:26:25","slug":"los-trips-afectaron-el-cultivo-de-lechuga-en-olavarria","status":"publish","type":"post","link":"https:\/\/cdnoticias.com\/index.php\/2023\/03\/17\/los-trips-afectaron-el-cultivo-de-lechuga-en-olavarria\/","title":{"rendered":"Los trips afectaron el cultivo de lechuga en Olavarr\u00eda"},"content":{"rendered":"<p>Tambi\u00e9n se registraron da\u00f1os en achicoria, cebolla de verdeo y br\u00f3coli. La direcci\u00f3n de Desarrollo Agropecuario recorri\u00f3 quintas hort\u00edcolas locales para evaluar las consecuencias econ\u00f3micas.<!--more--><\/p>\n<hr \/>\n<p>Los trips, peque\u00f1os insectos negros, fueron los protagonistas de los \u00faltimos d\u00edas a ra\u00edz de las altas temperaturas y las pocas lluvias. Seg\u00fan explic\u00f3 <a href=\"https:\/\/cdnoticias.com\/index.php\/2023\/03\/14\/invasion-de-bichitos-en-olavarria-es-un-efecto-de-caracter-climatico\/\" target=\"_blank\" rel=\"noopener\">L\u00eda Oyesqui, titular del INTA Olavarr\u00eda<\/a>, \u00a0\u201cson especies fit\u00f3fagas, se alimentan de herb\u00e1ceas tanto en cultivos extensivos (hay presencia en soja en la zona) como tambi\u00e9n en cultivos intensivos, en las hort\u00edcolas y tambi\u00e9n las fundamentales. Tiene una amplia variedad de hospederos\u201d.<\/p>\n<p>&nbsp;<\/p>\n<p>Ante la invasi\u00f3n de estos insectos,<strong> personal de la direcci\u00f3n de Desarrollo Agropecuario municipal, recorri\u00f3 quintas hort\u00edcolas locales<\/strong>, con el objetivo de <strong>conocer la situaci\u00f3n y evaluar los da\u00f1os econ\u00f3micos<\/strong> producidos por la invasi\u00f3n de trips ocurrida recientemente.<\/p>\n<p>&nbsp;<\/p>\n<p>Indicaron que se pudieron observar da\u00f1os principalmente en el<strong> cultivo de lechuga<\/strong>, pero tambi\u00e9n en achicoria, cebolla de verdeo y br\u00f3coli y se convers\u00f3 acerca del manejo sanitario que se le est\u00e1 haciendo a los cultivos.<\/p>\n<p>&nbsp;<\/p>\n<p>Asimismo,<strong> continuar\u00e1n con el seguimiento de los cultivos y acompa\u00f1ando a los productores para hacer frente a esta plaga<\/strong> cuya explosi\u00f3n poblacional ha sido sorpresiva para la zona.<\/p>\n<p>&nbsp;<\/p>\n<p><img data-recalc-dims=\"1\" loading=\"lazy\" decoding=\"async\" class=\"aligncenter size-full wp-image-79843\" src=\"https:\/\/i0.wp.com\/cdnoticias.com\/wp-content\/uploads\/2023\/03\/DE-Quintas-Horticolas-2.jpg?resize=800%2C445&#038;ssl=1\" alt=\"\" width=\"800\" height=\"445\" srcset=\"https:\/\/i0.wp.com\/cdnoticias.com\/wp-content\/uploads\/2023\/03\/DE-Quintas-Horticolas-2.jpg?w=1665&amp;ssl=1 1665w, https:\/\/i0.wp.com\/cdnoticias.com\/wp-content\/uploads\/2023\/03\/DE-Quintas-Horticolas-2.jpg?resize=300%2C167&amp;ssl=1 300w, https:\/\/i0.wp.com\/cdnoticias.com\/wp-content\/uploads\/2023\/03\/DE-Quintas-Horticolas-2.jpg?resize=1024%2C570&amp;ssl=1 1024w, https:\/\/i0.wp.com\/cdnoticias.com\/wp-content\/uploads\/2023\/03\/DE-Quintas-Horticolas-2.jpg?resize=768%2C427&amp;ssl=1 768w, https:\/\/i0.wp.com\/cdnoticias.com\/wp-content\/uploads\/2023\/03\/DE-Quintas-Horticolas-2.jpg?resize=1536%2C854&amp;ssl=1 1536w, https:\/\/i0.wp.com\/cdnoticias.com\/wp-content\/uploads\/2023\/03\/DE-Quintas-Horticolas-2.jpg?resize=800%2C445&amp;ssl=1 800w, https:\/\/i0.wp.com\/cdnoticias.com\/wp-content\/uploads\/2023\/03\/DE-Quintas-Horticolas-2.jpg?w=1600&amp;ssl=1 1600w\" sizes=\"auto, (max-width: 800px) 100vw, 800px\" \/><\/p>\n<p>&nbsp;<\/p>\n<p>Cabe destacar que se cont\u00f3 con el acompa\u00f1amiento de la <strong>ingeniera agr\u00f3noma Bel\u00e9n Rosini<\/strong>, docente de la c\u00e1tedra de Horticultura de la Facultad de Agronom\u00eda de Azul.<\/p>\n<p>&nbsp;<\/p>\n<p>Estas acciones se dan dentro del marco del Programa de promoci\u00f3n de la cadena hort\u00edcola del partido de Olavarr\u00eda que tiene por objetivo<strong> proveer herramientas para la promoci\u00f3n y desarrollo productivo de la cadena hort\u00edcola local.<\/strong><\/p>\n<p>&nbsp;<\/p>\n<p>Por consultas se recomienda acercarse a la Direcci\u00f3n de Desarrollo Agropecuario ubicada en\u00a0 Av. Circunvalaci\u00f3n 1545, comunicarse al tel\u00e9fono al 2284-460599 o al correo electr\u00f3nico desarrolloagropecuario@olavarria.gov.ar.<\/p>\n<p>&nbsp;<\/p>\n<blockquote class=\"wp-embedded-content\" data-secret=\"ssBZaaPVNH\"><p><a href=\"https:\/\/cdnoticias.com\/index.php\/2023\/03\/14\/invasion-de-bichitos-en-olavarria-es-un-efecto-de-caracter-climatico\/\">Invasi\u00f3n de \u201cbichitos\u201d en Olavarr\u00eda: \u201cEs un efecto de car\u00e1cter clim\u00e1tico\u201d<\/a><\/p><\/blockquote>\n<p><iframe loading=\"lazy\" class=\"wp-embedded-content\" sandbox=\"allow-scripts\" security=\"restricted\" style=\"position: absolute; clip: rect(1px, 1px, 1px, 1px);\" title=\"&#8220;Invasi\u00f3n de \u201cbichitos\u201d en Olavarr\u00eda: \u201cEs un efecto de car\u00e1cter clim\u00e1tico\u201d&#8221; &#8212; Central de Noticias | Olavarr\u00eda\" src=\"https:\/\/cdnoticias.com\/index.php\/2023\/03\/14\/invasion-de-bichitos-en-olavarria-es-un-efecto-de-caracter-climatico\/embed\/#?secret=0MH7scSmrq#?secret=ssBZaaPVNH\" data-secret=\"ssBZaaPVNH\" width=\"600\" height=\"338\" frameborder=\"0\" marginwidth=\"0\" marginheight=\"0\" scrolling=\"no\"><\/iframe><\/p>\n","protected":false},"excerpt":{"rendered":"<p>Tambi\u00e9n se registraron da\u00f1os en achicoria, cebolla de verdeo y br\u00f3coli. La direcci\u00f3n de Desarrollo Agropecuario recorri\u00f3 quintas hort\u00edcolas locales<\/p>\n","protected":false},"author":5,"featured_media":79842,"comment_status":"closed","ping_status":"closed","sticky":false,"template":"","format":"standard","meta":{"_jetpack_memberships_contains_paid_content":false,"footnotes":""},"categories":[5,1],"tags":[],"class_list":["post-79838","post","type-post","status-publish","format-standard","has-post-thumbnail","hentry","category-informacion-general","category-portada"],"jetpack_featured_media_url":"https:\/\/i0.wp.com\/cdnoticias.com\/wp-content\/uploads\/2023\/03\/DE-Quintas-Horticolas-1.jpg?fit=1772%2C985&ssl=1","jetpack_sharing_enabled":true,"_links":{"self":[{"href":"https:\/\/cdnoticias.com\/index.php\/wp-json\/wp\/v2\/posts\/79838","targetHints":{"allow":["GET"]}}],"collection":[{"href":"https:\/\/cdnoticias.com\/index.php\/wp-json\/wp\/v2\/posts"}],"about":[{"href":"https:\/\/cdnoticias.com\/index.php\/wp-json\/wp\/v2\/types\/post"}],"author":[{"embeddable":true,"href":"https:\/\/cdnoticias.com\/index.php\/wp-json\/wp\/v2\/users\/5"}],"replies":[{"embeddable":true,"href":"https:\/\/cdnoticias.com\/index.php\/wp-json\/wp\/v2\/comments?post=79838"}],"version-history":[{"count":0,"href":"https:\/\/cdnoticias.com\/index.php\/wp-json\/wp\/v2\/posts\/79838\/revisions"}],"wp:featuredmedia":[{"embeddable":true,"href":"https:\/\/cdnoticias.com\/index.php\/wp-json\/wp\/v2\/media\/79842"}],"wp:attachment":[{"href":"https:\/\/cdnoticias.com\/index.php\/wp-json\/wp\/v2\/media?parent=79838"}],"wp:term":[{"taxonomy":"category","embeddable":true,"href":"https:\/\/cdnoticias.com\/index.php\/wp-json\/wp\/v2\/categories?post=79838"},{"taxonomy":"post_tag","embeddable":true,"href":"https:\/\/cdnoticias.com\/index.php\/wp-json\/wp\/v2\/tags?post=79838"}],"curies":[{"name":"wp","href":"https:\/\/api.w.org\/{rel}","templated":true}]}}