{"id":79806,"date":"2023-03-16T21:30:37","date_gmt":"2023-03-17T00:30:37","guid":{"rendered":"https:\/\/www.centraldenoticias.com.ar\/?p=79806"},"modified":"2023-03-17T08:19:38","modified_gmt":"2023-03-17T11:19:38","slug":"con-emocion-y-arte-inauguraron-el-centro-juvenil-olavarria","status":"publish","type":"post","link":"https:\/\/cdnoticias.com\/index.php\/2023\/03\/16\/con-emocion-y-arte-inauguraron-el-centro-juvenil-olavarria\/","title":{"rendered":"Con emoci\u00f3n y arte, inauguraron el Centro Juvenil Olavarr\u00eda"},"content":{"rendered":"<p>El rap, el skate, el beatbox y la danza, protagonistas de un evento realizado en el skate park. El valor de los padres que acompa\u00f1an a los j\u00f3venes, la necesidad de \u201cescuchar\u201d sus demandas y su visi\u00f3n del futuro \u201cm\u00e1s claro\u201d.<!--more--><\/p>\n<hr \/>\n<p>Con participaci\u00f3n pol\u00edtica, de j\u00f3venes y un reflejo de sus demandas, este jueves <strong>se inaugur\u00f3 el Centro Juvenil Olavarr\u00eda,<\/strong> un <strong>espacio de talleres y encuentro en el skate park<\/strong>, lugar donde se realizan reuniones desde hace a\u00f1os para evidenciar la expresi\u00f3n del arte en cualquiera de sus estilos.<\/p>\n<p>&nbsp;<\/p>\n<p>Encabezados por el titular de Anses <strong>Maximiliano Wesner<\/strong>, la actividad tuvo participaci\u00f3n de la concejala <strong>Mercedes Land\u00edvar,<\/strong> el diputado provincial <strong>C\u00e9sar Valicenti,<\/strong> el fundador e integrante de La Cantera Producciones, <strong>Norberto Almeida<\/strong>, <strong>Alex Herrera, <\/strong>el coordinador del Centro Juvenil<strong>, Manuel Aizpur\u00fa, <\/strong>la integrante de la Direcci\u00f3n de Juventudes bonaerense, <strong>Camila Diaz,<\/strong> y militantes y j\u00f3venes que acompa\u00f1aron a escuchar y participar de la propuesta.<\/p>\n<p>&nbsp;<\/p>\n<p>Almeida, que tambi\u00e9n se acerc\u00f3 a la movida hace un a\u00f1o y medio atr\u00e1s por medio de<strong> Yenko<\/strong>, expres\u00f3: \u201c<em><strong>Empec\u00e9 a ver que en este lugar hab\u00edan formado una verdadera familia donde pod\u00edan expresarse a trav\u00e9s del arte y la cultura y hab\u00eda gente que los escuchaba\u201d<\/strong><\/em>. Es por ello que <em><strong>\u201cagarramos la demanda propia de los pibes y hoy tenemos algo que era un sue\u00f1o\u201d.<\/strong><\/em><\/p>\n<p>&nbsp;<\/p>\n<p><img data-recalc-dims=\"1\" loading=\"lazy\" decoding=\"async\" class=\"alignnone size-full wp-image-79799\" src=\"https:\/\/i0.wp.com\/cdnoticias.com\/wp-content\/uploads\/2023\/03\/cj-scaled.jpg?resize=800%2C445&#038;ssl=1\" alt=\"\" width=\"800\" height=\"445\" srcset=\"https:\/\/i0.wp.com\/cdnoticias.com\/wp-content\/uploads\/2023\/03\/cj-scaled.jpg?w=2560&amp;ssl=1 2560w, https:\/\/i0.wp.com\/cdnoticias.com\/wp-content\/uploads\/2023\/03\/cj-scaled.jpg?resize=300%2C167&amp;ssl=1 300w, https:\/\/i0.wp.com\/cdnoticias.com\/wp-content\/uploads\/2023\/03\/cj-scaled.jpg?resize=1024%2C570&amp;ssl=1 1024w, https:\/\/i0.wp.com\/cdnoticias.com\/wp-content\/uploads\/2023\/03\/cj-scaled.jpg?resize=768%2C427&amp;ssl=1 768w, https:\/\/i0.wp.com\/cdnoticias.com\/wp-content\/uploads\/2023\/03\/cj-scaled.jpg?resize=1536%2C854&amp;ssl=1 1536w, https:\/\/i0.wp.com\/cdnoticias.com\/wp-content\/uploads\/2023\/03\/cj-scaled.jpg?resize=2048%2C1139&amp;ssl=1 2048w, https:\/\/i0.wp.com\/cdnoticias.com\/wp-content\/uploads\/2023\/03\/cj-scaled.jpg?resize=800%2C445&amp;ssl=1 800w, https:\/\/i0.wp.com\/cdnoticias.com\/wp-content\/uploads\/2023\/03\/cj-scaled.jpg?w=1600&amp;ssl=1 1600w, https:\/\/i0.wp.com\/cdnoticias.com\/wp-content\/uploads\/2023\/03\/cj-scaled.jpg?w=2400&amp;ssl=1 2400w\" sizes=\"auto, (max-width: 800px) 100vw, 800px\" \/><\/p>\n<p>&nbsp;<\/p>\n<blockquote><p>\u201cLos sue\u00f1os los podemos hacer realidad, es la clara demostraci\u00f3n de que cuando hay voluntad y compromiso de los pibes se logran cosas como estas\u201d agreg\u00f3 Almeida.<\/p><\/blockquote>\n<p>&nbsp;<\/p>\n<p>El <strong>rapero Kress <a href=\"https:\/\/cdnoticias.com\/index.php\/2023\/03\/14\/kress-a-un-paso-de-ser-campeon-internacional\/\" target=\"_blank\" rel=\"noopener\">que viajar\u00e1 a Espa\u00f1a a competir de forma internacional<\/a><\/strong>, escuchaba atentamente entre los asistentes junto a <strong>Yenko<\/strong>, otro rapero con trayectoria en la ciudad. Almeida se mostr\u00f3 emocionado \u201c<em>por las madres, no es f\u00e1cil cuando los pibes se acercan y quieren ser raperos, que necesitan que sus familias banquen el sue\u00f1o de ellos\u201d.<\/em><\/p>\n<p>&nbsp;<\/p>\n<p><img data-recalc-dims=\"1\" loading=\"lazy\" decoding=\"async\" class=\"alignnone size-full wp-image-79801\" src=\"https:\/\/i0.wp.com\/cdnoticias.com\/wp-content\/uploads\/2023\/03\/kresssyyenk-scaled.jpg?resize=800%2C445&#038;ssl=1\" alt=\"\" width=\"800\" height=\"445\" srcset=\"https:\/\/i0.wp.com\/cdnoticias.com\/wp-content\/uploads\/2023\/03\/kresssyyenk-scaled.jpg?w=2560&amp;ssl=1 2560w, https:\/\/i0.wp.com\/cdnoticias.com\/wp-content\/uploads\/2023\/03\/kresssyyenk-scaled.jpg?resize=300%2C167&amp;ssl=1 300w, https:\/\/i0.wp.com\/cdnoticias.com\/wp-content\/uploads\/2023\/03\/kresssyyenk-scaled.jpg?resize=1024%2C570&amp;ssl=1 1024w, https:\/\/i0.wp.com\/cdnoticias.com\/wp-content\/uploads\/2023\/03\/kresssyyenk-scaled.jpg?resize=768%2C427&amp;ssl=1 768w, https:\/\/i0.wp.com\/cdnoticias.com\/wp-content\/uploads\/2023\/03\/kresssyyenk-scaled.jpg?resize=1536%2C855&amp;ssl=1 1536w, https:\/\/i0.wp.com\/cdnoticias.com\/wp-content\/uploads\/2023\/03\/kresssyyenk-scaled.jpg?resize=2048%2C1140&amp;ssl=1 2048w, https:\/\/i0.wp.com\/cdnoticias.com\/wp-content\/uploads\/2023\/03\/kresssyyenk-scaled.jpg?resize=800%2C445&amp;ssl=1 800w, https:\/\/i0.wp.com\/cdnoticias.com\/wp-content\/uploads\/2023\/03\/kresssyyenk-scaled.jpg?w=1600&amp;ssl=1 1600w, https:\/\/i0.wp.com\/cdnoticias.com\/wp-content\/uploads\/2023\/03\/kresssyyenk-scaled.jpg?w=2400&amp;ssl=1 2400w\" sizes=\"auto, (max-width: 800px) 100vw, 800px\" \/><\/p>\n<p>&nbsp;<\/p>\n<p><strong>Wesner,<\/strong> quien hab\u00eda <a href=\"https:\/\/cdnoticias.com\/index.php\/2023\/03\/15\/en-su-voz-hay-mucho-y-en-su-voz-justamente-surge-el-centro-juvenil\/\" target=\"_blank\" rel=\"noopener\">adelantado la actividad en di\u00e1logo con Central de Noticias<\/a>, habl\u00f3 en su inauguraci\u00f3n y le agradeci\u00f3 a la juventud \u201c<em><strong>que cuida este lugar, es la due\u00f1a de este lugar y que, con gestiones e intercambio de ideas en un trabajo conjunto, en su voz, hay mucho. Dicen que ustedes son el futuro pero tambi\u00e9n para nosotros son el presente\u201d.<\/strong><\/em><\/p>\n<p>&nbsp;<\/p>\n<p>El <strong>diputado Valicenti,<\/strong> por otra parte, se\u00f1al\u00f3 que la actividad \u201c<em><strong>nos tiene que dejar un mensaje de reflexi\u00f3n en donde podemos llegar a algunas conclusiones. Los y las j\u00f3venes necesitan que les pongamos la oreja y estemos a disposici\u00f3n. La tienen m\u00e1s clara de lo creen, tienen visiones del futuro mucho m\u00e1s elaboradas. Esto es un aprendizaje con lo que nos est\u00e1 pasando como sociedad\u201d.<\/strong><\/em><\/p>\n<p>&nbsp;<\/p>\n<p><img data-recalc-dims=\"1\" loading=\"lazy\" decoding=\"async\" class=\"alignnone size-full wp-image-79798\" src=\"https:\/\/i0.wp.com\/cdnoticias.com\/wp-content\/uploads\/2023\/03\/centrojuvenil.jpg-2-scaled.jpg?resize=800%2C445&#038;ssl=1\" alt=\"\" width=\"800\" height=\"445\" srcset=\"https:\/\/i0.wp.com\/cdnoticias.com\/wp-content\/uploads\/2023\/03\/centrojuvenil.jpg-2-scaled.jpg?w=2560&amp;ssl=1 2560w, https:\/\/i0.wp.com\/cdnoticias.com\/wp-content\/uploads\/2023\/03\/centrojuvenil.jpg-2-scaled.jpg?resize=300%2C167&amp;ssl=1 300w, https:\/\/i0.wp.com\/cdnoticias.com\/wp-content\/uploads\/2023\/03\/centrojuvenil.jpg-2-scaled.jpg?resize=1024%2C570&amp;ssl=1 1024w, https:\/\/i0.wp.com\/cdnoticias.com\/wp-content\/uploads\/2023\/03\/centrojuvenil.jpg-2-scaled.jpg?resize=768%2C427&amp;ssl=1 768w, https:\/\/i0.wp.com\/cdnoticias.com\/wp-content\/uploads\/2023\/03\/centrojuvenil.jpg-2-scaled.jpg?resize=1536%2C854&amp;ssl=1 1536w, https:\/\/i0.wp.com\/cdnoticias.com\/wp-content\/uploads\/2023\/03\/centrojuvenil.jpg-2-scaled.jpg?resize=2048%2C1139&amp;ssl=1 2048w, https:\/\/i0.wp.com\/cdnoticias.com\/wp-content\/uploads\/2023\/03\/centrojuvenil.jpg-2-scaled.jpg?resize=800%2C445&amp;ssl=1 800w, https:\/\/i0.wp.com\/cdnoticias.com\/wp-content\/uploads\/2023\/03\/centrojuvenil.jpg-2-scaled.jpg?w=1600&amp;ssl=1 1600w, https:\/\/i0.wp.com\/cdnoticias.com\/wp-content\/uploads\/2023\/03\/centrojuvenil.jpg-2-scaled.jpg?w=2400&amp;ssl=1 2400w\" sizes=\"auto, (max-width: 800px) 100vw, 800px\" \/><\/p>\n<p>&nbsp;<\/p>\n<p>Adem\u00e1s, Valicenti se lament\u00f3 que \u201c<em><strong>en la agenda p\u00fablica y medi\u00e1tica los j\u00f3venes son noticias cuando hay alg\u00fan pibe excluido, delitos, m\u00e1s en policiales que en la agenda p\u00fablica real<\/strong><\/em>\u201d y en contrapartida \u201c<em><strong>con arte, con oficio, con deporte que son tres ejes que se pueden generar desde el propio Estado los j\u00f3venes necesitan ese espacio para desarrollarse\u201d.<\/strong><\/em><\/p>\n<p>&nbsp;<\/p>\n<p><strong>\u201cTodo lo que est\u00e9 a nuestro alcance para abrirles los brazos a los pibes y pibas de Olavarr\u00eda lo vamos a hacer, nos dan mucho orgullo representar esa forma de laburar\u201d<\/strong> se\u00f1al\u00f3 Valicenti.<\/p>\n<p>&nbsp;<\/p>\n<p>En un tono m\u00e1s enojado, denunci\u00f3 que <strong>\u201cpusieron las luminarias que faltaban hoy<\/strong>\u201d algo que era un reclamo desde hace meses, relacion\u00e1ndolo con el acto realizado en ese lugar. \u201c<em><strong>Kress estaba rapeando sin luz, no puede ser. Y se va a Espa\u00f1a a representarnos. Elijan ustedes en qu\u00e9 sociedad y en qu\u00e9 Olavarr\u00eda quieren seguir viviendo\u201d<\/strong><\/em> cerr\u00f3.<\/p>\n<p>&nbsp;<\/p>\n<p><img data-recalc-dims=\"1\" loading=\"lazy\" decoding=\"async\" class=\"alignnone size-full wp-image-79803\" src=\"https:\/\/i0.wp.com\/cdnoticias.com\/wp-content\/uploads\/2023\/03\/yekkr-scaled.jpg?resize=800%2C445&#038;ssl=1\" alt=\"\" width=\"800\" height=\"445\" srcset=\"https:\/\/i0.wp.com\/cdnoticias.com\/wp-content\/uploads\/2023\/03\/yekkr-scaled.jpg?w=2560&amp;ssl=1 2560w, https:\/\/i0.wp.com\/cdnoticias.com\/wp-content\/uploads\/2023\/03\/yekkr-scaled.jpg?resize=300%2C167&amp;ssl=1 300w, https:\/\/i0.wp.com\/cdnoticias.com\/wp-content\/uploads\/2023\/03\/yekkr-scaled.jpg?resize=1024%2C570&amp;ssl=1 1024w, https:\/\/i0.wp.com\/cdnoticias.com\/wp-content\/uploads\/2023\/03\/yekkr-scaled.jpg?resize=768%2C427&amp;ssl=1 768w, https:\/\/i0.wp.com\/cdnoticias.com\/wp-content\/uploads\/2023\/03\/yekkr-scaled.jpg?resize=1536%2C855&amp;ssl=1 1536w, https:\/\/i0.wp.com\/cdnoticias.com\/wp-content\/uploads\/2023\/03\/yekkr-scaled.jpg?resize=2048%2C1140&amp;ssl=1 2048w, https:\/\/i0.wp.com\/cdnoticias.com\/wp-content\/uploads\/2023\/03\/yekkr-scaled.jpg?resize=800%2C445&amp;ssl=1 800w, https:\/\/i0.wp.com\/cdnoticias.com\/wp-content\/uploads\/2023\/03\/yekkr-scaled.jpg?w=1600&amp;ssl=1 1600w, https:\/\/i0.wp.com\/cdnoticias.com\/wp-content\/uploads\/2023\/03\/yekkr-scaled.jpg?w=2400&amp;ssl=1 2400w\" sizes=\"auto, (max-width: 800px) 100vw, 800px\" \/><\/p>\n<p>&nbsp;<\/p>\n<p>El coordinador del Centro Juvenil Olavarr\u00eda, <strong>Manuel Aizpur\u00fa<\/strong> , visiblemente emocionado, se mostr\u00f3 \u201c<em><strong>muy feliz, estoy cumpliendo un sue\u00f1o. Muchas veces somos vistos como los pibes que est\u00e1n jugando y esto no es un juego, es nuestra vida. Queremos vivir de esto y si no se da por lo menos lo intentamos\u201d.<\/strong><\/em><\/p>\n<p>&nbsp;<\/p>\n<blockquote><p>Sin disminuir la emoci\u00f3n, se refiri\u00f3 a \u00e9l mismo como \u201cun pibe que no termin\u00f3 el secundario y logr\u00f3 tener su propia escuela de hip hop\u201d. \u201cEstoy al lado de un diputado, al lado de un candidato a Intendente\u201d por Maximiliano Wesner, lo que arroj\u00f3 varias miradas c\u00f3mplices y risas: \u201cno s\u00e9 si pod\u00eda decir eso\u201d continu\u00f3 Aizpur\u00fa, que termin\u00f3 en un aplauso del p\u00fablico dando por finalizados los discursos.<\/p><\/blockquote>\n<p>&nbsp;<\/p>\n<p>Finalmente, los<strong> talleristas realizaron varias demostraciones de freestyle, beatbox, skate y danzas<\/strong> en un cierre de este importante lanzamiento.<\/p>\n<p>&nbsp;<\/p>\n<p>Explicaron, para cerrar, que <strong>la inscripci\u00f3n para los talleres ya est\u00e1 abierta<\/strong> y que adem\u00e1s de servir una merienda, hay un equipo de trabajo con psic\u00f3logos y profesionales para contener y desarrollar las inquietudes y las demandas de los j\u00f3venes, que tendr\u00e1n su propio Centro en la ciudad.<\/p>\n<p>&nbsp;<\/p>\n<p><img data-recalc-dims=\"1\" loading=\"lazy\" decoding=\"async\" class=\"alignnone size-full wp-image-79805\" src=\"https:\/\/i0.wp.com\/cdnoticias.com\/wp-content\/uploads\/2023\/03\/yenk2-scaled.jpg?resize=800%2C445&#038;ssl=1\" alt=\"\" width=\"800\" height=\"445\" srcset=\"https:\/\/i0.wp.com\/cdnoticias.com\/wp-content\/uploads\/2023\/03\/yenk2-scaled.jpg?w=2560&amp;ssl=1 2560w, https:\/\/i0.wp.com\/cdnoticias.com\/wp-content\/uploads\/2023\/03\/yenk2-scaled.jpg?resize=300%2C167&amp;ssl=1 300w, https:\/\/i0.wp.com\/cdnoticias.com\/wp-content\/uploads\/2023\/03\/yenk2-scaled.jpg?resize=1024%2C570&amp;ssl=1 1024w, https:\/\/i0.wp.com\/cdnoticias.com\/wp-content\/uploads\/2023\/03\/yenk2-scaled.jpg?resize=768%2C427&amp;ssl=1 768w, https:\/\/i0.wp.com\/cdnoticias.com\/wp-content\/uploads\/2023\/03\/yenk2-scaled.jpg?resize=1536%2C855&amp;ssl=1 1536w, https:\/\/i0.wp.com\/cdnoticias.com\/wp-content\/uploads\/2023\/03\/yenk2-scaled.jpg?resize=2048%2C1140&amp;ssl=1 2048w, https:\/\/i0.wp.com\/cdnoticias.com\/wp-content\/uploads\/2023\/03\/yenk2-scaled.jpg?resize=800%2C445&amp;ssl=1 800w, https:\/\/i0.wp.com\/cdnoticias.com\/wp-content\/uploads\/2023\/03\/yenk2-scaled.jpg?w=1600&amp;ssl=1 1600w, https:\/\/i0.wp.com\/cdnoticias.com\/wp-content\/uploads\/2023\/03\/yenk2-scaled.jpg?w=2400&amp;ssl=1 2400w\" sizes=\"auto, (max-width: 800px) 100vw, 800px\" \/><\/p>\n<p>&nbsp;<\/p>\n<p><img data-recalc-dims=\"1\" loading=\"lazy\" decoding=\"async\" class=\"alignnone size-full wp-image-79802\" src=\"https:\/\/i0.wp.com\/cdnoticias.com\/wp-content\/uploads\/2023\/03\/rap-scaled.jpg?resize=800%2C445&#038;ssl=1\" alt=\"\" width=\"800\" height=\"445\" srcset=\"https:\/\/i0.wp.com\/cdnoticias.com\/wp-content\/uploads\/2023\/03\/rap-scaled.jpg?w=2560&amp;ssl=1 2560w, https:\/\/i0.wp.com\/cdnoticias.com\/wp-content\/uploads\/2023\/03\/rap-scaled.jpg?resize=300%2C167&amp;ssl=1 300w, https:\/\/i0.wp.com\/cdnoticias.com\/wp-content\/uploads\/2023\/03\/rap-scaled.jpg?resize=1024%2C570&amp;ssl=1 1024w, https:\/\/i0.wp.com\/cdnoticias.com\/wp-content\/uploads\/2023\/03\/rap-scaled.jpg?resize=768%2C427&amp;ssl=1 768w, https:\/\/i0.wp.com\/cdnoticias.com\/wp-content\/uploads\/2023\/03\/rap-scaled.jpg?resize=1536%2C855&amp;ssl=1 1536w, https:\/\/i0.wp.com\/cdnoticias.com\/wp-content\/uploads\/2023\/03\/rap-scaled.jpg?resize=2048%2C1140&amp;ssl=1 2048w, https:\/\/i0.wp.com\/cdnoticias.com\/wp-content\/uploads\/2023\/03\/rap-scaled.jpg?resize=800%2C445&amp;ssl=1 800w, https:\/\/i0.wp.com\/cdnoticias.com\/wp-content\/uploads\/2023\/03\/rap-scaled.jpg?w=1600&amp;ssl=1 1600w, https:\/\/i0.wp.com\/cdnoticias.com\/wp-content\/uploads\/2023\/03\/rap-scaled.jpg?w=2400&amp;ssl=1 2400w\" sizes=\"auto, (max-width: 800px) 100vw, 800px\" \/><\/p>\n<p>&nbsp;<\/p>\n<p>&nbsp;<\/p>\n","protected":false},"excerpt":{"rendered":"<p>El rap, el skate, el beatbox y la danza, protagonistas de un evento realizado en el skate park. El valor<\/p>\n","protected":false},"author":2,"featured_media":79800,"comment_status":"closed","ping_status":"closed","sticky":false,"template":"","format":"standard","meta":{"_jetpack_memberships_contains_paid_content":false,"footnotes":""},"categories":[9,1],"tags":[],"class_list":["post-79806","post","type-post","status-publish","format-standard","has-post-thumbnail","hentry","category-cultura","category-portada"],"jetpack_featured_media_url":"https:\/\/i0.wp.com\/cdnoticias.com\/wp-content\/uploads\/2023\/03\/cj2-scaled.jpg?fit=2560%2C1424&ssl=1","jetpack_sharing_enabled":true,"_links":{"self":[{"href":"https:\/\/cdnoticias.com\/index.php\/wp-json\/wp\/v2\/posts\/79806","targetHints":{"allow":["GET"]}}],"collection":[{"href":"https:\/\/cdnoticias.com\/index.php\/wp-json\/wp\/v2\/posts"}],"about":[{"href":"https:\/\/cdnoticias.com\/index.php\/wp-json\/wp\/v2\/types\/post"}],"author":[{"embeddable":true,"href":"https:\/\/cdnoticias.com\/index.php\/wp-json\/wp\/v2\/users\/2"}],"replies":[{"embeddable":true,"href":"https:\/\/cdnoticias.com\/index.php\/wp-json\/wp\/v2\/comments?post=79806"}],"version-history":[{"count":0,"href":"https:\/\/cdnoticias.com\/index.php\/wp-json\/wp\/v2\/posts\/79806\/revisions"}],"wp:featuredmedia":[{"embeddable":true,"href":"https:\/\/cdnoticias.com\/index.php\/wp-json\/wp\/v2\/media\/79800"}],"wp:attachment":[{"href":"https:\/\/cdnoticias.com\/index.php\/wp-json\/wp\/v2\/media?parent=79806"}],"wp:term":[{"taxonomy":"category","embeddable":true,"href":"https:\/\/cdnoticias.com\/index.php\/wp-json\/wp\/v2\/categories?post=79806"},{"taxonomy":"post_tag","embeddable":true,"href":"https:\/\/cdnoticias.com\/index.php\/wp-json\/wp\/v2\/tags?post=79806"}],"curies":[{"name":"wp","href":"https:\/\/api.w.org\/{rel}","templated":true}]}}