{"id":79770,"date":"2023-03-17T10:40:05","date_gmt":"2023-03-17T13:40:05","guid":{"rendered":"https:\/\/www.centraldenoticias.com.ar\/?p=79770"},"modified":"2023-03-17T10:40:05","modified_gmt":"2023-03-17T13:40:05","slug":"este-viernes-asumira-la-nueva-conduccion-de-la-ucr-y-la-jr-local","status":"publish","type":"post","link":"https:\/\/cdnoticias.com\/index.php\/2023\/03\/17\/este-viernes-asumira-la-nueva-conduccion-de-la-ucr-y-la-jr-local\/","title":{"rendered":"Este viernes, asumir\u00e1 la nueva conducci\u00f3n de la UCR y la JR local"},"content":{"rendered":"<p>El acto de asunci\u00f3n se llevar\u00e1 adelante desde las 19 horas en el Comit\u00e9, ubicado en 25 de Mayo 2758.<!--more--><\/p>\n<hr \/>\n<p>Este<strong> viernes 17 de marzo,<\/strong> asumir\u00e1 la <strong>nueva conducci\u00f3n de la Uni\u00f3n C\u00edvica Radical de Olavarr\u00eda.<\/strong> El acto de asunci\u00f3n se llevar\u00e1 adelante desde las <strong>19 horas en el Comit\u00e9 Local<\/strong>, ubicado en la calle 25 de Mayo 2758.<\/p>\n<p>&nbsp;<\/p>\n<p>Las <strong>nuevas autoridades<\/strong> que conducir\u00e1n el partido por los <strong>pr\u00f3ximos dos a\u00f1os<\/strong> son la concejal <strong>Bel\u00e9n Vergel,<\/strong> como presidenta, <strong>Sim\u00f3n Schwab,<\/strong> vicepresidente,<strong> Luc\u00eda Pereira<\/strong>, secretaria general, y <strong>Germ\u00e1n Salom\u00f3n<\/strong>, tesorero.<\/p>\n<p>&nbsp;<\/p>\n<p>Mientras que, la <strong>presidencia de la Juventud Radical<\/strong> ser\u00e1 asumida por<strong> Victoria Torino,<\/strong> acompa\u00f1ada por <strong>Facundo Ju\u00e1rez <\/strong>y<strong> Sara Ramaglia<\/strong>, c\u00f3mo vicepresidente y secretaria general respectivamente.<\/p>\n<p>&nbsp;<\/p>\n<p>Desde el espacio, se invit\u00f3 a militantes, familiares, y p\u00fablico general.<\/p>\n<p>&nbsp;<\/p>\n","protected":false},"excerpt":{"rendered":"<p>El acto de asunci\u00f3n se llevar\u00e1 adelante desde las 19 horas en el Comit\u00e9, ubicado en 25 de Mayo 2758.<\/p>\n","protected":false},"author":6,"featured_media":58587,"comment_status":"closed","ping_status":"closed","sticky":false,"template":"","format":"standard","meta":{"_jetpack_memberships_contains_paid_content":false,"footnotes":""},"categories":[4],"tags":[],"class_list":["post-79770","post","type-post","status-publish","format-standard","has-post-thumbnail","hentry","category-politica"],"jetpack_featured_media_url":"https:\/\/i0.wp.com\/cdnoticias.com\/wp-content\/uploads\/2022\/06\/UCR-local-casa-construccion-00.jpg?fit=800%2C445&ssl=1","jetpack_sharing_enabled":true,"_links":{"self":[{"href":"https:\/\/cdnoticias.com\/index.php\/wp-json\/wp\/v2\/posts\/79770","targetHints":{"allow":["GET"]}}],"collection":[{"href":"https:\/\/cdnoticias.com\/index.php\/wp-json\/wp\/v2\/posts"}],"about":[{"href":"https:\/\/cdnoticias.com\/index.php\/wp-json\/wp\/v2\/types\/post"}],"author":[{"embeddable":true,"href":"https:\/\/cdnoticias.com\/index.php\/wp-json\/wp\/v2\/users\/6"}],"replies":[{"embeddable":true,"href":"https:\/\/cdnoticias.com\/index.php\/wp-json\/wp\/v2\/comments?post=79770"}],"version-history":[{"count":0,"href":"https:\/\/cdnoticias.com\/index.php\/wp-json\/wp\/v2\/posts\/79770\/revisions"}],"wp:featuredmedia":[{"embeddable":true,"href":"https:\/\/cdnoticias.com\/index.php\/wp-json\/wp\/v2\/media\/58587"}],"wp:attachment":[{"href":"https:\/\/cdnoticias.com\/index.php\/wp-json\/wp\/v2\/media?parent=79770"}],"wp:term":[{"taxonomy":"category","embeddable":true,"href":"https:\/\/cdnoticias.com\/index.php\/wp-json\/wp\/v2\/categories?post=79770"},{"taxonomy":"post_tag","embeddable":true,"href":"https:\/\/cdnoticias.com\/index.php\/wp-json\/wp\/v2\/tags?post=79770"}],"curies":[{"name":"wp","href":"https:\/\/api.w.org\/{rel}","templated":true}]}}