{"id":79746,"date":"2023-03-17T08:23:57","date_gmt":"2023-03-17T11:23:57","guid":{"rendered":"https:\/\/www.centraldenoticias.com.ar\/?p=79746"},"modified":"2023-03-17T09:14:22","modified_gmt":"2023-03-17T12:14:22","slug":"secuestraron-una-camioneta-que-tenia-una-prohibicion-de-circular","status":"publish","type":"post","link":"https:\/\/cdnoticias.com\/index.php\/2023\/03\/17\/secuestraron-una-camioneta-que-tenia-una-prohibicion-de-circular\/","title":{"rendered":"Secuestraron una camioneta que ten\u00eda una \u201cprohibici\u00f3n de circular\u201d"},"content":{"rendered":"<p>Adem\u00e1s, su conductor no cuenta con licencia de conducir. Resultados de los procedimientos de personal de Motos Polic\u00edas y Tr\u00e1nsito Municipal.<\/p>\n<p><!--more--><del><\/del><\/p>\n<hr \/>\n<p>&nbsp;<\/p>\n<p>Personal de <strong>Motos Polic\u00edas y Tr\u00e1nsito Municipal<\/strong> llev\u00f3 adelante <strong>distintos operativos de control con interceptaci\u00f3n de veh\u00edculos.<\/strong><\/p>\n<p>&nbsp;<\/p>\n<p>En ese marco, se inform\u00f3 que <strong>fueron secuestrados dos rodados.<\/strong><\/p>\n<p>&nbsp;<\/p>\n<blockquote><p>Uno de ellos era una camioneta VW Amarok sobre la que se hab\u00eda emitido una \u201cprohibici\u00f3n de circular\u201d y cuyo conductor no contaba con licencia de conducir.<\/p><\/blockquote>\n<p>&nbsp;<\/p>\n<p>El segundo es un auto Fiat cuyo conductor<strong> no portaba la documentaci\u00f3n habilitante y tampoco ten\u00eda la VTV.<\/strong><\/p>\n<p>&nbsp;<\/p>\n<p><img data-recalc-dims=\"1\" loading=\"lazy\" decoding=\"async\" class=\"size-full wp-image-79740 aligncenter\" src=\"https:\/\/i0.wp.com\/cdnoticias.com\/wp-content\/uploads\/2023\/03\/autos-secuestrados-00.jpg?resize=800%2C445&#038;ssl=1\" alt=\"\" width=\"800\" height=\"445\" srcset=\"https:\/\/i0.wp.com\/cdnoticias.com\/wp-content\/uploads\/2023\/03\/autos-secuestrados-00.jpg?w=800&amp;ssl=1 800w, https:\/\/i0.wp.com\/cdnoticias.com\/wp-content\/uploads\/2023\/03\/autos-secuestrados-00.jpg?resize=300%2C167&amp;ssl=1 300w, https:\/\/i0.wp.com\/cdnoticias.com\/wp-content\/uploads\/2023\/03\/autos-secuestrados-00.jpg?resize=768%2C427&amp;ssl=1 768w\" sizes=\"auto, (max-width: 800px) 100vw, 800px\" \/><\/p>\n","protected":false},"excerpt":{"rendered":"<p>Adem\u00e1s, su conductor no cuenta con licencia de conducir. Resultados de los procedimientos de personal de Motos Polic\u00edas y Tr\u00e1nsito<\/p>\n","protected":false},"author":4,"featured_media":79741,"comment_status":"closed","ping_status":"closed","sticky":false,"template":"","format":"standard","meta":{"_jetpack_memberships_contains_paid_content":false,"footnotes":""},"categories":[14,1],"tags":[],"class_list":["post-79746","post","type-post","status-publish","format-standard","has-post-thumbnail","hentry","category-policiales","category-portada"],"jetpack_featured_media_url":"https:\/\/i0.wp.com\/cdnoticias.com\/wp-content\/uploads\/2023\/03\/autos-secuestrados-01.jpg?fit=800%2C445&ssl=1","jetpack_sharing_enabled":true,"_links":{"self":[{"href":"https:\/\/cdnoticias.com\/index.php\/wp-json\/wp\/v2\/posts\/79746","targetHints":{"allow":["GET"]}}],"collection":[{"href":"https:\/\/cdnoticias.com\/index.php\/wp-json\/wp\/v2\/posts"}],"about":[{"href":"https:\/\/cdnoticias.com\/index.php\/wp-json\/wp\/v2\/types\/post"}],"author":[{"embeddable":true,"href":"https:\/\/cdnoticias.com\/index.php\/wp-json\/wp\/v2\/users\/4"}],"replies":[{"embeddable":true,"href":"https:\/\/cdnoticias.com\/index.php\/wp-json\/wp\/v2\/comments?post=79746"}],"version-history":[{"count":0,"href":"https:\/\/cdnoticias.com\/index.php\/wp-json\/wp\/v2\/posts\/79746\/revisions"}],"wp:featuredmedia":[{"embeddable":true,"href":"https:\/\/cdnoticias.com\/index.php\/wp-json\/wp\/v2\/media\/79741"}],"wp:attachment":[{"href":"https:\/\/cdnoticias.com\/index.php\/wp-json\/wp\/v2\/media?parent=79746"}],"wp:term":[{"taxonomy":"category","embeddable":true,"href":"https:\/\/cdnoticias.com\/index.php\/wp-json\/wp\/v2\/categories?post=79746"},{"taxonomy":"post_tag","embeddable":true,"href":"https:\/\/cdnoticias.com\/index.php\/wp-json\/wp\/v2\/tags?post=79746"}],"curies":[{"name":"wp","href":"https:\/\/api.w.org\/{rel}","templated":true}]}}