{"id":79696,"date":"2023-03-15T19:54:28","date_gmt":"2023-03-15T22:54:28","guid":{"rendered":"https:\/\/www.centraldenoticias.com.ar\/?p=79696"},"modified":"2023-03-15T19:55:53","modified_gmt":"2023-03-15T22:55:53","slug":"el-frente-de-todos-convoca-a-un-plenario-contra-la-proscripcion-de-cristina","status":"publish","type":"post","link":"https:\/\/cdnoticias.com\/index.php\/2023\/03\/15\/el-frente-de-todos-convoca-a-un-plenario-contra-la-proscripcion-de-cristina\/","title":{"rendered":"El Frente de Todos convoca a un plenario contra la proscripci\u00f3n de Cristina"},"content":{"rendered":"<p>Bajo el lema &#8220;Luche y Vuelve, Cristina 2023&#8221;, el espacio organiza un plenario abierto para la militancia que se realizar\u00e1 el s\u00e1bado desde las 10:00 horas en el Ateneo N\u00e9stor Kirchner. <!--more--><\/p>\n<hr \/>\n<p>&#8220;Luche y Vuelve, Cristina 2023&#8221; ser\u00e1 el slogan con el que el Frente de Todos de Olavarr\u00eda organizar\u00e1 un plenario abierto para la militancia. <strong>Pidiendo romper con la proscripci\u00f3n de la actual vicepresidenta, la actividad se realizar\u00e1 este s\u00e1bado desde las 10:00 horas en el Ateneo N\u00e9stor Kirchner, ubicado en Av Pringles N\u00b0 3968. \u00a0<\/strong><\/p>\n<p>&nbsp;<\/p>\n<blockquote><p>Durante la jornada se debatir\u00e1 en torno a la \u201ccr\u00edtica situaci\u00f3n que atraviesa la democracia argentina y la forma de llevar adelante la lucha contra la proscripci\u00f3n judicial de la vicepresidenta Cristina Fern\u00e1ndez de Kirchner\u201d.<\/p><\/blockquote>\n<p>&nbsp;<\/p>\n<p>Al igual que el encuentro realizado d\u00edas atr\u00e1s en Avellaneda, el plenario de la militancia en Olavarr\u00eda retoma la consigna &#8220;Luche y Vuelve&#8221; que hace 50 a\u00f1os <strong>le permiti\u00f3 al peronismo volver al gobierno luego de 18 a\u00f1os de proscripci\u00f3n.<\/strong><\/p>\n<p>&nbsp;<\/p>\n<blockquote><p>Los interesados en participar de esta actividad abierta a todos los adherentes al proyecto nacional y popular pueden inscribirse <a href=\"https:\/\/bit.ly\/3ZKZfxx\" target=\"_blank\" rel=\"noopener\">a trav\u00e9s de este link.\u00a0<\/a><\/p><\/blockquote>\n<p>&nbsp;<\/p>\n<p>El objetivo de esta serie de plenarios es<em> \u201corganizar en cada territorio la resistencia contra la avanzada judicial y construir las condiciones pol\u00edticas necesarias para propiciar la candidatura de Cristina Kirchner en las pr\u00f3ximas elecciones\u201d.<\/em><\/p>\n<p>&nbsp;<\/p>\n<p><strong><em>&#8220;Ayer nada sin Per\u00f3n, hoy nada sin Cristina. El s\u00e1bado nos juntamos en el Ateneo&#8221;<\/em><\/strong>, invitaron los organizadores.<\/p>\n","protected":false},"excerpt":{"rendered":"<p>Bajo el lema &#8220;Luche y Vuelve, Cristina 2023&#8221;, el espacio organiza un plenario abierto para la militancia que se realizar\u00e1<\/p>\n","protected":false},"author":2,"featured_media":79698,"comment_status":"closed","ping_status":"closed","sticky":false,"template":"","format":"standard","meta":{"_jetpack_memberships_contains_paid_content":false,"footnotes":""},"categories":[4,1],"tags":[],"class_list":["post-79696","post","type-post","status-publish","format-standard","has-post-thumbnail","hentry","category-politica","category-portada"],"jetpack_featured_media_url":"https:\/\/i0.wp.com\/cdnoticias.com\/wp-content\/uploads\/2023\/03\/Diseno-sin-titulo-10-1.png?fit=900%2C600&ssl=1","jetpack_sharing_enabled":true,"_links":{"self":[{"href":"https:\/\/cdnoticias.com\/index.php\/wp-json\/wp\/v2\/posts\/79696","targetHints":{"allow":["GET"]}}],"collection":[{"href":"https:\/\/cdnoticias.com\/index.php\/wp-json\/wp\/v2\/posts"}],"about":[{"href":"https:\/\/cdnoticias.com\/index.php\/wp-json\/wp\/v2\/types\/post"}],"author":[{"embeddable":true,"href":"https:\/\/cdnoticias.com\/index.php\/wp-json\/wp\/v2\/users\/2"}],"replies":[{"embeddable":true,"href":"https:\/\/cdnoticias.com\/index.php\/wp-json\/wp\/v2\/comments?post=79696"}],"version-history":[{"count":0,"href":"https:\/\/cdnoticias.com\/index.php\/wp-json\/wp\/v2\/posts\/79696\/revisions"}],"wp:featuredmedia":[{"embeddable":true,"href":"https:\/\/cdnoticias.com\/index.php\/wp-json\/wp\/v2\/media\/79698"}],"wp:attachment":[{"href":"https:\/\/cdnoticias.com\/index.php\/wp-json\/wp\/v2\/media?parent=79696"}],"wp:term":[{"taxonomy":"category","embeddable":true,"href":"https:\/\/cdnoticias.com\/index.php\/wp-json\/wp\/v2\/categories?post=79696"},{"taxonomy":"post_tag","embeddable":true,"href":"https:\/\/cdnoticias.com\/index.php\/wp-json\/wp\/v2\/tags?post=79696"}],"curies":[{"name":"wp","href":"https:\/\/api.w.org\/{rel}","templated":true}]}}