{"id":79695,"date":"2023-03-15T19:58:42","date_gmt":"2023-03-15T22:58:42","guid":{"rendered":"https:\/\/www.centraldenoticias.com.ar\/?p=79695"},"modified":"2023-03-15T19:58:42","modified_gmt":"2023-03-15T22:58:42","slug":"burlando-empieza-su-recorrida-por-el-interior-bonaerense","status":"publish","type":"post","link":"https:\/\/cdnoticias.com\/index.php\/2023\/03\/15\/burlando-empieza-su-recorrida-por-el-interior-bonaerense\/","title":{"rendered":"Burlando empieza su recorrida por el interior bonaerense"},"content":{"rendered":"<p>El medi\u00e1tico abogado desembarca en el interior bonaerense, para buscar apoyo a su precandidatura a gobernador bajo el concepto de \u201cuna nueva pol\u00edtica\u201d.<!--more--><\/p>\n<hr \/>\n<p>El Dr. <strong>Fernando Burlando<\/strong> realizar\u00e1 este viernes su <strong>lanzamiento de la precandidatura<\/strong> <strong>a gobernador de la Provincia de Buenos Aires<\/strong> en la S\u00e9ptima secci\u00f3n electoral.<\/p>\n<p>&nbsp;<\/p>\n<p>La actividad ser\u00e1 a las <strong>13 horas en la zona c\u00e9ntrica de nuestra ciudad<\/strong> y por la tarde visitar\u00e1 la ciudad de 25 de Mayo.<\/p>\n<p>&nbsp;<\/p>\n<p>Durante el mes de enero Burlando estuvo en el foco de atenci\u00f3n por ser el<strong> abogado de la familia de Fernando B\u00e1ez Sosa.<\/strong> Este juicio, seg\u00fan afirm\u00f3, &#8220;lo acerc\u00f3 a la gente&#8221;, sin embargo descarta que haya sido eso el motivo de su precandidatura.<\/p>\n<p>&nbsp;<\/p>\n<p><em>\u201cSupongamos que hubiese sido una estrategia, no fue mala. Los pol\u00edticos prometen y del otro lado no hay nada: a la democracia le han pegado golpes bajos, afanaron en nombre de ella, fracasaron<\/em>\u201d, agreg\u00f3 Burlando.<\/p>\n<p>&nbsp;<\/p>\n<p>A la hora de tomar posici\u00f3n, el reconocido abogado sostuvo que <strong>no es candidato \u201cni de Horacio Rodr\u00edguez Larreta ni de Patricia Bullrich\u201d.<\/strong> Asimismo, afirm\u00f3 que <strong>no ha mantenido \u201cning\u00fan di\u00e1logo ni charla con Javier Milei. Somos personas que nos respetamos\u201d.<\/strong><\/p>\n<p>&nbsp;<\/p>\n<p>Por \u00faltimo, en relaci\u00f3n al gobierno actual, Burlando se\u00f1al\u00f3: \u201c<em><strong>Alberto Fern\u00e1ndez, Cristina Kirchner y La C\u00e1mpora: no me gusta, voy a ser opositor. Vengo a proponer una nueva pol\u00edtica. Toda esta gente se abus\u00f3 de la democracia, el fracaso es notorio y evidente\u201d.<\/strong><\/em><\/p>\n","protected":false},"excerpt":{"rendered":"<p>El medi\u00e1tico abogado desembarca en el interior bonaerense, para buscar apoyo a su precandidatura a gobernador bajo el concepto de<\/p>\n","protected":false},"author":6,"featured_media":79697,"comment_status":"closed","ping_status":"closed","sticky":false,"template":"","format":"standard","meta":{"_jetpack_memberships_contains_paid_content":false,"footnotes":""},"categories":[4,1],"tags":[],"class_list":["post-79695","post","type-post","status-publish","format-standard","has-post-thumbnail","hentry","category-politica","category-portada"],"jetpack_featured_media_url":"https:\/\/i0.wp.com\/cdnoticias.com\/wp-content\/uploads\/2023\/03\/burlando.jpg?fit=1000%2C525&ssl=1","jetpack_sharing_enabled":true,"_links":{"self":[{"href":"https:\/\/cdnoticias.com\/index.php\/wp-json\/wp\/v2\/posts\/79695","targetHints":{"allow":["GET"]}}],"collection":[{"href":"https:\/\/cdnoticias.com\/index.php\/wp-json\/wp\/v2\/posts"}],"about":[{"href":"https:\/\/cdnoticias.com\/index.php\/wp-json\/wp\/v2\/types\/post"}],"author":[{"embeddable":true,"href":"https:\/\/cdnoticias.com\/index.php\/wp-json\/wp\/v2\/users\/6"}],"replies":[{"embeddable":true,"href":"https:\/\/cdnoticias.com\/index.php\/wp-json\/wp\/v2\/comments?post=79695"}],"version-history":[{"count":0,"href":"https:\/\/cdnoticias.com\/index.php\/wp-json\/wp\/v2\/posts\/79695\/revisions"}],"wp:featuredmedia":[{"embeddable":true,"href":"https:\/\/cdnoticias.com\/index.php\/wp-json\/wp\/v2\/media\/79697"}],"wp:attachment":[{"href":"https:\/\/cdnoticias.com\/index.php\/wp-json\/wp\/v2\/media?parent=79695"}],"wp:term":[{"taxonomy":"category","embeddable":true,"href":"https:\/\/cdnoticias.com\/index.php\/wp-json\/wp\/v2\/categories?post=79695"},{"taxonomy":"post_tag","embeddable":true,"href":"https:\/\/cdnoticias.com\/index.php\/wp-json\/wp\/v2\/tags?post=79695"}],"curies":[{"name":"wp","href":"https:\/\/api.w.org\/{rel}","templated":true}]}}