{"id":79676,"date":"2023-03-15T15:54:50","date_gmt":"2023-03-15T18:54:50","guid":{"rendered":"https:\/\/www.centraldenoticias.com.ar\/?p=79676"},"modified":"2023-03-16T07:58:57","modified_gmt":"2023-03-16T10:58:57","slug":"femicidio-de-sofia-vicente-se-dicto-la-detencion-para-el-profugo","status":"publish","type":"post","link":"https:\/\/cdnoticias.com\/index.php\/2023\/03\/15\/femicidio-de-sofia-vicente-se-dicto-la-detencion-para-el-profugo\/","title":{"rendered":"Femicidio de Sof\u00eda Vicente: se dict\u00f3 la detenci\u00f3n para el pr\u00f3fugo"},"content":{"rendered":"<p>Se mantiene la b\u00fasqueda, tal como inform\u00f3 la fiscal Paula Serrano este mi\u00e9rcoles. Ezequiel Gonz\u00e1lez est\u00e1 acusado de haber cometido el crimen. M\u00e1s detalles del avance del caso.<\/p>\n<p><!--more--><\/p>\n<hr \/>\n<p>En la sede del Poder Judicial de Olavarr\u00eda, <strong>la fiscal Paula Serrano brind\u00f3 este mi\u00e9rcoles una conferencia de prensa<\/strong> en la que inform\u00f3 la <strong>actualidad de la investigaci\u00f3n penal que se lleva adelante por el asesinato de Sof\u00eda Vicente<\/strong>.<\/p>\n<p>&nbsp;<\/p>\n<p>Destac\u00f3 que <strong>se mantiene la car\u00e1tula de \u201cfemicidio\u201d<\/strong> y que<strong> se dict\u00f3 la detenci\u00f3n para la persona que se mantiene pr\u00f3fuga, Ezequiel Gonz\u00e1lez, quien tambi\u00e9n est\u00e1 acusado de haber cometido el crimen<\/strong>. Confirm\u00f3 que se trata de quien se hab\u00eda presentado como testigo y declar\u00f3 que la joven de 23 a\u00f1os se hab\u00eda ido a Mar del Plata.<\/p>\n<p>&nbsp;<\/p>\n<p>Tambi\u00e9n indic\u00f3 que <strong>presumen que la casa contigua al pozo s\u00e9ptico donde se hall\u00f3 el cuerpo ser\u00eda el lugar donde se cometi\u00f3 el femicidio<\/strong>, aunque no est\u00e1 fehacientemente probado a\u00fan. \u201cTodo indicar\u00eda que fue ah\u00ed, pero estamos contemplando otras hip\u00f3tesis\u201d marc\u00f3.<\/p>\n<p>&nbsp;<\/p>\n<p><img data-recalc-dims=\"1\" loading=\"lazy\" decoding=\"async\" class=\"size-large wp-image-79671 aligncenter\" src=\"https:\/\/i0.wp.com\/cdnoticias.com\/wp-content\/uploads\/2023\/03\/serrano-busto-landoni-lagano.jpg?resize=800%2C445&#038;ssl=1\" alt=\"\" width=\"800\" height=\"445\" srcset=\"https:\/\/i0.wp.com\/cdnoticias.com\/wp-content\/uploads\/2023\/03\/serrano-busto-landoni-lagano-scaled.jpg?resize=1024%2C570&amp;ssl=1 1024w, https:\/\/i0.wp.com\/cdnoticias.com\/wp-content\/uploads\/2023\/03\/serrano-busto-landoni-lagano-scaled.jpg?resize=300%2C167&amp;ssl=1 300w, https:\/\/i0.wp.com\/cdnoticias.com\/wp-content\/uploads\/2023\/03\/serrano-busto-landoni-lagano-scaled.jpg?resize=768%2C427&amp;ssl=1 768w, https:\/\/i0.wp.com\/cdnoticias.com\/wp-content\/uploads\/2023\/03\/serrano-busto-landoni-lagano-scaled.jpg?resize=1536%2C854&amp;ssl=1 1536w, https:\/\/i0.wp.com\/cdnoticias.com\/wp-content\/uploads\/2023\/03\/serrano-busto-landoni-lagano-scaled.jpg?resize=2048%2C1139&amp;ssl=1 2048w, https:\/\/i0.wp.com\/cdnoticias.com\/wp-content\/uploads\/2023\/03\/serrano-busto-landoni-lagano-scaled.jpg?resize=800%2C445&amp;ssl=1 800w, https:\/\/i0.wp.com\/cdnoticias.com\/wp-content\/uploads\/2023\/03\/serrano-busto-landoni-lagano-scaled.jpg?w=1600&amp;ssl=1 1600w, https:\/\/i0.wp.com\/cdnoticias.com\/wp-content\/uploads\/2023\/03\/serrano-busto-landoni-lagano-scaled.jpg?w=2400&amp;ssl=1 2400w\" sizes=\"auto, (max-width: 800px) 100vw, 800px\" \/><\/p>\n<p>&nbsp;<\/p>\n<p>Junto a la titular de la UFI N\u00ba 4 estuvieron <em>el jefe de la Polic\u00eda Departamental, comisario inspector Roberto Landoni, el jefe de la Sub DDI Olavarr\u00eda Fernando Lagano y el subsecretario de Seguridad municipal, Mario Busto<\/em>.<\/p>\n<p>&nbsp;<\/p>\n<blockquote><p>\u201cEstos casos son todos complicados\u201d defini\u00f3 la fiscal para indicar que se mantiene la consideraci\u00f3n de que el crimen fue un femicidio, pero que se analizan en paralelo m\u00e1s motivaciones. El hecho de que el cuerpo presentara un disparo en la nuca y estuviera con los ojos vendados \u201cnos hace trabajar en distintas hip\u00f3tesis, sin perjuicio de que es un hecho de violencia de g\u00e9nero. Puede tener otras motivaciones que se incluyan en esa, pero es un hecho notorio de violencia de g\u00e9nero\u201d remarc\u00f3.<\/p><\/blockquote>\n<p>&nbsp;<\/p>\n<p><img data-recalc-dims=\"1\" loading=\"lazy\" decoding=\"async\" class=\"size-full wp-image-79448 aligncenter\" src=\"https:\/\/i0.wp.com\/cdnoticias.com\/wp-content\/uploads\/2023\/03\/manifestacion-sofia-vicente-fiscalia-10.jpg?resize=800%2C445&#038;ssl=1\" alt=\"\" width=\"800\" height=\"445\" srcset=\"https:\/\/i0.wp.com\/cdnoticias.com\/wp-content\/uploads\/2023\/03\/manifestacion-sofia-vicente-fiscalia-10.jpg?w=800&amp;ssl=1 800w, https:\/\/i0.wp.com\/cdnoticias.com\/wp-content\/uploads\/2023\/03\/manifestacion-sofia-vicente-fiscalia-10.jpg?resize=300%2C167&amp;ssl=1 300w, https:\/\/i0.wp.com\/cdnoticias.com\/wp-content\/uploads\/2023\/03\/manifestacion-sofia-vicente-fiscalia-10.jpg?resize=768%2C427&amp;ssl=1 768w\" sizes=\"auto, (max-width: 800px) 100vw, 800px\" \/><\/p>\n<p>&nbsp;<\/p>\n<p><span style=\"text-decoration: underline;\"><strong>Los acusados<\/strong><\/span><\/p>\n<p>&nbsp;<\/p>\n<blockquote><p><a href=\"https:\/\/cdnoticias.com\/index.php\/2023\/03\/14\/confirmaron-resultados-positivos-en-los-allanamientos-por-el-femicidio-de-sofia\/\" target=\"_blank\" rel=\"noopener\">\u201cAyer el doctor Villamar\u00edn a cargo del Juzgado de Garant\u00edas N\u00famero 2 convirti\u00f3 la aprehensi\u00f3n de Pablo Mart\u00edn Olalde en detenci\u00f3n<\/a> por el delito de femicidio. Tambi\u00e9n dict\u00f3 la detenci\u00f3n de otra persona que estamos buscando intensamente por el mismo delito\u201d inform\u00f3 la fiscal las principales novedades en t\u00e9rminos de avance de los procedimientos.<\/p><\/blockquote>\n<p>&nbsp;<\/p>\n<p>Aclar\u00f3 que<strong> Olalde \u201cest\u00e1 con la calificaci\u00f3n de part\u00edcipe necesario\u201d<\/strong>, para lo que se prev\u00e9 la misma pena que para el autor del femicidio. El detenido se neg\u00f3 a declarar, \u201cla defensa todav\u00eda no ha ofrecido ning\u00fan tipo de prueba para demostrar alguna otra hip\u00f3tesis o probar su inocencia\u201d indic\u00f3.<\/p>\n<p>&nbsp;<\/p>\n<p>Tambi\u00e9n revel\u00f3 que <strong>el detenido tiene denuncias de violencia de g\u00e9nero de una ex pareja<\/strong> las cuales fueron asentadas hace varios a\u00f1os. \u201cNos contactamos con la persona y ya prest\u00f3 declaraci\u00f3n. Tiene otras denuncias tambi\u00e9n, estamos contactando a la gente para ampliar un poco el perfil y caracter\u00edsticas de personalidad\u201d se\u00f1al\u00f3.<\/p>\n<p>&nbsp;<\/p>\n<p><img data-recalc-dims=\"1\" loading=\"lazy\" decoding=\"async\" class=\"size-large wp-image-79672 aligncenter\" src=\"https:\/\/i0.wp.com\/cdnoticias.com\/wp-content\/uploads\/2023\/03\/serrano-paula-conferencia-femicidio-sofia.jpg?resize=800%2C445&#038;ssl=1\" alt=\"\" width=\"800\" height=\"445\" srcset=\"https:\/\/i0.wp.com\/cdnoticias.com\/wp-content\/uploads\/2023\/03\/serrano-paula-conferencia-femicidio-sofia-scaled.jpg?resize=1024%2C570&amp;ssl=1 1024w, https:\/\/i0.wp.com\/cdnoticias.com\/wp-content\/uploads\/2023\/03\/serrano-paula-conferencia-femicidio-sofia-scaled.jpg?resize=300%2C167&amp;ssl=1 300w, https:\/\/i0.wp.com\/cdnoticias.com\/wp-content\/uploads\/2023\/03\/serrano-paula-conferencia-femicidio-sofia-scaled.jpg?resize=768%2C427&amp;ssl=1 768w, https:\/\/i0.wp.com\/cdnoticias.com\/wp-content\/uploads\/2023\/03\/serrano-paula-conferencia-femicidio-sofia-scaled.jpg?resize=1536%2C855&amp;ssl=1 1536w, https:\/\/i0.wp.com\/cdnoticias.com\/wp-content\/uploads\/2023\/03\/serrano-paula-conferencia-femicidio-sofia-scaled.jpg?resize=2048%2C1140&amp;ssl=1 2048w, https:\/\/i0.wp.com\/cdnoticias.com\/wp-content\/uploads\/2023\/03\/serrano-paula-conferencia-femicidio-sofia-scaled.jpg?resize=800%2C445&amp;ssl=1 800w, https:\/\/i0.wp.com\/cdnoticias.com\/wp-content\/uploads\/2023\/03\/serrano-paula-conferencia-femicidio-sofia-scaled.jpg?w=1600&amp;ssl=1 1600w, https:\/\/i0.wp.com\/cdnoticias.com\/wp-content\/uploads\/2023\/03\/serrano-paula-conferencia-femicidio-sofia-scaled.jpg?w=2400&amp;ssl=1 2400w\" sizes=\"auto, (max-width: 800px) 100vw, 800px\" \/><\/p>\n<p>&nbsp;<\/p>\n<p>Se solicit\u00f3 una <strong>pericia psiqui\u00e1trica y psicol\u00f3gica<\/strong> que se va a realizar a fin de mes. Tambi\u00e9n se pidieron<strong> informes al Ministerio de Seguridad de la provincia<\/strong> para conocer el legajo del acusado durante su servicio en la Polic\u00eda Bonaerense \u2013\u201cs\u00e9 que est\u00e1 exonerado, pero de ah\u00ed va a surgir si dej\u00f3 la Polic\u00eda o lo cesantearon\u201d- y se <strong>solicit\u00f3 la historia cl\u00ednica<\/strong> a fin de conocer si de all\u00ed surge si hab\u00eda tenido alg\u00fan tratamiento psiqui\u00e1trico.<\/p>\n<p>&nbsp;<\/p>\n<p>Confirm\u00f3 que Olalde, quien ten\u00eda trabajo estable como transportista, <strong>presentaba lesiones al momento de su detenci\u00f3n \u201cque coinciden con la data de desaparici\u00f3n de Sof\u00eda\u201d<\/strong>. Estim\u00f3 que esas heridas \u201cpodr\u00eda ser de defensa o de haber estado en el predio con los elementos que all\u00ed hay\u201d, en referencia al lugar del hallazgo del cuerpo.<\/p>\n<p>&nbsp;<\/p>\n<blockquote><p>\u201cSeguimos con la hip\u00f3tesis de que podr\u00edan haber intervenido otras personas en el hecho as\u00ed que estamos realizando las tareas pertinentes para verificar eso o descartarlo. Por el momento seguimos con la l\u00ednea de que es un hecho de violencia de g\u00e9nero\u201d agreg\u00f3 la fiscal.<\/p><\/blockquote>\n<p>&nbsp;<\/p>\n<p><img data-recalc-dims=\"1\" loading=\"lazy\" decoding=\"async\" class=\"size-large wp-image-79668 aligncenter\" src=\"https:\/\/i0.wp.com\/cdnoticias.com\/wp-content\/uploads\/2023\/03\/serrano-busto.jpg?resize=800%2C531&#038;ssl=1\" alt=\"\" width=\"800\" height=\"531\" srcset=\"https:\/\/i0.wp.com\/cdnoticias.com\/wp-content\/uploads\/2023\/03\/serrano-busto-scaled.jpg?resize=1024%2C680&amp;ssl=1 1024w, https:\/\/i0.wp.com\/cdnoticias.com\/wp-content\/uploads\/2023\/03\/serrano-busto-scaled.jpg?resize=300%2C199&amp;ssl=1 300w, https:\/\/i0.wp.com\/cdnoticias.com\/wp-content\/uploads\/2023\/03\/serrano-busto-scaled.jpg?resize=768%2C510&amp;ssl=1 768w, https:\/\/i0.wp.com\/cdnoticias.com\/wp-content\/uploads\/2023\/03\/serrano-busto-scaled.jpg?resize=1536%2C1020&amp;ssl=1 1536w, https:\/\/i0.wp.com\/cdnoticias.com\/wp-content\/uploads\/2023\/03\/serrano-busto-scaled.jpg?resize=2048%2C1360&amp;ssl=1 2048w, https:\/\/i0.wp.com\/cdnoticias.com\/wp-content\/uploads\/2023\/03\/serrano-busto-scaled.jpg?resize=272%2C182&amp;ssl=1 272w, https:\/\/i0.wp.com\/cdnoticias.com\/wp-content\/uploads\/2023\/03\/serrano-busto-scaled.jpg?w=1600&amp;ssl=1 1600w, https:\/\/i0.wp.com\/cdnoticias.com\/wp-content\/uploads\/2023\/03\/serrano-busto-scaled.jpg?w=2400&amp;ssl=1 2400w\" sizes=\"auto, (max-width: 800px) 100vw, 800px\" \/><\/p>\n<p>&nbsp;<\/p>\n<p><strong>Respecto de Gonz\u00e1lez, estim\u00f3 que puede estar en la ciudad<\/strong> ya que no tendr\u00eda medios econ\u00f3micos para fugarse o permanecer oculto. El hombre no tiene trabajo fijo y es changar\u00edn.<\/p>\n<p>&nbsp;<\/p>\n<p><strong>Al confirmar que este acusado es quien declar\u00f3 que la joven se hab\u00eda subido a un auto para irse a Mar del Plata<\/strong> a\u00f1adi\u00f3 que \u201csu relato no se pudo verificar y s\u00ed se verificaron otros, por eso est\u00e1 con el pedido de detenci\u00f3n\u201d.<\/p>\n<p>&nbsp;<\/p>\n<p><span style=\"text-decoration: underline;\"><strong>Pruebas y testimonios<\/strong><\/span><\/p>\n<p>&nbsp;<\/p>\n<p>Los elementos probatorios con los que trabaja la Fiscal\u00eda N\u00ba 4 son los <strong>testimonios de quienes se acercan a aportar datos<\/strong> y las <strong>im\u00e1genes de las c\u00e1maras de seguridad<\/strong>. Se\u00f1al\u00f3 que con los distintos resultados que se tuvieron se realizaron los allanamientos de los \u00faltimos d\u00edas.<\/p>\n<p>&nbsp;<\/p>\n<p>Una de las pericias que ser\u00e1 de suma importancia para avanzar con la confirmaci\u00f3n de la principal hip\u00f3tesis del caso ser\u00e1 la de ADN. Sobre ello, Serrano tuvo en cuenta que se trata de una prueba que demora varios meses y que con el objetivo de pedir \u201cprioridad\u201d en los an\u00e1lisis, <strong>el fiscal general de Azul, Marcelo Sobrino, llev\u00f3 personalmente las muestras a la sede en La Plata donde se concretan los estudios.<\/strong> \u201cQueremos que se le d\u00e9 prioridad para que se le den los resultados lo antes posible\u201d expuso.<\/p>\n<p>&nbsp;<\/p>\n<p><a href=\"https:\/\/cdnoticias.com\/index.php\/2023\/03\/14\/con-mas-allanamientos-avanza-la-investigacion-del-femicidio-de-sofia-vicente\/\" target=\"_blank\" rel=\"noopener\">Los allanamientos que se llevaron adelante este martes tuvieron lugar en distintos bares de la ciudad<\/a>. \u201cPoco podemos decir, <strong>estamos reconstruyendo los \u00faltimos momentos donde Sof\u00eda habr\u00eda estado o con las personas con las que habr\u00eda sido vista<\/strong>. (Buscamos) si en esos lugares de contacto surgen elementos de inter\u00e9s por eso estamos verificando si encontramos rastros\u201d indic\u00f3.\u00a0Ante la consulta por los resultados, <strong>evit\u00f3 dar detalles de los elementos secuestrados.<\/strong><\/p>\n<p>&nbsp;<\/p>\n<p><img data-recalc-dims=\"1\" loading=\"lazy\" decoding=\"async\" class=\"size-full wp-image-79550 aligncenter\" src=\"https:\/\/i0.wp.com\/cdnoticias.com\/wp-content\/uploads\/2023\/03\/allanamiento-colon-y-pourtale-01.jpg?resize=800%2C445&#038;ssl=1\" alt=\"\" width=\"800\" height=\"445\" srcset=\"https:\/\/i0.wp.com\/cdnoticias.com\/wp-content\/uploads\/2023\/03\/allanamiento-colon-y-pourtale-01.jpg?w=800&amp;ssl=1 800w, https:\/\/i0.wp.com\/cdnoticias.com\/wp-content\/uploads\/2023\/03\/allanamiento-colon-y-pourtale-01.jpg?resize=300%2C167&amp;ssl=1 300w, https:\/\/i0.wp.com\/cdnoticias.com\/wp-content\/uploads\/2023\/03\/allanamiento-colon-y-pourtale-01.jpg?resize=768%2C427&amp;ssl=1 768w\" sizes=\"auto, (max-width: 800px) 100vw, 800px\" \/><\/p>\n<p>&nbsp;<\/p>\n<p>Tambi\u00e9n destac\u00f3 que <strong>se han recibido \u201cmuchos testimonios\u201d en la causa<\/strong>. \u201cTodos los d\u00edas recibimos entre 5 y 10 testimonios en Fiscal\u00eda y a trav\u00e9s de Comisar\u00eda, que tambi\u00e9n cita gente para adelantar trabajo. La causa ya tiene cuatro o cinco cuerpos\u201d.<\/p>\n<p>&nbsp;<\/p>\n<p><span style=\"text-decoration: underline;\"><strong>Las \u00faltimas horas de Sof\u00eda<\/strong><\/span><\/p>\n<p>&nbsp;<\/p>\n<p><strong>\u201cEstamos en la tarea de reconstruir los \u00faltimos momentos y de verificar qui\u00e9nes son las \u00faltimas personas que estuvieron con Sof\u00eda Vicente<\/strong> desde el s\u00e1bado hasta el domingo\u201d indic\u00f3 la doctora Serrano sobre una de las tareas que llevan adelante en la investigaci\u00f3n.<\/p>\n<p>&nbsp;<\/p>\n<p><a href=\"https:\/\/cdnoticias.com\/index.php\/2023\/03\/11\/se-conocio-el-resultado-preliminar-de-la-autopsia-de-sofia-belen-vicente\/\" target=\"_blank\" rel=\"noopener\">Seg\u00fan el informe de autopsia<\/a>, la data de la muerte es entre tres y seis d\u00edas previos al hallazgo del cuerpo. <strong>\u201cSe hall\u00f3 el 9 de marzo as\u00ed que estamos entre el 6 y el 3 de marzo. Ella desapareci\u00f3 en 4 a la noche\u201d<\/strong> dijo.<\/p>\n<p>&nbsp;<\/p>\n<p>Durante la conferencia, confirm\u00f3 que <strong>la joven se fue del Festival de Doma con Gonz\u00e1lez, quien hab\u00eda protagonizado disturbios<\/strong> en el predio de La Rural.<\/p>\n<p>&nbsp;<\/p>\n<p><img data-recalc-dims=\"1\" loading=\"lazy\" decoding=\"async\" class=\"size-full wp-image-79281 aligncenter\" src=\"https:\/\/i0.wp.com\/cdnoticias.com\/wp-content\/uploads\/2023\/03\/sofia-vicente.jpg?resize=800%2C444&#038;ssl=1\" alt=\"\" width=\"800\" height=\"444\" srcset=\"https:\/\/i0.wp.com\/cdnoticias.com\/wp-content\/uploads\/2023\/03\/sofia-vicente.jpg?w=800&amp;ssl=1 800w, https:\/\/i0.wp.com\/cdnoticias.com\/wp-content\/uploads\/2023\/03\/sofia-vicente.jpg?resize=300%2C167&amp;ssl=1 300w, https:\/\/i0.wp.com\/cdnoticias.com\/wp-content\/uploads\/2023\/03\/sofia-vicente.jpg?resize=768%2C426&amp;ssl=1 768w\" sizes=\"auto, (max-width: 800px) 100vw, 800px\" \/><\/p>\n<p>&nbsp;<\/p>\n<blockquote><p>Respecto al perfil de la v\u00edctima, describi\u00f3 que \u201cSof\u00eda era una chica muy abierta, muy confianzuda, sal\u00eda a los bares tal vez sola\u201d. En ese contexto y ante la consulta de la relaci\u00f3n de la joven con los agresores, interpret\u00f3 que \u201cse encontraba y se iba con gente, entonces puede tener relaci\u00f3n previa o los puede haber conocido ah\u00ed. A una de las personas s\u00ed la conoc\u00eda de antes, porque era conocido de su ex pareja\u201d.<\/p><\/blockquote>\n<p>&nbsp;<\/p>\n<p>Una parte de la labor de reconstrucci\u00f3n de las \u00faltimas horas de la joven y el accionar de los sospechados consiste en el an\u00e1lisis de las im\u00e1genes de las c\u00e1maras de seguridad \u201cdesde los momentos previos a la desaparici\u00f3n hasta el hallazgo del cuerpo. Las im\u00e1genes est\u00e1n, se ven elementos de inter\u00e9s que ya fueron volcados en los pedidos de detenci\u00f3n tambi\u00e9n\u201d.<\/p>\n<p>&nbsp;<\/p>\n<p><span style=\"text-decoration: underline;\"><strong>El hallazgo del cuerpo<\/strong><\/span><\/p>\n<p>&nbsp;<\/p>\n<p><a href=\"https:\/\/cdnoticias.com\/index.php\/2023\/03\/09\/confirman-que-el-cuerpo-hallado-en-un-pozo-es-el-de-sofia-belen-vicente\/\" target=\"_blank\" rel=\"noopener\">El pozo donde se encontr\u00f3 el cuerpo est\u00e1 ubicado unos cuatro metros de una vivienda destinada a puesteros<\/a>, la cual estaba desocupada hace tiempo. Detr\u00e1s est\u00e1 la vivienda del propietario y detr\u00e1s una tercera casa, tambi\u00e9n destinada a un puestero. <strong>En la primera vivienda \u201cse encontraron elementos que podr\u00edan tener vinculaci\u00f3n a la causa. De hecho es en el sector trasero donde se encontr\u00f3 el tambor con la ropa quemada adentro y es lo que ya se mand\u00f3 a peritar\u201d<\/strong> explic\u00f3 la fiscal. Con ello, reiter\u00f3 que se trata de fuertes indicios de que esa es la escena del crimen, aunque por el momento no lo puede afirmar ya que aguarda el resultado de las pericias.<\/p>\n<p>&nbsp;<\/p>\n<blockquote><p>\u201cPresumimos que muri\u00f3 donde la encontramos, pero no descartamos que puede haber sido trasladada al lugar porque era de conocimiento (para los sospechados). Que haya sido el lugar de la muerte va a surgir de todas las pericias que hay que hacer respecto de lo que se levant\u00f3 en el lugar\u201d dijo. \u00a0M\u00e1s adelante coment\u00f3 que se esperan m\u00e1s pericias para conocer si la joven tuvo relaciones sexuales antes de su fallecimiento. Cabe se\u00f1alar que el informe preliminar de autopsia estableci\u00f3 que no presentaba signos de abuso sexual y que ten\u00eda signos de ahorcamiento y un disparo en la nuca.<\/p><\/blockquote>\n<p>&nbsp;<\/p>\n<p><img data-recalc-dims=\"1\" loading=\"lazy\" decoding=\"async\" class=\"size-full wp-image-79109 aligncenter\" src=\"https:\/\/i0.wp.com\/cdnoticias.com\/wp-content\/uploads\/2023\/03\/hallazgo-mujer-camino-a-crotto-04.jpg?resize=800%2C445&#038;ssl=1\" alt=\"\" width=\"800\" height=\"445\" srcset=\"https:\/\/i0.wp.com\/cdnoticias.com\/wp-content\/uploads\/2023\/03\/hallazgo-mujer-camino-a-crotto-04.jpg?w=800&amp;ssl=1 800w, https:\/\/i0.wp.com\/cdnoticias.com\/wp-content\/uploads\/2023\/03\/hallazgo-mujer-camino-a-crotto-04.jpg?resize=300%2C167&amp;ssl=1 300w, https:\/\/i0.wp.com\/cdnoticias.com\/wp-content\/uploads\/2023\/03\/hallazgo-mujer-camino-a-crotto-04.jpg?resize=768%2C427&amp;ssl=1 768w\" sizes=\"auto, (max-width: 800px) 100vw, 800px\" \/><\/p>\n<p>&nbsp;<\/p>\n<p>El cuerpo fue hallado en la tarde del jueves 9 de marzo por una persona que limpiaba el campo, quien ya brind\u00f3 su declaraci\u00f3n.<strong> \u201cEsa persona declar\u00f3 que hac\u00eda muy pocos d\u00edas que hab\u00eda tomado posesi\u00f3n del campo\u201d<\/strong> explic\u00f3 para ampliar que desarroll\u00f3 tareas de limpieza mayormente por fuera de la vivienda.<\/p>\n<p>&nbsp;<\/p>\n<p>Asimismo, cont\u00f3 que <strong>son varias las personas que declararon que concurrieron al campo en esos d\u00edas<\/strong> para realizar distintas tareas de cuidado de vacunos, de colmenas y trabajos de limpieza. Cada persona se dirig\u00eda a distintos sectores del mismo campo, no necesariamente cerca de la vivienda. <strong>\u201cNo se alertan de nada hasta el d\u00eda jueves\u201d indic\u00f3 para agregar que \u201cuno advirti\u00f3 que faltaba uno de los candados de las tranqueras internas<\/strong> del campo, la que est\u00e1 m\u00e1s cercana a la vivienda. Estaba atada la cadena de otra forma. En los d\u00edas anteriores el candado estaba\u201d.<\/p>\n<p>&nbsp;<\/p>\n<p>Aclar\u00f3 que <strong>no es el mismo lugar donde se hall\u00f3 a otra v\u00edctima de asesinato<\/strong> registrado hace varios a\u00f1os. \u201cEs esa zona de la ciudad pero no es el mismo campo\u201d dijo.<\/p>\n<p>&nbsp;<\/p>\n<blockquote><p>Respecto del arma utilizada para dispararle a la joven, la fiscal remarc\u00f3 que \u201cpodemos sospechar el calibre de acuerdo al proyectil que se extrajo, pero no hemos encontrado armas en los allanamientos\u201d.<\/p><\/blockquote>\n<p>&nbsp;<\/p>\n<p><img data-recalc-dims=\"1\" loading=\"lazy\" decoding=\"async\" class=\"size-full wp-image-79110 aligncenter\" src=\"https:\/\/i0.wp.com\/cdnoticias.com\/wp-content\/uploads\/2023\/03\/hallazgo-mujer-camino-a-crotto-05.jpg?resize=800%2C445&#038;ssl=1\" alt=\"\" width=\"800\" height=\"445\" srcset=\"https:\/\/i0.wp.com\/cdnoticias.com\/wp-content\/uploads\/2023\/03\/hallazgo-mujer-camino-a-crotto-05.jpg?w=800&amp;ssl=1 800w, https:\/\/i0.wp.com\/cdnoticias.com\/wp-content\/uploads\/2023\/03\/hallazgo-mujer-camino-a-crotto-05.jpg?resize=300%2C167&amp;ssl=1 300w, https:\/\/i0.wp.com\/cdnoticias.com\/wp-content\/uploads\/2023\/03\/hallazgo-mujer-camino-a-crotto-05.jpg?resize=768%2C427&amp;ssl=1 768w\" sizes=\"auto, (max-width: 800px) 100vw, 800px\" \/><\/p>\n<p>&nbsp;<\/p>\n<p><strong>La b\u00fasqueda de Sof\u00eda<\/strong><\/p>\n<p>&nbsp;<\/p>\n<p>Paula Serrano inform\u00f3 que la denuncia de desaparici\u00f3n se asent\u00f3 \u201cel lunes 6 a la noche. Entonces ya ah\u00ed ten\u00edamos un rango de casi 48 horas en la que no se la hab\u00eda buscado\u201d.<\/p>\n<p>&nbsp;<\/p>\n<p>Hizo hincapi\u00e9 en que cuando recibieron la denuncia de averiguaci\u00f3n de paradero se puso en marcha el protocolo de actuaci\u00f3n en el que intervienen distintas dependencias, entre ellas la DDI local. \u201cSe hacen distintas tareas en el c\u00edrculo de la persona, contactos con las personas cercanas, rastrillajes, pedidos de c\u00e1maras. Todo se dispone en la inmediatez\u201d cont\u00f3 en el cierre de la conferencia.<\/p>\n<p>&nbsp;<\/p>\n","protected":false},"excerpt":{"rendered":"<p>Se mantiene la b\u00fasqueda, tal como inform\u00f3 la fiscal Paula Serrano este mi\u00e9rcoles. Ezequiel Gonz\u00e1lez est\u00e1 acusado de haber cometido<\/p>\n","protected":false},"author":4,"featured_media":79674,"comment_status":"closed","ping_status":"closed","sticky":false,"template":"","format":"standard","meta":{"_jetpack_memberships_contains_paid_content":false,"footnotes":""},"categories":[14,1],"tags":[],"class_list":["post-79676","post","type-post","status-publish","format-standard","has-post-thumbnail","hentry","category-policiales","category-portada"],"jetpack_featured_media_url":"https:\/\/i0.wp.com\/cdnoticias.com\/wp-content\/uploads\/2023\/03\/serrano-paula-conferencia-femicidio-sofia-3-scaled.jpg?fit=2560%2C1424&ssl=1","jetpack_sharing_enabled":true,"_links":{"self":[{"href":"https:\/\/cdnoticias.com\/index.php\/wp-json\/wp\/v2\/posts\/79676","targetHints":{"allow":["GET"]}}],"collection":[{"href":"https:\/\/cdnoticias.com\/index.php\/wp-json\/wp\/v2\/posts"}],"about":[{"href":"https:\/\/cdnoticias.com\/index.php\/wp-json\/wp\/v2\/types\/post"}],"author":[{"embeddable":true,"href":"https:\/\/cdnoticias.com\/index.php\/wp-json\/wp\/v2\/users\/4"}],"replies":[{"embeddable":true,"href":"https:\/\/cdnoticias.com\/index.php\/wp-json\/wp\/v2\/comments?post=79676"}],"version-history":[{"count":0,"href":"https:\/\/cdnoticias.com\/index.php\/wp-json\/wp\/v2\/posts\/79676\/revisions"}],"wp:featuredmedia":[{"embeddable":true,"href":"https:\/\/cdnoticias.com\/index.php\/wp-json\/wp\/v2\/media\/79674"}],"wp:attachment":[{"href":"https:\/\/cdnoticias.com\/index.php\/wp-json\/wp\/v2\/media?parent=79676"}],"wp:term":[{"taxonomy":"category","embeddable":true,"href":"https:\/\/cdnoticias.com\/index.php\/wp-json\/wp\/v2\/categories?post=79676"},{"taxonomy":"post_tag","embeddable":true,"href":"https:\/\/cdnoticias.com\/index.php\/wp-json\/wp\/v2\/tags?post=79676"}],"curies":[{"name":"wp","href":"https:\/\/api.w.org\/{rel}","templated":true}]}}