{"id":79636,"date":"2023-03-15T11:02:27","date_gmt":"2023-03-15T14:02:27","guid":{"rendered":"https:\/\/www.centraldenoticias.com.ar\/?p=79636"},"modified":"2023-03-15T15:55:25","modified_gmt":"2023-03-15T18:55:25","slug":"se-construyen-27-casas-de-la-provincia-evaluacion-del-avance","status":"publish","type":"post","link":"https:\/\/cdnoticias.com\/index.php\/2023\/03\/15\/se-construyen-27-casas-de-la-provincia-evaluacion-del-avance\/","title":{"rendered":"Se construyen 27 Casas de la Provincia: evaluaci\u00f3n del avance"},"content":{"rendered":"<p>Axel Kicillof se reuni\u00f3 con los ministros de Gobierno e Infraestructura para repasar los avances. Una de las obras se emplaza en Olavarr\u00eda. Son edificios que apuntan a centralizar las delegaciones de organismos p\u00fablicos provinciales.<!--more--><\/p>\n<hr \/>\n<p>El <strong>gobernador Axel Kicillof<\/strong> se reuni\u00f3 con la ministra de Gobierno, Cristina Alvarez Rodr\u00edguez, y con el titular de la cartera de Infraestructura y Servicios P\u00fablicos, Leonardo Nardini, para repasar los avances en la<strong> construcci\u00f3n de Casas de la Provincia, de las cuales ya hay 27 en ejecuci\u00f3n<\/strong>.<\/p>\n<p>&nbsp;<\/p>\n<p>Del encuentro tambi\u00e9n participaron las el jefe de Gabinete del Ministerio de Gobierno, Omar Furl\u00e1n; y los subsecretarios de Gesti\u00f3n Operativa, Juan Pablo Cusa; y de Obras P\u00fablicas, Diego Ben\u00edtez.<\/p>\n<p>&nbsp;<\/p>\n<p><img data-recalc-dims=\"1\" loading=\"lazy\" decoding=\"async\" class=\"size-full wp-image-79644 aligncenter\" src=\"https:\/\/i0.wp.com\/cdnoticias.com\/wp-content\/uploads\/2023\/03\/casa-de-la-provincia-01.jpg?resize=800%2C445&#038;ssl=1\" alt=\"\" width=\"800\" height=\"445\" srcset=\"https:\/\/i0.wp.com\/cdnoticias.com\/wp-content\/uploads\/2023\/03\/casa-de-la-provincia-01.jpg?w=800&amp;ssl=1 800w, https:\/\/i0.wp.com\/cdnoticias.com\/wp-content\/uploads\/2023\/03\/casa-de-la-provincia-01.jpg?resize=300%2C167&amp;ssl=1 300w, https:\/\/i0.wp.com\/cdnoticias.com\/wp-content\/uploads\/2023\/03\/casa-de-la-provincia-01.jpg?resize=768%2C427&amp;ssl=1 768w\" sizes=\"auto, (max-width: 800px) 100vw, 800px\" \/><\/p>\n<p>&nbsp;<\/p>\n<p>Las Casas de la Provincia apuntan a <strong>centralizar las delegaciones de organismos p\u00fablicos provinciales<\/strong> (como IOMA, el IPS o ARBA) en un solo lugar para que los vecinos de los 135 distritos puedan hacer sus tr\u00e1mites de manera sencilla.<\/p>\n<p>&nbsp;<\/p>\n<blockquote><p>\u201cAdem\u00e1s, mejorar\u00e1n las condiciones laborales de las y los trabajadores estatales, asegurando espacios de trabajo adecuados y saludables\u201d, se\u00f1alaron desde el Gobierno bonaerense a trav\u00e9s de un comunicado.<\/p><\/blockquote>\n<p>&nbsp;<\/p>\n<p><img data-recalc-dims=\"1\" loading=\"lazy\" decoding=\"async\" class=\"size-full wp-image-79646 aligncenter\" src=\"https:\/\/i0.wp.com\/cdnoticias.com\/wp-content\/uploads\/2023\/03\/casa-de-la-provincia-03.jpg?resize=800%2C445&#038;ssl=1\" alt=\"\" width=\"800\" height=\"445\" srcset=\"https:\/\/i0.wp.com\/cdnoticias.com\/wp-content\/uploads\/2023\/03\/casa-de-la-provincia-03.jpg?w=800&amp;ssl=1 800w, https:\/\/i0.wp.com\/cdnoticias.com\/wp-content\/uploads\/2023\/03\/casa-de-la-provincia-03.jpg?resize=300%2C167&amp;ssl=1 300w, https:\/\/i0.wp.com\/cdnoticias.com\/wp-content\/uploads\/2023\/03\/casa-de-la-provincia-03.jpg?resize=768%2C427&amp;ssl=1 768w\" sizes=\"auto, (max-width: 800px) 100vw, 800px\" \/><\/p>\n<p>&nbsp;<\/p>\n<p>Hasta el momento,<strong> se encuentran en ejecuci\u00f3n 27 edificios.<\/strong> Una de las obras <strong>se emplaza en Olavarr\u00eda: en Jun\u00edn y Dorrego los trabajos <a href=\"https:\/\/cdnoticias.com\/index.php\/2022\/01\/22\/comenzo-la-obra-de-construccion-de-la-casa-de-la-provincia-en-olavarria\/\" target=\"_blank\" rel=\"noopener\">comenzaron en enero del a\u00f1o pasado<\/a><\/strong>.<\/p>\n<p>&nbsp;<\/p>\n<p>Los trabajos est\u00e1n a cargo de <strong>la UTE FCM Comar Construcciones S.R.L. y ESCA Construcciones S.R.L.<\/strong>, se adjudicaron por 171,6 millones de pesos y el plazo de construcci\u00f3n es de 18 meses con lo que en el<strong> inicio del segundo semestre deber\u00edan llegar a su fin<\/strong>.<\/p>\n<p>&nbsp;<\/p>\n<p><img data-recalc-dims=\"1\" loading=\"lazy\" decoding=\"async\" class=\"size-full wp-image-79643 aligncenter\" src=\"https:\/\/i0.wp.com\/cdnoticias.com\/wp-content\/uploads\/2023\/03\/casa-de-la-provincia-00.jpg?resize=800%2C445&#038;ssl=1\" alt=\"\" width=\"800\" height=\"445\" srcset=\"https:\/\/i0.wp.com\/cdnoticias.com\/wp-content\/uploads\/2023\/03\/casa-de-la-provincia-00.jpg?w=800&amp;ssl=1 800w, https:\/\/i0.wp.com\/cdnoticias.com\/wp-content\/uploads\/2023\/03\/casa-de-la-provincia-00.jpg?resize=300%2C167&amp;ssl=1 300w, https:\/\/i0.wp.com\/cdnoticias.com\/wp-content\/uploads\/2023\/03\/casa-de-la-provincia-00.jpg?resize=768%2C427&amp;ssl=1 768w\" sizes=\"auto, (max-width: 800px) 100vw, 800px\" \/><\/p>\n<p>&nbsp;<\/p>\n","protected":false},"excerpt":{"rendered":"<p>Axel Kicillof se reuni\u00f3 con los ministros de Gobierno e Infraestructura para repasar los avances. Una de las obras se<\/p>\n","protected":false},"author":4,"featured_media":79645,"comment_status":"closed","ping_status":"closed","sticky":false,"template":"","format":"standard","meta":{"_jetpack_memberships_contains_paid_content":false,"footnotes":""},"categories":[5,1],"tags":[],"class_list":["post-79636","post","type-post","status-publish","format-standard","has-post-thumbnail","hentry","category-informacion-general","category-portada"],"jetpack_featured_media_url":"https:\/\/i0.wp.com\/cdnoticias.com\/wp-content\/uploads\/2023\/03\/casa-de-la-provincia-02.jpg?fit=800%2C445&ssl=1","jetpack_sharing_enabled":true,"_links":{"self":[{"href":"https:\/\/cdnoticias.com\/index.php\/wp-json\/wp\/v2\/posts\/79636","targetHints":{"allow":["GET"]}}],"collection":[{"href":"https:\/\/cdnoticias.com\/index.php\/wp-json\/wp\/v2\/posts"}],"about":[{"href":"https:\/\/cdnoticias.com\/index.php\/wp-json\/wp\/v2\/types\/post"}],"author":[{"embeddable":true,"href":"https:\/\/cdnoticias.com\/index.php\/wp-json\/wp\/v2\/users\/4"}],"replies":[{"embeddable":true,"href":"https:\/\/cdnoticias.com\/index.php\/wp-json\/wp\/v2\/comments?post=79636"}],"version-history":[{"count":0,"href":"https:\/\/cdnoticias.com\/index.php\/wp-json\/wp\/v2\/posts\/79636\/revisions"}],"wp:featuredmedia":[{"embeddable":true,"href":"https:\/\/cdnoticias.com\/index.php\/wp-json\/wp\/v2\/media\/79645"}],"wp:attachment":[{"href":"https:\/\/cdnoticias.com\/index.php\/wp-json\/wp\/v2\/media?parent=79636"}],"wp:term":[{"taxonomy":"category","embeddable":true,"href":"https:\/\/cdnoticias.com\/index.php\/wp-json\/wp\/v2\/categories?post=79636"},{"taxonomy":"post_tag","embeddable":true,"href":"https:\/\/cdnoticias.com\/index.php\/wp-json\/wp\/v2\/tags?post=79636"}],"curies":[{"name":"wp","href":"https:\/\/api.w.org\/{rel}","templated":true}]}}