{"id":79632,"date":"2023-03-15T11:18:53","date_gmt":"2023-03-15T14:18:53","guid":{"rendered":"https:\/\/www.centraldenoticias.com.ar\/?p=79632"},"modified":"2023-03-15T11:18:53","modified_gmt":"2023-03-15T14:18:53","slug":"diputados-analiza-la-problematica-de-juicios-laborales-y-la-registracion-de-empleados","status":"publish","type":"post","link":"https:\/\/cdnoticias.com\/index.php\/2023\/03\/15\/diputados-analiza-la-problematica-de-juicios-laborales-y-la-registracion-de-empleados\/","title":{"rendered":"Diputados analiza la problem\u00e1tica de juicios laborales y la registraci\u00f3n de empleados"},"content":{"rendered":"<p>El debate se desarrolla desde las 11:00 en la Comisi\u00f3n de Comercio.<!--more--><\/p>\n<hr \/>\n<p>Este mi\u00e9rcoles a partir de las 11:00 los diputados y diputadas de la <strong>Comisi\u00f3n de Comercio<\/strong> recibir\u00e1n a representantes de diferentes entidades, a fin de abordar la problem\u00e1tica de los juicios laborales, registraci\u00f3n de empleados y su impacto en el comercio y en las pymes.<\/p>\n<p>&nbsp;<\/p>\n<div class=\"jetpack-video-wrapper\"><iframe loading=\"lazy\" title=\"COMISI\u00d3N EN VIVO: 15 de marzo de 2023 - COMERCIO - Diputados Argentina\" width=\"800\" height=\"600\" src=\"https:\/\/www.youtube.com\/embed\/N9IPAmaYCsI?feature=oembed\" frameborder=\"0\" allow=\"accelerometer; autoplay; clipboard-write; encrypted-media; gyroscope; picture-in-picture; web-share\" allowfullscreen><\/iframe><\/div>\n<p>&nbsp;<\/p>\n<p>La actividad se podr\u00e1 seguir en los siguientes links:<\/p>\n<p>&nbsp;<\/p>\n<p><strong>En TV:<\/strong> Diputados TV<\/p>\n<p><strong>En la web:<\/strong> dtv.diputados.gob.ar<\/p>\n<p><strong>YouTube:<\/strong> Hcdn.tv<\/p>\n<p><strong>FB:<\/strong> \/diputados.argentina<\/p>\n","protected":false},"excerpt":{"rendered":"<p>El debate se desarrolla desde las 11:00 en la Comisi\u00f3n de Comercio.<\/p>\n","protected":false},"author":5,"featured_media":79649,"comment_status":"closed","ping_status":"closed","sticky":false,"template":"","format":"standard","meta":{"_jetpack_memberships_contains_paid_content":false,"footnotes":""},"categories":[6,1],"tags":[],"class_list":["post-79632","post","type-post","status-publish","format-standard","has-post-thumbnail","hentry","category-nacionales","category-portada"],"jetpack_featured_media_url":"https:\/\/i0.wp.com\/cdnoticias.com\/wp-content\/uploads\/2023\/03\/diputados00.png?fit=1152%2C636&ssl=1","jetpack_sharing_enabled":true,"_links":{"self":[{"href":"https:\/\/cdnoticias.com\/index.php\/wp-json\/wp\/v2\/posts\/79632","targetHints":{"allow":["GET"]}}],"collection":[{"href":"https:\/\/cdnoticias.com\/index.php\/wp-json\/wp\/v2\/posts"}],"about":[{"href":"https:\/\/cdnoticias.com\/index.php\/wp-json\/wp\/v2\/types\/post"}],"author":[{"embeddable":true,"href":"https:\/\/cdnoticias.com\/index.php\/wp-json\/wp\/v2\/users\/5"}],"replies":[{"embeddable":true,"href":"https:\/\/cdnoticias.com\/index.php\/wp-json\/wp\/v2\/comments?post=79632"}],"version-history":[{"count":0,"href":"https:\/\/cdnoticias.com\/index.php\/wp-json\/wp\/v2\/posts\/79632\/revisions"}],"wp:featuredmedia":[{"embeddable":true,"href":"https:\/\/cdnoticias.com\/index.php\/wp-json\/wp\/v2\/media\/79649"}],"wp:attachment":[{"href":"https:\/\/cdnoticias.com\/index.php\/wp-json\/wp\/v2\/media?parent=79632"}],"wp:term":[{"taxonomy":"category","embeddable":true,"href":"https:\/\/cdnoticias.com\/index.php\/wp-json\/wp\/v2\/categories?post=79632"},{"taxonomy":"post_tag","embeddable":true,"href":"https:\/\/cdnoticias.com\/index.php\/wp-json\/wp\/v2\/tags?post=79632"}],"curies":[{"name":"wp","href":"https:\/\/api.w.org\/{rel}","templated":true}]}}