{"id":79589,"date":"2023-03-14T19:00:03","date_gmt":"2023-03-14T22:00:03","guid":{"rendered":"https:\/\/www.centraldenoticias.com.ar\/?p=79589"},"modified":"2023-03-14T19:00:03","modified_gmt":"2023-03-14T22:00:03","slug":"rodriguez-larreta-lo-garantizo-yo-voy-a-bajar-la-inflacion-es-el-primer-objetivo-que-tenemos","status":"publish","type":"post","link":"https:\/\/cdnoticias.com\/index.php\/2023\/03\/14\/rodriguez-larreta-lo-garantizo-yo-voy-a-bajar-la-inflacion-es-el-primer-objetivo-que-tenemos\/","title":{"rendered":"Rodr\u00edguez Larreta: \u201cLo garantizo, yo voy a bajar la inflaci\u00f3n; es el primer objetivo que tenemos\u201d"},"content":{"rendered":"<p>Adem\u00e1s afirm\u00f3 que &#8220;hoy la gente ya no es que no llega a fin de mes, sino que no llega a fin de la semana.\u201d<!--more--><\/p>\n<hr \/>\n<p>Este martes, el precandidato a presidente <strong>Horacio Rodr\u00edguez Larreta<\/strong>, del espacio Juntos por el Cambio<strong> afirm\u00f3 que va a bajar la inflaci\u00f3n<\/strong>. Fue en el marco de un anuncio de gesti\u00f3n en el que present\u00f3 un proyecto para simplificar el tr\u00e1mite de VTV para &#8220;aliviar el bolsillo de los vecinos&#8221;<\/p>\n<p>&nbsp;<\/p>\n<p>Consultado por el \u00edndice de inflaci\u00f3n que se conocer\u00e1 esta semana, el mandatario remarc\u00f3: <em><strong>\u201cLo garantizo, yo voy a bajar la inflaci\u00f3n; es el primer objetivo que tenemos<\/strong><\/em>&#8221; y agreg\u00f3 que &#8220;<em><strong>hoy\u00a0la gente ya no es que no llega a fin de mes, sino que no llega a fin de la semana.\u201d<\/strong><\/em><\/p>\n<p>&nbsp;<\/p>\n<p>Adem\u00e1s, Larreta se\u00f1al\u00f3 que &#8220;<em>cada d\u00eda, el sueldo que tienen vale menos. Hoy no hay precios, vas a comprar algo y a los dos d\u00edas cuesta m\u00e1s.<\/em>\u201d Tambi\u00e9n se refiri\u00f3 a la actividad comercial: \u201c<em>Los comerciantes no pueden trabajar. Venden y cuando van a reponer, reponen mas caro que lo que vendieron, pierden plata. No se puede vivir as\u00ed&#8221;. <\/em><\/p>\n<p>&nbsp;<\/p>\n<p>Por otra parte, detall\u00f3 que est\u00e1 trabajando en un plan integral, ya que <strong>\u201cno existen medidas m\u00e1gicas<\/strong>\u201d y dijo que \u201cla Argentina no puede gastar todos los a\u00f1os m\u00e1s de lo que tiene y emitir con la maquinita, tenemos que cortar eso&#8221;.<\/p>\n<p>&nbsp;<\/p>\n<p>Tambi\u00e9n sostuvo que hay que exportar m\u00e1s para no depender de las subidas y bajadas del tipo de cambio. \u201cTenemos que encararlo y r\u00e1pido\u201d, cerr\u00f3.<\/p>\n","protected":false},"excerpt":{"rendered":"<p>Adem\u00e1s afirm\u00f3 que &#8220;hoy la gente ya no es que no llega a fin de mes, sino que no llega<\/p>\n","protected":false},"author":6,"featured_media":79590,"comment_status":"closed","ping_status":"closed","sticky":false,"template":"","format":"standard","meta":{"_jetpack_memberships_contains_paid_content":false,"footnotes":""},"categories":[6],"tags":[],"class_list":["post-79589","post","type-post","status-publish","format-standard","has-post-thumbnail","hentry","category-nacionales"],"jetpack_featured_media_url":"https:\/\/i0.wp.com\/cdnoticias.com\/wp-content\/uploads\/2023\/03\/WhatsApp-Image-2023-03-14-at-16.35.18.jpeg?fit=1524%2C1016&ssl=1","jetpack_sharing_enabled":true,"_links":{"self":[{"href":"https:\/\/cdnoticias.com\/index.php\/wp-json\/wp\/v2\/posts\/79589","targetHints":{"allow":["GET"]}}],"collection":[{"href":"https:\/\/cdnoticias.com\/index.php\/wp-json\/wp\/v2\/posts"}],"about":[{"href":"https:\/\/cdnoticias.com\/index.php\/wp-json\/wp\/v2\/types\/post"}],"author":[{"embeddable":true,"href":"https:\/\/cdnoticias.com\/index.php\/wp-json\/wp\/v2\/users\/6"}],"replies":[{"embeddable":true,"href":"https:\/\/cdnoticias.com\/index.php\/wp-json\/wp\/v2\/comments?post=79589"}],"version-history":[{"count":0,"href":"https:\/\/cdnoticias.com\/index.php\/wp-json\/wp\/v2\/posts\/79589\/revisions"}],"wp:featuredmedia":[{"embeddable":true,"href":"https:\/\/cdnoticias.com\/index.php\/wp-json\/wp\/v2\/media\/79590"}],"wp:attachment":[{"href":"https:\/\/cdnoticias.com\/index.php\/wp-json\/wp\/v2\/media?parent=79589"}],"wp:term":[{"taxonomy":"category","embeddable":true,"href":"https:\/\/cdnoticias.com\/index.php\/wp-json\/wp\/v2\/categories?post=79589"},{"taxonomy":"post_tag","embeddable":true,"href":"https:\/\/cdnoticias.com\/index.php\/wp-json\/wp\/v2\/tags?post=79589"}],"curies":[{"name":"wp","href":"https:\/\/api.w.org\/{rel}","templated":true}]}}