{"id":79586,"date":"2023-03-16T08:13:29","date_gmt":"2023-03-16T11:13:29","guid":{"rendered":"https:\/\/www.centraldenoticias.com.ar\/?p=79586"},"modified":"2023-03-16T08:13:29","modified_gmt":"2023-03-16T11:13:29","slug":"concierto-sinfonico-dominical-en-sierras-bayas","status":"publish","type":"post","link":"https:\/\/cdnoticias.com\/index.php\/2023\/03\/16\/concierto-sinfonico-dominical-en-sierras-bayas\/","title":{"rendered":"Concierto sinf\u00f3nico dominical en Sierras Bayas"},"content":{"rendered":"<p>Ser\u00e1 el domingo 19 de marzo en el Centro Cultural de la localidad. La entrada es libre y gratuita. <!--more--><\/p>\n<hr \/>\n<p>La <strong>Orquesta Sinf\u00f3nica Municipal \u201cMtro. Mario Patan\u00e9\u201d<\/strong>, dirigida por el maestro <strong>Diego Lurbe,<\/strong> dar\u00e1 inicio a los conciertos del a\u00f1o, en esta oportunidad, en <strong>Sierras Bayas.<\/strong><\/p>\n<p>&nbsp;<\/p>\n<p>La velada se llevar\u00e1 a cabo el <strong>domingo 19 de marzo a las 20 horas<\/strong> en el <strong>Centro Cultural de la localidad<\/strong> (Julio Roca y Colombo) con<strong> entrada libre y gratuita.<\/strong><\/p>\n<p>&nbsp;<\/p>\n<p>En esta oportunidad el repertorio contar\u00e1 con la presencia de los solistas <strong>Jos\u00e9 Mar\u00eda Paz<\/strong> (Guitarra) y <strong>Jes\u00fas Ca\u00f1ete<\/strong> (clave).<\/p>\n","protected":false},"excerpt":{"rendered":"<p>Ser\u00e1 el domingo 19 de marzo en el Centro Cultural de la localidad. La entrada es libre y gratuita.<\/p>\n","protected":false},"author":6,"featured_media":79587,"comment_status":"closed","ping_status":"closed","sticky":false,"template":"","format":"standard","meta":{"_jetpack_memberships_contains_paid_content":false,"footnotes":""},"categories":[9,1],"tags":[],"class_list":["post-79586","post","type-post","status-publish","format-standard","has-post-thumbnail","hentry","category-cultura","category-portada"],"jetpack_featured_media_url":"https:\/\/i0.wp.com\/cdnoticias.com\/wp-content\/uploads\/2023\/03\/sinfonica.jpg?fit=1024%2C685&ssl=1","jetpack_sharing_enabled":true,"_links":{"self":[{"href":"https:\/\/cdnoticias.com\/index.php\/wp-json\/wp\/v2\/posts\/79586","targetHints":{"allow":["GET"]}}],"collection":[{"href":"https:\/\/cdnoticias.com\/index.php\/wp-json\/wp\/v2\/posts"}],"about":[{"href":"https:\/\/cdnoticias.com\/index.php\/wp-json\/wp\/v2\/types\/post"}],"author":[{"embeddable":true,"href":"https:\/\/cdnoticias.com\/index.php\/wp-json\/wp\/v2\/users\/6"}],"replies":[{"embeddable":true,"href":"https:\/\/cdnoticias.com\/index.php\/wp-json\/wp\/v2\/comments?post=79586"}],"version-history":[{"count":0,"href":"https:\/\/cdnoticias.com\/index.php\/wp-json\/wp\/v2\/posts\/79586\/revisions"}],"wp:featuredmedia":[{"embeddable":true,"href":"https:\/\/cdnoticias.com\/index.php\/wp-json\/wp\/v2\/media\/79587"}],"wp:attachment":[{"href":"https:\/\/cdnoticias.com\/index.php\/wp-json\/wp\/v2\/media?parent=79586"}],"wp:term":[{"taxonomy":"category","embeddable":true,"href":"https:\/\/cdnoticias.com\/index.php\/wp-json\/wp\/v2\/categories?post=79586"},{"taxonomy":"post_tag","embeddable":true,"href":"https:\/\/cdnoticias.com\/index.php\/wp-json\/wp\/v2\/tags?post=79586"}],"curies":[{"name":"wp","href":"https:\/\/api.w.org\/{rel}","templated":true}]}}