{"id":7958,"date":"2020-12-02T10:08:07","date_gmt":"2020-12-02T13:08:07","guid":{"rendered":"http:\/\/www.centraldenoticias.com.ar\/?p=7958"},"modified":"2020-12-02T10:08:07","modified_gmt":"2020-12-02T13:08:07","slug":"vih-en-el-dia-mundial-de-respuesta-al-vih-realizaron-150-testeos","status":"publish","type":"post","link":"https:\/\/cdnoticias.com\/index.php\/2020\/12\/02\/vih-en-el-dia-mundial-de-respuesta-al-vih-realizaron-150-testeos\/","title":{"rendered":"VIH: en el D\u00eda Mundial de Respuesta al VIH, realizaron 150 testeos"},"content":{"rendered":"<p>Hubo una jornada en cuatro puntos de la ciudad de acceso a un test de detecci\u00f3n de VIH de manera gratuita y confidencial.<!--more--><\/p>\n<hr \/>\n<p>Este<strong> lunes 1 de diciembre fue el D\u00eda Mundial de Respuesta al VIH<\/strong> y m\u00e1s de 150 personas se realizaron el test r\u00e1pido en diferentes puntos de la ciudad.<\/p>\n<p>&nbsp;<\/p>\n<p>La Secretar\u00eda de Salud del Municipio organiz\u00f3 una<strong> jornada de detecci\u00f3n r\u00e1pida<\/strong> en los Servicios Territoriales Municipales N\u00b02 (Alberdi y Coronel Su\u00e1rez), N\u00b04 (Berutti y Fal) y N\u00b06 (Mendoza y Balcarce) y tambi\u00e9n en el Paseo de la Salud de Brown y Belgrano, con el objetivo de que<strong> la comunidad pueda acceder a un test de detecci\u00f3n de VIH de manera gratuita y confidencial.<\/strong><\/p>\n<p>&nbsp;<\/p>\n<p><img data-recalc-dims=\"1\" loading=\"lazy\" decoding=\"async\" class=\"alignnone size-full wp-image-7961\" src=\"https:\/\/i0.wp.com\/cdnoticias.com\/wp-content\/uploads\/2020\/12\/Salud-Campana-VIH-1.jpg?resize=800%2C533&#038;ssl=1\" alt=\"\" width=\"800\" height=\"533\" srcset=\"https:\/\/i0.wp.com\/cdnoticias.com\/wp-content\/uploads\/2020\/12\/Salud-Campana-VIH-1.jpg?w=1181&amp;ssl=1 1181w, https:\/\/i0.wp.com\/cdnoticias.com\/wp-content\/uploads\/2020\/12\/Salud-Campana-VIH-1.jpg?resize=300%2C200&amp;ssl=1 300w, https:\/\/i0.wp.com\/cdnoticias.com\/wp-content\/uploads\/2020\/12\/Salud-Campana-VIH-1.jpg?resize=768%2C512&amp;ssl=1 768w, https:\/\/i0.wp.com\/cdnoticias.com\/wp-content\/uploads\/2020\/12\/Salud-Campana-VIH-1.jpg?resize=1024%2C682&amp;ssl=1 1024w, https:\/\/i0.wp.com\/cdnoticias.com\/wp-content\/uploads\/2020\/12\/Salud-Campana-VIH-1.jpg?resize=272%2C182&amp;ssl=1 272w\" sizes=\"auto, (max-width: 800px) 100vw, 800px\" \/><\/p>\n<p>&nbsp;<\/p>\n<p>VIH significa<em> \u201cVirus de Inmunodeficiencia Humana\u201d<\/em>, un virus que invade las c\u00e9lulas de defensa del organismo, afect\u00e1ndolas progresivamente. El sida<em> \u201cS\u00edndrome de Inmunodeficiencia Adquirida\u201d<\/em>, es la etapa avanzada de la infecci\u00f3n, cuando el VIH ha debilitado las defensas del cuerpo y favorece el desarrollo de enfermedades oportunistas (infecciones o tumores). <strong>Se las llama as\u00ed porque aparecen \u201caprovechando\u201d la ca\u00edda de las defensas.<\/strong><\/p>\n<p>&nbsp;<\/p>\n<p>En nuestro pa\u00eds, <strong>tres de cada diez diagn\u00f3sticos de VIH se consideran tard\u00edos<\/strong>, es decir que se realizan en una etapa avanzada de la infecci\u00f3n cuando el virus ya ha debilitado las defensas del cuerpo.<\/p>\n","protected":false},"excerpt":{"rendered":"<p>Hubo una jornada en cuatro puntos de la ciudad de acceso a un test de detecci\u00f3n de VIH de manera<\/p>\n","protected":false},"author":2,"featured_media":7959,"comment_status":"closed","ping_status":"closed","sticky":false,"template":"","format":"standard","meta":{"_jetpack_memberships_contains_paid_content":false,"footnotes":""},"categories":[5,1],"tags":[],"class_list":["post-7958","post","type-post","status-publish","format-standard","has-post-thumbnail","hentry","category-informacion-general","category-portada"],"jetpack_featured_media_url":"https:\/\/i0.wp.com\/cdnoticias.com\/wp-content\/uploads\/2020\/12\/Salud-Campana-VIH-2.jpg?fit=1181%2C787&ssl=1","jetpack_sharing_enabled":true,"_links":{"self":[{"href":"https:\/\/cdnoticias.com\/index.php\/wp-json\/wp\/v2\/posts\/7958","targetHints":{"allow":["GET"]}}],"collection":[{"href":"https:\/\/cdnoticias.com\/index.php\/wp-json\/wp\/v2\/posts"}],"about":[{"href":"https:\/\/cdnoticias.com\/index.php\/wp-json\/wp\/v2\/types\/post"}],"author":[{"embeddable":true,"href":"https:\/\/cdnoticias.com\/index.php\/wp-json\/wp\/v2\/users\/2"}],"replies":[{"embeddable":true,"href":"https:\/\/cdnoticias.com\/index.php\/wp-json\/wp\/v2\/comments?post=7958"}],"version-history":[{"count":0,"href":"https:\/\/cdnoticias.com\/index.php\/wp-json\/wp\/v2\/posts\/7958\/revisions"}],"wp:featuredmedia":[{"embeddable":true,"href":"https:\/\/cdnoticias.com\/index.php\/wp-json\/wp\/v2\/media\/7959"}],"wp:attachment":[{"href":"https:\/\/cdnoticias.com\/index.php\/wp-json\/wp\/v2\/media?parent=7958"}],"wp:term":[{"taxonomy":"category","embeddable":true,"href":"https:\/\/cdnoticias.com\/index.php\/wp-json\/wp\/v2\/categories?post=7958"},{"taxonomy":"post_tag","embeddable":true,"href":"https:\/\/cdnoticias.com\/index.php\/wp-json\/wp\/v2\/tags?post=7958"}],"curies":[{"name":"wp","href":"https:\/\/api.w.org\/{rel}","templated":true}]}}