{"id":79568,"date":"2023-03-14T19:27:28","date_gmt":"2023-03-14T22:27:28","guid":{"rendered":"https:\/\/www.centraldenoticias.com.ar\/?p=79568"},"modified":"2023-03-14T20:26:47","modified_gmt":"2023-03-14T23:26:47","slug":"robaron-una-bicicleta-frente-al-parque-mitre","status":"publish","type":"post","link":"https:\/\/cdnoticias.com\/index.php\/2023\/03\/14\/robaron-una-bicicleta-frente-al-parque-mitre\/","title":{"rendered":"Robaron una bicicleta frente al parque Mitre"},"content":{"rendered":"<p>Se trata de una paseo rodado 26. Piden ayuda a la comunidad para encontrarla. La persona que la rob\u00f3 fue detectada por las c\u00e1maras de seguridad.<!--more--><\/p>\n<hr \/>\n<p>Este lunes al mediod\u00eda robaron una <strong>bicicleta frente al Parque Mitre, m\u00e1s precisamente en Brown al 3480.\u00a0<\/strong><\/p>\n<p>&nbsp;<\/p>\n<p>Se trata de una <strong>paseo rodado 26 color negra<\/strong> que fue sustra\u00edda desde adentro del patio de la vivienda.<\/p>\n<p>&nbsp;<\/p>\n<blockquote><p>En la b\u00fasqueda, dieron cuenta de que las c\u00e1maras de seguridad de la vivienda detectaron al hombre llev\u00e1ndose la bicicleta.<\/p><\/blockquote>\n<p>&nbsp;<\/p>\n<p>Los due\u00f1os del rodado est\u00e1n <strong>pidiendo ayuda a la comunidad para encontrarla.<\/strong> Pueden llamar a los siguientes tel\u00e9fonos:<strong>2284-380260 <\/strong>o al <strong>2284-230614 .<\/strong><\/p>\n<p>&nbsp;<\/p>\n","protected":false},"excerpt":{"rendered":"<p>Se trata de una paseo rodado 26. Piden ayuda a la comunidad para encontrarla. La persona que la rob\u00f3 fue<\/p>\n","protected":false},"author":6,"featured_media":79569,"comment_status":"closed","ping_status":"closed","sticky":false,"template":"","format":"standard","meta":{"_jetpack_memberships_contains_paid_content":false,"footnotes":""},"categories":[14,1],"tags":[],"class_list":["post-79568","post","type-post","status-publish","format-standard","has-post-thumbnail","hentry","category-policiales","category-portada"],"jetpack_featured_media_url":"https:\/\/i0.wp.com\/cdnoticias.com\/wp-content\/uploads\/2023\/03\/Diseno-sin-titulo-69.jpg?fit=1920%2C1080&ssl=1","jetpack_sharing_enabled":true,"_links":{"self":[{"href":"https:\/\/cdnoticias.com\/index.php\/wp-json\/wp\/v2\/posts\/79568","targetHints":{"allow":["GET"]}}],"collection":[{"href":"https:\/\/cdnoticias.com\/index.php\/wp-json\/wp\/v2\/posts"}],"about":[{"href":"https:\/\/cdnoticias.com\/index.php\/wp-json\/wp\/v2\/types\/post"}],"author":[{"embeddable":true,"href":"https:\/\/cdnoticias.com\/index.php\/wp-json\/wp\/v2\/users\/6"}],"replies":[{"embeddable":true,"href":"https:\/\/cdnoticias.com\/index.php\/wp-json\/wp\/v2\/comments?post=79568"}],"version-history":[{"count":0,"href":"https:\/\/cdnoticias.com\/index.php\/wp-json\/wp\/v2\/posts\/79568\/revisions"}],"wp:featuredmedia":[{"embeddable":true,"href":"https:\/\/cdnoticias.com\/index.php\/wp-json\/wp\/v2\/media\/79569"}],"wp:attachment":[{"href":"https:\/\/cdnoticias.com\/index.php\/wp-json\/wp\/v2\/media?parent=79568"}],"wp:term":[{"taxonomy":"category","embeddable":true,"href":"https:\/\/cdnoticias.com\/index.php\/wp-json\/wp\/v2\/categories?post=79568"},{"taxonomy":"post_tag","embeddable":true,"href":"https:\/\/cdnoticias.com\/index.php\/wp-json\/wp\/v2\/tags?post=79568"}],"curies":[{"name":"wp","href":"https:\/\/api.w.org\/{rel}","templated":true}]}}