{"id":79566,"date":"2023-03-14T19:57:23","date_gmt":"2023-03-14T22:57:23","guid":{"rendered":"https:\/\/www.centraldenoticias.com.ar\/?p=79566"},"modified":"2023-03-15T08:22:57","modified_gmt":"2023-03-15T11:22:57","slug":"confirmaron-resultados-positivos-en-los-allanamientos-por-el-femicidio-de-sofia","status":"publish","type":"post","link":"https:\/\/cdnoticias.com\/index.php\/2023\/03\/14\/confirmaron-resultados-positivos-en-los-allanamientos-por-el-femicidio-de-sofia\/","title":{"rendered":"Confirmaron resultados \u201cpositivos\u201d en los allanamientos por el femicidio de Sof\u00eda"},"content":{"rendered":"<p>Hubo un aprehendido por resistirse al procedimiento. Se secuestraron \u201celementos que podr\u00edan ser de inter\u00e9s para la causa\u201d. Siguen buscando al pr\u00f3fugo. En paralelo, Olalde qued\u00f3 formalmente detenido.<!--more--><\/p>\n<hr \/>\n<p>Luego de haberse<a href=\"https:\/\/cdnoticias.com\/index.php\/2023\/03\/14\/con-mas-allanamientos-avanza-la-investigacion-del-femicidio-de-sofia-vicente\/\" target=\"_blank\" rel=\"noopener\"> realizado varios allanamientos en distintos puntos de la ciudad por el femicidio de Sof\u00eda Vicente<\/a>, <strong>autoridades judiciales confirmaron que los resultados fueron \u201cpositivos\u201d y que se secuestraron elementos \u201cque podr\u00edan ser de inter\u00e9s\u201d para la causa.<\/strong><\/p>\n<p>&nbsp;<\/p>\n<p>En uno de los procedimientos, cabe se\u00f1alar,<strong> fue aprehendido un hombre por resistirse al operativo policial y en otro de ellos se labr\u00f3 una infracci\u00f3n a otro hombre por una causa de estupefacientes que lleva adelante el titular de la UFI N\u00b019, el doctor Lucas Moyano.<\/strong><\/p>\n<p>&nbsp;<\/p>\n<blockquote><p>Con respecto a la persona pr\u00f3fuga, de apellido Gonz\u00e1lez, sigue siendo intensamente buscada y se espera que en los elementos secuestrados haya m\u00e1s indicios de d\u00f3nde puede ubicarse tal como inform\u00f3 la Fiscal\u00eda General del Departamento Judicial de Azul.<\/p><\/blockquote>\n<p>&nbsp;<\/p>\n<p>Adem\u00e1s,<strong> el \u00fanico arrestado por el hecho, el ex polic\u00eda Pablo Mart\u00edn Olalde, qued\u00f3 formalmente detenido<\/strong> luego de que el Juzgado de Garant\u00edas acepte el pedido de la fiscal de la causa, la doctora Paula Serrano de la UFI N\u00b04.<\/p>\n<p>&nbsp;<\/p>\n<p>Olalde continuar\u00e1 el proceso de investigaci\u00f3n en la c\u00e1rcel, mientras se busca a Gonz\u00e1lez y<strong> se sostiene la investigaci\u00f3n para determinar las responsabilidades de los dos acusados hasta el momento o se relaciona con alguna persona m\u00e1s.<\/strong><\/p>\n","protected":false},"excerpt":{"rendered":"<p>Hubo un aprehendido por resistirse al procedimiento. Se secuestraron \u201celementos que podr\u00edan ser de inter\u00e9s para la causa\u201d. Siguen buscando<\/p>\n","protected":false},"author":2,"featured_media":79552,"comment_status":"closed","ping_status":"closed","sticky":false,"template":"","format":"standard","meta":{"_jetpack_memberships_contains_paid_content":false,"footnotes":""},"categories":[14,1],"tags":[],"class_list":["post-79566","post","type-post","status-publish","format-standard","has-post-thumbnail","hentry","category-policiales","category-portada"],"jetpack_featured_media_url":"https:\/\/i0.wp.com\/cdnoticias.com\/wp-content\/uploads\/2023\/03\/allanamiento-colon-y-pourtale-03.jpg?fit=800%2C445&ssl=1","jetpack_sharing_enabled":true,"_links":{"self":[{"href":"https:\/\/cdnoticias.com\/index.php\/wp-json\/wp\/v2\/posts\/79566","targetHints":{"allow":["GET"]}}],"collection":[{"href":"https:\/\/cdnoticias.com\/index.php\/wp-json\/wp\/v2\/posts"}],"about":[{"href":"https:\/\/cdnoticias.com\/index.php\/wp-json\/wp\/v2\/types\/post"}],"author":[{"embeddable":true,"href":"https:\/\/cdnoticias.com\/index.php\/wp-json\/wp\/v2\/users\/2"}],"replies":[{"embeddable":true,"href":"https:\/\/cdnoticias.com\/index.php\/wp-json\/wp\/v2\/comments?post=79566"}],"version-history":[{"count":0,"href":"https:\/\/cdnoticias.com\/index.php\/wp-json\/wp\/v2\/posts\/79566\/revisions"}],"wp:featuredmedia":[{"embeddable":true,"href":"https:\/\/cdnoticias.com\/index.php\/wp-json\/wp\/v2\/media\/79552"}],"wp:attachment":[{"href":"https:\/\/cdnoticias.com\/index.php\/wp-json\/wp\/v2\/media?parent=79566"}],"wp:term":[{"taxonomy":"category","embeddable":true,"href":"https:\/\/cdnoticias.com\/index.php\/wp-json\/wp\/v2\/categories?post=79566"},{"taxonomy":"post_tag","embeddable":true,"href":"https:\/\/cdnoticias.com\/index.php\/wp-json\/wp\/v2\/tags?post=79566"}],"curies":[{"name":"wp","href":"https:\/\/api.w.org\/{rel}","templated":true}]}}