{"id":79563,"date":"2023-03-14T13:19:41","date_gmt":"2023-03-14T16:19:41","guid":{"rendered":"https:\/\/www.centraldenoticias.com.ar\/?p=79563"},"modified":"2023-03-14T13:19:41","modified_gmt":"2023-03-14T16:19:41","slug":"marta-casanella-es-la-nueva-jefa-regional-de-educacion","status":"publish","type":"post","link":"https:\/\/cdnoticias.com\/index.php\/2023\/03\/14\/marta-casanella-es-la-nueva-jefa-regional-de-educacion\/","title":{"rendered":"Marta Casanella es la nueva jefa regional de Educaci\u00f3n"},"content":{"rendered":"<p>Este martes se conoci\u00f3 que la docente asumi\u00f3 en el cargo y reemplaz\u00f3 a M\u00f3nica Wagner.<!--more--><\/p>\n<hr \/>\n<p><strong>Marta Casanella asumi\u00f3 como Jefa Regional de Educaci\u00f3n<\/strong>, tal como se pudo confirmar este martes.<\/p>\n<p>&nbsp;<\/p>\n<p>La docente<strong> reemplaz\u00f3 a M\u00f3nica Wagner<\/strong>, quien hab\u00eda asumido en febrero de 2020.<\/p>\n<p>&nbsp;<\/p>\n<p>De esta manera, <strong>Casanella tiene a su cargo a las inspectoras de todas las ramas educativas de los distritos que componen la Regi\u00f3n 25<\/strong>: Olavarr\u00eda, Azul, Tapalqu\u00e9 y Bol\u00edvar<\/p>\n<p>&nbsp;<\/p>\n<p><iframe loading=\"lazy\" style=\"border: none; overflow: hidden;\" src=\"https:\/\/www.facebook.com\/plugins\/post.php?href=https%3A%2F%2Fwww.facebook.com%2FFrenteDeTodosOlavarria%2Fposts%2Fpfbid0EfevvEyMkPgX8gpFxQ8RHzmEJmEYXHyzAcVaNesT8zSFXz2oCmnrskP662TJPW4dl&amp;show_text=true&amp;width=500\" width=\"500\" height=\"455\" frameborder=\"0\" scrolling=\"no\" allowfullscreen=\"allowfullscreen\"><\/iframe><\/p>\n<p>&nbsp;<\/p>\n<p>Desde el <strong>Frente de Todos de Olavarr\u00eda se emiti\u00f3 un comunicado en el que se confirm\u00f3 la asunci\u00f3n<\/strong> al tiempo que se resaltaron las capacidades de la docente para ocupar la Jefatura.<\/p>\n<p>&nbsp;<\/p>\n<p>En ese sector partidario<strong> Casanella integra La Corriente Nacional de la Militancia<\/strong>, espacio que lidera Liliana Schwindt en el \u00e1mbito local y Cristina \u00c1lvarez Rodr\u00edguez en el plano provincial.<\/p>\n<p>&nbsp;<\/p>\n","protected":false},"excerpt":{"rendered":"<p>Este martes se conoci\u00f3 que la docente asumi\u00f3 en el cargo y reemplaz\u00f3 a M\u00f3nica Wagner.<\/p>\n","protected":false},"author":4,"featured_media":79564,"comment_status":"closed","ping_status":"closed","sticky":false,"template":"","format":"standard","meta":{"_jetpack_memberships_contains_paid_content":false,"footnotes":""},"categories":[4,1],"tags":[],"class_list":["post-79563","post","type-post","status-publish","format-standard","has-post-thumbnail","hentry","category-politica","category-portada"],"jetpack_featured_media_url":"https:\/\/i0.wp.com\/cdnoticias.com\/wp-content\/uploads\/2023\/03\/marta-casanella-jefa-regional-de-educacion.jpg?fit=800%2C445&ssl=1","jetpack_sharing_enabled":true,"_links":{"self":[{"href":"https:\/\/cdnoticias.com\/index.php\/wp-json\/wp\/v2\/posts\/79563","targetHints":{"allow":["GET"]}}],"collection":[{"href":"https:\/\/cdnoticias.com\/index.php\/wp-json\/wp\/v2\/posts"}],"about":[{"href":"https:\/\/cdnoticias.com\/index.php\/wp-json\/wp\/v2\/types\/post"}],"author":[{"embeddable":true,"href":"https:\/\/cdnoticias.com\/index.php\/wp-json\/wp\/v2\/users\/4"}],"replies":[{"embeddable":true,"href":"https:\/\/cdnoticias.com\/index.php\/wp-json\/wp\/v2\/comments?post=79563"}],"version-history":[{"count":0,"href":"https:\/\/cdnoticias.com\/index.php\/wp-json\/wp\/v2\/posts\/79563\/revisions"}],"wp:featuredmedia":[{"embeddable":true,"href":"https:\/\/cdnoticias.com\/index.php\/wp-json\/wp\/v2\/media\/79564"}],"wp:attachment":[{"href":"https:\/\/cdnoticias.com\/index.php\/wp-json\/wp\/v2\/media?parent=79563"}],"wp:term":[{"taxonomy":"category","embeddable":true,"href":"https:\/\/cdnoticias.com\/index.php\/wp-json\/wp\/v2\/categories?post=79563"},{"taxonomy":"post_tag","embeddable":true,"href":"https:\/\/cdnoticias.com\/index.php\/wp-json\/wp\/v2\/tags?post=79563"}],"curies":[{"name":"wp","href":"https:\/\/api.w.org\/{rel}","templated":true}]}}