{"id":79548,"date":"2023-03-14T12:19:15","date_gmt":"2023-03-14T15:19:15","guid":{"rendered":"https:\/\/www.centraldenoticias.com.ar\/?p=79548"},"modified":"2023-03-14T14:43:45","modified_gmt":"2023-03-14T17:43:45","slug":"con-mas-allanamientos-avanza-la-investigacion-del-femicidio-de-sofia-vicente","status":"publish","type":"post","link":"https:\/\/cdnoticias.com\/index.php\/2023\/03\/14\/con-mas-allanamientos-avanza-la-investigacion-del-femicidio-de-sofia-vicente\/","title":{"rendered":"Con m\u00e1s allanamientos avanza la investigaci\u00f3n del femicidio de Sof\u00eda Vicente"},"content":{"rendered":"<p>En la ma\u00f1ana de este martes se llevaron adelante distintos procedimientos en el marco de la b\u00fasqueda del pr\u00f3fugo y de las averiguaciones de lo sucedido.<!--more--><\/p>\n<hr \/>\n<p>Durante este martes <strong>se llevan adelante distintas medidas en el marco de la investigaci\u00f3n penal por el femicidio de Sof\u00eda Vicente<\/strong>, la joven de 23 a\u00f1os cuyo <a href=\"https:\/\/cdnoticias.com\/index.php\/2023\/03\/09\/confirman-que-el-cuerpo-hallado-en-un-pozo-es-el-de-sofia-belen-vicente\/\" target=\"_blank\" rel=\"noopener\">cuerpo fue hallado el jueves 9 de marzo en un campo de inmediaciones de Del Valle y ruta 60<\/a> donde presentaba <a href=\"https:\/\/cdnoticias.com\/index.php\/2023\/03\/11\/se-conocio-el-resultado-preliminar-de-la-autopsia-de-sofia-belen-vicente\/\" target=\"_blank\" rel=\"noopener\">signos de ahorcamiento y un disparo<\/a>.<\/p>\n<p>&nbsp;<\/p>\n<blockquote><p><strong>Central de Noticias<\/strong> pudo confirmar con distintas fuentes que se realizaron al menos cuatro allanamientos con la participaci\u00f3n de personal de todas las dependencias policiales. Asimismo, la fiscal Mar\u00eda Paula Serrano estuvo en los operativos.<\/p><\/blockquote>\n<p>&nbsp;<\/p>\n<p><img data-recalc-dims=\"1\" loading=\"lazy\" decoding=\"async\" class=\"size-full wp-image-79550 aligncenter\" src=\"https:\/\/i0.wp.com\/cdnoticias.com\/wp-content\/uploads\/2023\/03\/allanamiento-colon-y-pourtale-01.jpg?resize=800%2C445&#038;ssl=1\" alt=\"\" width=\"800\" height=\"445\" srcset=\"https:\/\/i0.wp.com\/cdnoticias.com\/wp-content\/uploads\/2023\/03\/allanamiento-colon-y-pourtale-01.jpg?w=800&amp;ssl=1 800w, https:\/\/i0.wp.com\/cdnoticias.com\/wp-content\/uploads\/2023\/03\/allanamiento-colon-y-pourtale-01.jpg?resize=300%2C167&amp;ssl=1 300w, https:\/\/i0.wp.com\/cdnoticias.com\/wp-content\/uploads\/2023\/03\/allanamiento-colon-y-pourtale-01.jpg?resize=768%2C427&amp;ssl=1 768w\" sizes=\"auto, (max-width: 800px) 100vw, 800px\" \/><\/p>\n<p>&nbsp;<\/p>\n<p>Dos de los allanamientos tuvieron lugar en <strong>inmediaciones de Col\u00f3n y Pourtal\u00e9<\/strong>. All\u00ed trabajaron desde la ma\u00f1ana de este martes -y continuaban hasta cerca del mediod\u00eda- <strong>efectivos de la Sub DDI local y de Polic\u00eda Cient\u00edfica.<\/strong><\/p>\n<p>&nbsp;<\/p>\n<p>Los operativos tienen como objetivo <strong>la b\u00fasqueda del pr\u00f3fugo en la causa, la persona con la que se estableci\u00f3 que Sof\u00eda Vicente se retir\u00f3 del predio de la Sociedad Rural el s\u00e1bado 4 de marzo<\/strong>. En ese sentido, el abogado Sergio Rold\u00e1n, representante de la familia de la v\u00edctima, indic\u00f3 que<strong> tambi\u00e9n se busca un veh\u00edculo<\/strong> <a href=\"https:\/\/cdnoticias.com\/index.php\/2023\/03\/13\/femicidio-de-sofia-vicente-fue-rechazada-la-excarcelacion-del-expolicia-arrestado\/\" target=\"_blank\" rel=\"noopener\">en base a la informaci\u00f3n que surgi\u00f3 de las c\u00e1maras de seguridad incorporadas a la causa.<\/a><\/p>\n<p>&nbsp;<\/p>\n<p>Los investigadores tambi\u00e9n buscan en los allanamientos<strong> elementos que permitan establecer lo sucedido<\/strong>.<\/p>\n<p>&nbsp;<\/p>\n<p><img data-recalc-dims=\"1\" loading=\"lazy\" decoding=\"async\" class=\"size-full wp-image-79551 aligncenter\" src=\"https:\/\/i0.wp.com\/cdnoticias.com\/wp-content\/uploads\/2023\/03\/allanamiento-colon-y-pourtale-02.jpg?resize=800%2C445&#038;ssl=1\" alt=\"\" width=\"800\" height=\"445\" srcset=\"https:\/\/i0.wp.com\/cdnoticias.com\/wp-content\/uploads\/2023\/03\/allanamiento-colon-y-pourtale-02.jpg?w=800&amp;ssl=1 800w, https:\/\/i0.wp.com\/cdnoticias.com\/wp-content\/uploads\/2023\/03\/allanamiento-colon-y-pourtale-02.jpg?resize=300%2C167&amp;ssl=1 300w, https:\/\/i0.wp.com\/cdnoticias.com\/wp-content\/uploads\/2023\/03\/allanamiento-colon-y-pourtale-02.jpg?resize=768%2C427&amp;ssl=1 768w\" sizes=\"auto, (max-width: 800px) 100vw, 800px\" \/><\/p>\n<p>&nbsp;<\/p>\n<p>Dos de los procedimientos tuvieron lugar<strong> en Col\u00f3n y Pourtal\u00e9 donde, seg\u00fan fuentes extraoficiales, se sospecha que estuvo la joven Vicente en la noche de su desaparici\u00f3n<\/strong> y, en ese mismo lugar, que funciona como local, <a href=\"https:\/\/cdnoticias.com\/index.php\/2023\/03\/08\/la-policia-rastrillo-un-bar-en-olavarria-en-busqueda-de-la-joven-desaparecida\/\" target=\"_blank\" rel=\"noopener\">se realiz\u00f3 un allanamiento la semana pasada<\/a>.<\/p>\n<p>&nbsp;<\/p>\n<p>En tanto, trascendi\u00f3 que <strong>tambi\u00e9n se avanz\u00f3 en ese sector en la b\u00fasqueda de la persona que se mantiene pr\u00f3fuga y est\u00e1 asimismo acusada del crimen<\/strong>.<\/p>\n<p>&nbsp;<\/p>\n<p><img data-recalc-dims=\"1\" loading=\"lazy\" decoding=\"async\" class=\"size-full wp-image-79552 aligncenter\" src=\"https:\/\/i0.wp.com\/cdnoticias.com\/wp-content\/uploads\/2023\/03\/allanamiento-colon-y-pourtale-03.jpg?resize=800%2C445&#038;ssl=1\" alt=\"\" width=\"800\" height=\"445\" srcset=\"https:\/\/i0.wp.com\/cdnoticias.com\/wp-content\/uploads\/2023\/03\/allanamiento-colon-y-pourtale-03.jpg?w=800&amp;ssl=1 800w, https:\/\/i0.wp.com\/cdnoticias.com\/wp-content\/uploads\/2023\/03\/allanamiento-colon-y-pourtale-03.jpg?resize=300%2C167&amp;ssl=1 300w, https:\/\/i0.wp.com\/cdnoticias.com\/wp-content\/uploads\/2023\/03\/allanamiento-colon-y-pourtale-03.jpg?resize=768%2C427&amp;ssl=1 768w\" sizes=\"auto, (max-width: 800px) 100vw, 800px\" \/><\/p>\n<p>&nbsp;<\/p>\n<p>Por otro lado, se pudo saber tambi\u00e9n que <strong>se han sumado importantes testimonios en las \u00faltimas horas<\/strong> que dieron lugar a los procedimientos de este martes.<\/p>\n<p>&nbsp;<\/p>\n<p>Hasta el momento, en el caso <a href=\"https:\/\/cdnoticias.com\/index.php\/2023\/03\/12\/apresan-a-un-expolicia-por-el-femicidio-de-sofia-vicente\/\" target=\"_blank\" rel=\"noopener\">hay una persona arrestada, el ex polic\u00eda Pablo Mart\u00edn Olalde (45)<\/a>.<\/p>\n<p>&nbsp;<\/p>\n<blockquote class=\"wp-embedded-content\" data-secret=\"5GfsuYEXiu\"><p><a href=\"https:\/\/cdnoticias.com\/index.php\/2023\/03\/10\/serrano-hubo-intervencion-de-una-o-mas-personas-en-el-asesinato-de-sofia\/\">Serrano: \u201chubo intervenci\u00f3n de una o m\u00e1s personas en el asesinato de Sof\u00eda\u201d<\/a><\/p><\/blockquote>\n<p><iframe loading=\"lazy\" class=\"wp-embedded-content\" sandbox=\"allow-scripts\" security=\"restricted\" style=\"position: absolute; clip: rect(1px, 1px, 1px, 1px);\" title=\"&#8220;Serrano: \u201chubo intervenci\u00f3n de una o m\u00e1s personas en el asesinato de Sof\u00eda\u201d&#8221; &#8212; Central de Noticias | Olavarr\u00eda\" src=\"https:\/\/cdnoticias.com\/index.php\/2023\/03\/10\/serrano-hubo-intervencion-de-una-o-mas-personas-en-el-asesinato-de-sofia\/embed\/#?secret=VMSns2EOC7#?secret=5GfsuYEXiu\" data-secret=\"5GfsuYEXiu\" width=\"600\" height=\"338\" frameborder=\"0\" marginwidth=\"0\" marginheight=\"0\" scrolling=\"no\"><\/iframe><\/p>\n<p>&nbsp;<\/p>\n","protected":false},"excerpt":{"rendered":"<p>En la ma\u00f1ana de este martes se llevaron adelante distintos procedimientos en el marco de la b\u00fasqueda del pr\u00f3fugo y<\/p>\n","protected":false},"author":4,"featured_media":79549,"comment_status":"closed","ping_status":"closed","sticky":false,"template":"","format":"standard","meta":{"_jetpack_memberships_contains_paid_content":false,"footnotes":""},"categories":[14,1],"tags":[],"class_list":["post-79548","post","type-post","status-publish","format-standard","has-post-thumbnail","hentry","category-policiales","category-portada"],"jetpack_featured_media_url":"https:\/\/i0.wp.com\/cdnoticias.com\/wp-content\/uploads\/2023\/03\/allanamiento-colon-y-pourtale-00.jpg?fit=800%2C445&ssl=1","jetpack_sharing_enabled":true,"_links":{"self":[{"href":"https:\/\/cdnoticias.com\/index.php\/wp-json\/wp\/v2\/posts\/79548","targetHints":{"allow":["GET"]}}],"collection":[{"href":"https:\/\/cdnoticias.com\/index.php\/wp-json\/wp\/v2\/posts"}],"about":[{"href":"https:\/\/cdnoticias.com\/index.php\/wp-json\/wp\/v2\/types\/post"}],"author":[{"embeddable":true,"href":"https:\/\/cdnoticias.com\/index.php\/wp-json\/wp\/v2\/users\/4"}],"replies":[{"embeddable":true,"href":"https:\/\/cdnoticias.com\/index.php\/wp-json\/wp\/v2\/comments?post=79548"}],"version-history":[{"count":0,"href":"https:\/\/cdnoticias.com\/index.php\/wp-json\/wp\/v2\/posts\/79548\/revisions"}],"wp:featuredmedia":[{"embeddable":true,"href":"https:\/\/cdnoticias.com\/index.php\/wp-json\/wp\/v2\/media\/79549"}],"wp:attachment":[{"href":"https:\/\/cdnoticias.com\/index.php\/wp-json\/wp\/v2\/media?parent=79548"}],"wp:term":[{"taxonomy":"category","embeddable":true,"href":"https:\/\/cdnoticias.com\/index.php\/wp-json\/wp\/v2\/categories?post=79548"},{"taxonomy":"post_tag","embeddable":true,"href":"https:\/\/cdnoticias.com\/index.php\/wp-json\/wp\/v2\/tags?post=79548"}],"curies":[{"name":"wp","href":"https:\/\/api.w.org\/{rel}","templated":true}]}}