{"id":79541,"date":"2023-03-14T11:15:20","date_gmt":"2023-03-14T14:15:20","guid":{"rendered":"https:\/\/www.centraldenoticias.com.ar\/?p=79541"},"modified":"2023-03-14T11:15:20","modified_gmt":"2023-03-14T14:15:20","slug":"venta-de-marihuana-en-azul-tras-un-importante-procedimiento-hubo-tres-arrestados","status":"publish","type":"post","link":"https:\/\/cdnoticias.com\/index.php\/2023\/03\/14\/venta-de-marihuana-en-azul-tras-un-importante-procedimiento-hubo-tres-arrestados\/","title":{"rendered":"Venta de marihuana en Azul: tras un importante procedimiento hubo tres arrestados"},"content":{"rendered":"<p>El personal de Drogas Il\u00edcitas desarroll\u00f3 tareas de vigilancia, seguimiento de veh\u00edculos y un allanamiento. Se secuestr\u00f3 una importante cantidad de marihuana.<\/p>\n<p><!--more--><\/p>\n<hr \/>\n<p>En un importante operativo policial encabezado por la <strong>Delegaci\u00f3n de Investigaciones del Trafico de Drogas Il\u00edcitas<\/strong>, se logr\u00f3 desmembrar una <strong>red local de venta de drogas en la ciudad de Azul<\/strong> y los <strong>principales investigados fueron aprehendidos.<\/strong><\/p>\n<p>&nbsp;<\/p>\n<p>El accionar policial se centr\u00f3 durante el fin de semana en <strong>un domicilio de Diab y Jujuy<\/strong>, en la vecina localidad. Tras <strong>tareas de vigilancia, el seguimiento de veh\u00edculos y un allanamiento<\/strong> quedaron <strong>dos personas aprehendidas<\/strong> y se <strong>secuestr\u00f3 una importante cantidad de marihuana.<\/strong><\/p>\n<p>&nbsp;<\/p>\n<p>El s\u00e1bado por la tarde comenz\u00f3 el despliegue del personal policial y judicial. Hacia las 15 un dispositivo se dio como corolario de discretas tareas de observaci\u00f3n que realizaron los investigadores de la Delegaci\u00f3n Drogas de Azul, las cuales indicaban que <strong>en un domicilio un masculino estar\u00eda distribuyendo sustancias il\u00edcitas.<\/strong><\/p>\n<p>&nbsp;<\/p>\n<p><img data-recalc-dims=\"1\" loading=\"lazy\" decoding=\"async\" class=\"size-full wp-image-79543 aligncenter\" src=\"https:\/\/i0.wp.com\/cdnoticias.com\/wp-content\/uploads\/2023\/03\/allanamiento-marihuana-azul-01-1.jpg?resize=800%2C445&#038;ssl=1\" alt=\"\" width=\"800\" height=\"445\" srcset=\"https:\/\/i0.wp.com\/cdnoticias.com\/wp-content\/uploads\/2023\/03\/allanamiento-marihuana-azul-01-1.jpg?w=800&amp;ssl=1 800w, https:\/\/i0.wp.com\/cdnoticias.com\/wp-content\/uploads\/2023\/03\/allanamiento-marihuana-azul-01-1.jpg?resize=300%2C167&amp;ssl=1 300w, https:\/\/i0.wp.com\/cdnoticias.com\/wp-content\/uploads\/2023\/03\/allanamiento-marihuana-azul-01-1.jpg?resize=768%2C427&amp;ssl=1 768w\" sizes=\"auto, (max-width: 800px) 100vw, 800px\" \/><\/p>\n<p>&nbsp;<\/p>\n<blockquote><p>Sin dilatar las acciones, los detectives realizaron vigilancias en inmediaciones de ese domicilio, \u201cempleando indumentarias acorde al lugar, a los fines de no ser detectados.\u00a0 Adentrada la tarde del s\u00e1bado, observaron que llega al lugar un hombre que conduc\u00eda un Ford, modelo Falcon. Tras retirarse del domicilio y, luego de un seguimiento minucioso, fue interceptado por los investigadores\u201d se inform\u00f3.<\/p><\/blockquote>\n<p>&nbsp;<\/p>\n<p>En el<strong> registro del rodado se hall\u00f3 cerca de un kilo de marihuana<\/strong>. Inmediatamente se lo condujo a la Delegaci\u00f3n Drogas Azul.<\/p>\n<p>&nbsp;<\/p>\n<p>Mientras tanto, se mantuvo la vigilancia en el domicilio inicial y se advirti\u00f3<strong> la llegada de una camioneta<\/strong>. Tras el egreso, se dispuso un seguimiento. De la misma manera, m\u00e1s tarde fue interceptado y en la <strong>requisa del veh\u00edculo se encontr\u00f3 un importante trozo de marihuana.<\/strong><\/p>\n<p>&nbsp;<\/p>\n<p><img data-recalc-dims=\"1\" loading=\"lazy\" decoding=\"async\" class=\"size-full wp-image-79544 aligncenter\" src=\"https:\/\/i0.wp.com\/cdnoticias.com\/wp-content\/uploads\/2023\/03\/allanamiento-marihuana-azul-02-1.jpg?resize=800%2C445&#038;ssl=1\" alt=\"\" width=\"800\" height=\"445\" srcset=\"https:\/\/i0.wp.com\/cdnoticias.com\/wp-content\/uploads\/2023\/03\/allanamiento-marihuana-azul-02-1.jpg?w=800&amp;ssl=1 800w, https:\/\/i0.wp.com\/cdnoticias.com\/wp-content\/uploads\/2023\/03\/allanamiento-marihuana-azul-02-1.jpg?resize=300%2C167&amp;ssl=1 300w, https:\/\/i0.wp.com\/cdnoticias.com\/wp-content\/uploads\/2023\/03\/allanamiento-marihuana-azul-02-1.jpg?resize=768%2C427&amp;ssl=1 768w\" sizes=\"auto, (max-width: 800px) 100vw, 800px\" \/><\/p>\n<p>&nbsp;<\/p>\n<p>Inmediatamente, se puso en conocimiento de lo actuado a la <strong>UFI en turno de Azul, a cargo del fiscal Peiretti<\/strong>, quien evalu\u00f3 las pruebas aportadas en los expedientes y estableci\u00f3 que de all\u00ed <strong>surg\u00edan relaciones delictivas entre los dos sujetos interceptados y el ocupante del domicilio<\/strong>. Con ello <strong>se solicit\u00f3 al juez de Garant\u00edas N\u00b0 3 dr. Suarez una orden de allanamiento<\/strong> y secuestro para con el domicilio investigado.<\/p>\n<p>&nbsp;<\/p>\n<p>Alrededor de la 1:30 del domingo, y tras distintas tareas de inteligencia de los detectives de narcotr\u00e1fico, las cuales dieron certezas sobre la presencia del principal sospechado en el domicilio, <strong>se irrumpi\u00f3 en una vivienda Amado Diab casi Jujuy de Azul.<\/strong><\/p>\n<p>&nbsp;<\/p>\n<p>Se desarrollo de esta manera un amplio operativo policial que cont\u00f3 con la <strong>participaci\u00f3n de m\u00e1s de 30 efectivos policiales<\/strong>, tanto del \u00e1rea de Drogas Il\u00edcitas como del Grupo de Apoyo Departamental (GAD) <em>\u201clo que permiti\u00f3 el ingreso sin tener que lamentar incidentes o lesionados\u201d<\/em> se explic\u00f3.\u00a0El allanamiento, fue llevado a cabo con completa supervisi\u00f3n de funcionarios judiciales perteneciente a la UFI N\u00b0 13.<\/p>\n<p>&nbsp;<\/p>\n<p><img data-recalc-dims=\"1\" loading=\"lazy\" decoding=\"async\" class=\"size-full wp-image-79545 aligncenter\" src=\"https:\/\/i0.wp.com\/cdnoticias.com\/wp-content\/uploads\/2023\/03\/allanamiento-marihuana-azul-03-1.jpg?resize=800%2C445&#038;ssl=1\" alt=\"\" width=\"800\" height=\"445\" srcset=\"https:\/\/i0.wp.com\/cdnoticias.com\/wp-content\/uploads\/2023\/03\/allanamiento-marihuana-azul-03-1.jpg?w=800&amp;ssl=1 800w, https:\/\/i0.wp.com\/cdnoticias.com\/wp-content\/uploads\/2023\/03\/allanamiento-marihuana-azul-03-1.jpg?resize=300%2C167&amp;ssl=1 300w, https:\/\/i0.wp.com\/cdnoticias.com\/wp-content\/uploads\/2023\/03\/allanamiento-marihuana-azul-03-1.jpg?resize=768%2C427&amp;ssl=1 768w\" sizes=\"auto, (max-width: 800px) 100vw, 800px\" \/><\/p>\n<p>&nbsp;<\/p>\n<p>Como resultado,<strong> fue aprehendido un masculino de 22 a\u00f1os y se secuestraron varios envoltorios de marihuana<\/strong>, <em>anotaciones de importancia para la investigaci\u00f3n, tel\u00e9fonos celulares y dinero en efectivo.<\/em><\/p>\n<p>&nbsp;<\/p>\n<p><strong>El mismo domingo, las tres personas arrestadas fueron trasladadas a prestar declaraci\u00f3n<\/strong> indagatoria en la UFI N\u00ba 13. Finalmente, <strong>dos de ellos quedaron aprehendidos -dos hombres de 22 y 26 a\u00f1os-<\/strong> y del tercero se dispuso la liberaci\u00f3n.<\/p>\n<p>&nbsp;<\/p>\n","protected":false},"excerpt":{"rendered":"<p>El personal de Drogas Il\u00edcitas desarroll\u00f3 tareas de vigilancia, seguimiento de veh\u00edculos y un allanamiento. Se secuestr\u00f3 una importante cantidad<\/p>\n","protected":false},"author":4,"featured_media":79542,"comment_status":"closed","ping_status":"closed","sticky":false,"template":"","format":"standard","meta":{"_jetpack_memberships_contains_paid_content":false,"footnotes":""},"categories":[6,1],"tags":[],"class_list":["post-79541","post","type-post","status-publish","format-standard","has-post-thumbnail","hentry","category-nacionales","category-portada"],"jetpack_featured_media_url":"https:\/\/i0.wp.com\/cdnoticias.com\/wp-content\/uploads\/2023\/03\/allanamiento-marihuana-azul-00-1.jpg?fit=800%2C445&ssl=1","jetpack_sharing_enabled":true,"_links":{"self":[{"href":"https:\/\/cdnoticias.com\/index.php\/wp-json\/wp\/v2\/posts\/79541","targetHints":{"allow":["GET"]}}],"collection":[{"href":"https:\/\/cdnoticias.com\/index.php\/wp-json\/wp\/v2\/posts"}],"about":[{"href":"https:\/\/cdnoticias.com\/index.php\/wp-json\/wp\/v2\/types\/post"}],"author":[{"embeddable":true,"href":"https:\/\/cdnoticias.com\/index.php\/wp-json\/wp\/v2\/users\/4"}],"replies":[{"embeddable":true,"href":"https:\/\/cdnoticias.com\/index.php\/wp-json\/wp\/v2\/comments?post=79541"}],"version-history":[{"count":0,"href":"https:\/\/cdnoticias.com\/index.php\/wp-json\/wp\/v2\/posts\/79541\/revisions"}],"wp:featuredmedia":[{"embeddable":true,"href":"https:\/\/cdnoticias.com\/index.php\/wp-json\/wp\/v2\/media\/79542"}],"wp:attachment":[{"href":"https:\/\/cdnoticias.com\/index.php\/wp-json\/wp\/v2\/media?parent=79541"}],"wp:term":[{"taxonomy":"category","embeddable":true,"href":"https:\/\/cdnoticias.com\/index.php\/wp-json\/wp\/v2\/categories?post=79541"},{"taxonomy":"post_tag","embeddable":true,"href":"https:\/\/cdnoticias.com\/index.php\/wp-json\/wp\/v2\/tags?post=79541"}],"curies":[{"name":"wp","href":"https:\/\/api.w.org\/{rel}","templated":true}]}}