{"id":79526,"date":"2023-03-14T09:19:27","date_gmt":"2023-03-14T12:19:27","guid":{"rendered":"https:\/\/www.centraldenoticias.com.ar\/?p=79526"},"modified":"2023-03-14T10:58:02","modified_gmt":"2023-03-14T13:58:02","slug":"olavarria-continua-en-alerta-naranja-por-el-calor","status":"publish","type":"post","link":"https:\/\/cdnoticias.com\/index.php\/2023\/03\/14\/olavarria-continua-en-alerta-naranja-por-el-calor\/","title":{"rendered":"Olavarr\u00eda contin\u00faa en \u201calerta naranja\u201d por el calor"},"content":{"rendered":"<p>As\u00ed lo indic\u00f3 el Servicio Meteorol\u00f3gico Nacional. La m\u00e1xima para este martes est\u00e1 prevista en 32\u00b0. Recomendaciones para que cuidar la salud.<!--more--><\/p>\n<hr \/>\n<p>Las altas temperaturas siguen afectando a toda la provincia y<strong> el calor continuar\u00e1, al menos, por los pr\u00f3ximos d\u00edas.<\/strong><\/p>\n<p>&nbsp;<\/p>\n<p>En el caso de Olavarr\u00eda, el Servicio Meteorol\u00f3gico Nacional (SMN) indic\u00f3 que contin\u00faa con alerta naranja. Esta advertencia por temperaturas extremas hace referencia a periodos en los que se esperan <strong>valores de temperatura m\u00e1xima que pueden poner en peligro la salud de las personas.<\/strong><\/p>\n<p>&nbsp;<\/p>\n<p>El nivel de <strong>alerta naranja<\/strong> indica que puede tener un \u201cefecto moderado a alto en la salud\u201d principalmente <strong>\u201cpeligrosas, especialmente para los grupos de riesgo\u201d.<\/strong><\/p>\n<p>&nbsp;<\/p>\n<p>Seg\u00fan el pron\u00f3stico semanal del SMN, l<strong>as temperaturas seguir\u00e1n siendo altas<\/strong> con m\u00e1ximas superiores a los 30\u00b0 y m\u00ednimas que rondan los 20\u00b0 <strong>hasta el jueves. \u00a0<\/strong><\/p>\n<p>&nbsp;<\/p>\n<p>Reci\u00e9n a partir del <strong>viernes<\/strong>, la temperatura m\u00e1xima se ubicar\u00e1 en los<strong> 23\u00b0<\/strong>, con cielo parcialmente nublado.<\/p>\n<p>&nbsp;<\/p>\n<p><img data-recalc-dims=\"1\" loading=\"lazy\" decoding=\"async\" class=\"aligncenter size-full wp-image-79528\" src=\"https:\/\/i0.wp.com\/cdnoticias.com\/wp-content\/uploads\/2023\/03\/mapa_temp_extremas-6.png?resize=472%2C800&#038;ssl=1\" alt=\"\" width=\"472\" height=\"800\" srcset=\"https:\/\/i0.wp.com\/cdnoticias.com\/wp-content\/uploads\/2023\/03\/mapa_temp_extremas-6.png?w=472&amp;ssl=1 472w, https:\/\/i0.wp.com\/cdnoticias.com\/wp-content\/uploads\/2023\/03\/mapa_temp_extremas-6.png?resize=177%2C300&amp;ssl=1 177w\" sizes=\"auto, (max-width: 472px) 100vw, 472px\" \/><\/p>\n<p>&nbsp;<\/p>\n<p><strong>Recomendaciones del Ministerio de Salud <\/strong><\/p>\n<p>&nbsp;<\/p>\n<p>-Aumentar el consumo de agua sin esperar a tener sed para mantener una hidrataci\u00f3n adecuada.<\/p>\n<p>&nbsp;<\/p>\n<p>-No exponerse al sol en exceso, ni en horas centrales del d\u00eda (entre las 10 y las 16 horas).<\/p>\n<p>&nbsp;<\/p>\n<p>-Prestar atenci\u00f3n a los beb\u00e9s, ni\u00f1os y ni\u00f1as y a las personas mayores.<\/p>\n<p>&nbsp;<\/p>\n<p>-Evitar las bebidas con cafe\u00edna, con alcohol o muy azucaradas.<\/p>\n<p>&nbsp;<\/p>\n<p>-Evitar comidas muy abundantes.<\/p>\n<p>&nbsp;<\/p>\n<p>-Ingerir verduras y frutas.<\/p>\n<p>&nbsp;<\/p>\n<p>-Reducir la actividad f\u00edsica.<\/p>\n<p>&nbsp;<\/p>\n<p>-Usar ropa ligera, holgada y de colores claros; sombrero, anteojos oscuros.<\/p>\n<p>&nbsp;<\/p>\n<p>-Permanecer en espacios ventilados o acondicionados.<\/p>\n<p>&nbsp;<\/p>\n<p>-Recordar que no existe un tratamiento farmacol\u00f3gico contra el golpe de calor y s\u00f3lo los m\u00e9todos cl\u00e1sicos, citados arriba, pueden prevenirlo y contrarrestarlo.<\/p>\n<p>&nbsp;<\/p>\n<p>Ante sed intensa y sequedad en la boca, temperatura mayor a 39\u00ba C, sudoraci\u00f3n excesiva, sensaci\u00f3n de calor sofocante, piel seca, agotamiento, mareos o desmayo, dolores de est\u00f3mago, falta de apetito, n\u00e1useas o v\u00f3mitos, dolores de cabeza, entre otros, se deber\u00e1 actuar de la siguiente manera:<\/p>\n<p>&nbsp;<\/p>\n<p>&#8211; Solicitar de inmediato asistencia m\u00e9dica.<\/p>\n<p>&nbsp;<\/p>\n<p>&#8211; Trasladar a la persona afectada a la sombra, a un lugar fresco y tranquilo.<\/p>\n<p>&nbsp;<\/p>\n<p>&#8211; Intentar refrescarla, mojarle la ropa y darle de beber agua fresca.<\/p>\n","protected":false},"excerpt":{"rendered":"<p>As\u00ed lo indic\u00f3 el Servicio Meteorol\u00f3gico Nacional. La m\u00e1xima para este martes est\u00e1 prevista en 32\u00b0. Recomendaciones para que cuidar<\/p>\n","protected":false},"author":5,"featured_media":74756,"comment_status":"closed","ping_status":"closed","sticky":false,"template":"","format":"standard","meta":{"_jetpack_memberships_contains_paid_content":false,"footnotes":""},"categories":[5,1],"tags":[],"class_list":["post-79526","post","type-post","status-publish","format-standard","has-post-thumbnail","hentry","category-informacion-general","category-portada"],"jetpack_featured_media_url":"https:\/\/i0.wp.com\/cdnoticias.com\/wp-content\/uploads\/2023\/01\/calor.jpg?fit=696%2C464&ssl=1","jetpack_sharing_enabled":true,"_links":{"self":[{"href":"https:\/\/cdnoticias.com\/index.php\/wp-json\/wp\/v2\/posts\/79526","targetHints":{"allow":["GET"]}}],"collection":[{"href":"https:\/\/cdnoticias.com\/index.php\/wp-json\/wp\/v2\/posts"}],"about":[{"href":"https:\/\/cdnoticias.com\/index.php\/wp-json\/wp\/v2\/types\/post"}],"author":[{"embeddable":true,"href":"https:\/\/cdnoticias.com\/index.php\/wp-json\/wp\/v2\/users\/5"}],"replies":[{"embeddable":true,"href":"https:\/\/cdnoticias.com\/index.php\/wp-json\/wp\/v2\/comments?post=79526"}],"version-history":[{"count":0,"href":"https:\/\/cdnoticias.com\/index.php\/wp-json\/wp\/v2\/posts\/79526\/revisions"}],"wp:featuredmedia":[{"embeddable":true,"href":"https:\/\/cdnoticias.com\/index.php\/wp-json\/wp\/v2\/media\/74756"}],"wp:attachment":[{"href":"https:\/\/cdnoticias.com\/index.php\/wp-json\/wp\/v2\/media?parent=79526"}],"wp:term":[{"taxonomy":"category","embeddable":true,"href":"https:\/\/cdnoticias.com\/index.php\/wp-json\/wp\/v2\/categories?post=79526"},{"taxonomy":"post_tag","embeddable":true,"href":"https:\/\/cdnoticias.com\/index.php\/wp-json\/wp\/v2\/tags?post=79526"}],"curies":[{"name":"wp","href":"https:\/\/api.w.org\/{rel}","templated":true}]}}