{"id":795,"date":"2020-09-04T17:50:47","date_gmt":"2020-09-04T20:50:47","guid":{"rendered":"http:\/\/www.centraldenoticias.com.ar\/?p=795"},"modified":"2020-09-04T19:32:22","modified_gmt":"2020-09-04T22:32:22","slug":"mireya-esto-tiene-que-ir-cambiando-y-esta-cambiando","status":"publish","type":"post","link":"https:\/\/cdnoticias.com\/index.php\/2020\/09\/04\/mireya-esto-tiene-que-ir-cambiando-y-esta-cambiando\/","title":{"rendered":"Mireya: \u201cEsto tiene que ir cambiando y est\u00e1 cambiando\u201d"},"content":{"rendered":"<p>Luego de la aprobaci\u00f3n a nivel nacional del cupo laboral trans, Central de Noticias habl\u00f3 con Mireya, quien este a\u00f1o pis\u00f3 por primera vez el recinto del Concejo Deliberante junto a sus compa\u00f1eras y compa\u00f1eros de la disidencia. Su mirada, sus sue\u00f1os, sus buenas y malas \u00e9pocas. Su madre y el amor de sus abuelos y de su pareja.\u00a0<!--more--><\/p>\n<p>__________________________________________________________<\/p>\n<p>&nbsp;<\/p>\n<p>Mireya tiene 55 a\u00f1os, es vecina del barrio Matadero y hace 33 a\u00f1os que est\u00e1 en pareja. Dice que tiene <em>\u201cm\u00e1s buenas que malas para contar\u201d<\/em>, pero sospecho que es su g\u00e9minis interior la que la lleva para adelante. Mireya habla de signos. Y tambi\u00e9n de sus afectos, su casa y <strong>la idea de dejar un mundo mejor <em>\u201cpara las que vienen\u201d. <\/em><\/strong><\/p>\n<p>Este viernes el Gobierno nacional estableci\u00f3 que el sector p\u00fablico deber\u00e1 contar con un <a href=\"https:\/\/cdnoticias.com\/index.php\/2020\/09\/04\/cupo-laboral-trans-sera-del-1-en-el-estado-nacional\/\" target=\"_blank\" rel=\"noopener\">1% de representaci\u00f3n trans, travesti y transg\u00e9nero.<\/a> En la \u00faltima sesi\u00f3n del Concejo Deliberante se vot\u00f3 una resoluci\u00f3n para avanzar en el mismo sentido a nivel municipal. <strong>Mireya pis\u00f3 por primera vez, el recinto del HCD.<\/strong><\/p>\n<p>&nbsp;<\/p>\n<p><img data-recalc-dims=\"1\" loading=\"lazy\" decoding=\"async\" class=\"alignnone size-large wp-image-792\" src=\"https:\/\/i0.wp.com\/cdnoticias.com\/wp-content\/uploads\/2020\/09\/cb2f3ad9-8692-448b-a201-5957adf4c15d.jpg?resize=800%2C600&#038;ssl=1\" alt=\"\" width=\"800\" height=\"600\" srcset=\"https:\/\/i0.wp.com\/cdnoticias.com\/wp-content\/uploads\/2020\/09\/cb2f3ad9-8692-448b-a201-5957adf4c15d.jpg?resize=1024%2C768&amp;ssl=1 1024w, https:\/\/i0.wp.com\/cdnoticias.com\/wp-content\/uploads\/2020\/09\/cb2f3ad9-8692-448b-a201-5957adf4c15d.jpg?resize=300%2C225&amp;ssl=1 300w, https:\/\/i0.wp.com\/cdnoticias.com\/wp-content\/uploads\/2020\/09\/cb2f3ad9-8692-448b-a201-5957adf4c15d.jpg?resize=768%2C576&amp;ssl=1 768w, https:\/\/i0.wp.com\/cdnoticias.com\/wp-content\/uploads\/2020\/09\/cb2f3ad9-8692-448b-a201-5957adf4c15d.jpg?w=1280&amp;ssl=1 1280w\" sizes=\"auto, (max-width: 800px) 100vw, 800px\" \/><\/p>\n<p><em>\u201cPara m\u00ed fue toda una novedad, es la primera vez que estoy en esto. <strong>Fue hermoso, para las chicas, para las compa\u00f1eras que han estado m\u00e1s en la lucha y les ha tocado transitar cosas m\u00e1s feas en la vida.<\/strong> Yo soy un poco m\u00e1s grande que algunas y tengo una vida hecha. Tengo mi pareja de muchos a\u00f1os, por suerte no he tenido que pasar por muchas de las cosas que han pasado ellas\u201d<\/em>, cont\u00f3.<\/p>\n<p>Para Mireya, lo que sucedi\u00f3 durante esta jornada <em>\u201ces algo bueno para las que vienen\u201d<\/em> y se\u00f1al\u00f3 que<em> \u201cmis compa\u00f1eras est\u00e1n contentas. <strong>El tema ac\u00e1 en Olavarr\u00eda es muy dif\u00edcil. Viste como somos\u2026<\/strong> se fijan en los modos, en la apariencia, en el vestir, en todo eso. Y viste como nos vestimos, que somos llamativas (larga una carcajada). Yo soy grande, me visto un poco diferente, aunque ya he llamado la atenci\u00f3n bastante hace algunos a\u00f1os\u201d.<\/em><\/p>\n<p>&nbsp;<\/p>\n<p>&nbsp;<\/p>\n<blockquote><p>Esto tiene que ir cambiando y est\u00e1 cambiando. Va a llegar un momento que las personas retr\u00f3gradas van a tener que ir abriendo la mente, incluirnos, a mis compa\u00f1eras y a todos.<\/p><\/blockquote>\n<p>&nbsp;<\/p>\n<p>&nbsp;<\/p>\n<p><strong>La rubia Mireya<\/strong><\/p>\n<p>&nbsp;<\/p>\n<p><em>\u201cMis a\u00f1os\u2026 en los que yo arranqu\u00e9 en esta vida, fueron los 80\u201d<\/em>, cont\u00f3 y record\u00f3 una \u00e9poca dif\u00edcil, pero <em>\u201csiempre tuve suerte con mis parejas, vengo de una familia de clase media y gracias a Dios no he tenido la necesidad de prostituirme, de tener que estar parada en una esquina\u201d<\/em>.<\/p>\n<p>La familia de Mireya ten\u00eda comercios y ella supo trabajar atendiendo una librer\u00eda. <em>\u201cA los 15, mi mam\u00e1 me dijo te vas. Sal\u00ed a buscar trabajo y consegu\u00ed en un boliche, de lavacopas. Era un boliche de una pareja gay, as\u00ed que encaj\u00e9 perfecto. Y ah\u00ed ten\u00eda mi cabello negro,<strong> despu\u00e9s me lo te\u00f1\u00ed de rubio y vino mi patr\u00f3n y me puso Mireya&#8230; Y me echaron porque me dijo &#8216;as\u00ed no pod\u00e9s salir a atender las mesas'&#8221;<\/strong>.<\/em><\/p>\n<p>&nbsp;<\/p>\n<p><img data-recalc-dims=\"1\" loading=\"lazy\" decoding=\"async\" class=\"alignnone size-large wp-image-789\" src=\"https:\/\/i0.wp.com\/cdnoticias.com\/wp-content\/uploads\/2020\/09\/6c7019aa-9bfd-46ea-8f10-bbba7cdaf17d.jpg?resize=800%2C600&#038;ssl=1\" alt=\"\" width=\"800\" height=\"600\" srcset=\"https:\/\/i0.wp.com\/cdnoticias.com\/wp-content\/uploads\/2020\/09\/6c7019aa-9bfd-46ea-8f10-bbba7cdaf17d.jpg?resize=1024%2C768&amp;ssl=1 1024w, https:\/\/i0.wp.com\/cdnoticias.com\/wp-content\/uploads\/2020\/09\/6c7019aa-9bfd-46ea-8f10-bbba7cdaf17d.jpg?resize=300%2C225&amp;ssl=1 300w, https:\/\/i0.wp.com\/cdnoticias.com\/wp-content\/uploads\/2020\/09\/6c7019aa-9bfd-46ea-8f10-bbba7cdaf17d.jpg?resize=768%2C576&amp;ssl=1 768w, https:\/\/i0.wp.com\/cdnoticias.com\/wp-content\/uploads\/2020\/09\/6c7019aa-9bfd-46ea-8f10-bbba7cdaf17d.jpg?w=1280&amp;ssl=1 1280w\" sizes=\"auto, (max-width: 800px) 100vw, 800px\" \/><\/p>\n<p>Mireya suelta la risa otra vez. Pero enseguida record\u00f3 otro momento dif\u00edcil. <em>\u201c<strong>La \u00e9poca del servicio militar, eso fue un sufrir.<\/strong> No me salv\u00e9 por ser as\u00ed, me salv\u00e9 por sost\u00e9n de familia. Porque mi abuelo estaba enfermo de coraz\u00f3n, empez\u00f3 a cerrar los negocios que ten\u00eda y empezamos a ir econ\u00f3micamente para atr\u00e1s\u201d.<\/em><\/p>\n<p>&nbsp;<\/p>\n<blockquote><p>A veces hablo con mi marido y le digo \u201csi nos tenemos que morir, nos morimos tranquilamente porque hemos cumplido todos nuestros sue\u00f1os&#8221;.<\/p><\/blockquote>\n<p>&nbsp;<\/p>\n<p><em>\u201c<strong>Si vos me pregunt\u00e1s qu\u00e9 me falt\u00f3 en la vida, yo digo que a m\u00ed lo \u00fanico que me falt\u00f3 fue una caricia de madre. Lo \u00fanico.<\/strong> Porque la tuve, fue una madre ejemplar hasta mis 13 a\u00f1os y despu\u00e9s mi mam\u00e1 se separ\u00f3 de mi padre, me criaron mis abuelos y despu\u00e9s ella se casa con mi padrastro, pasa a ser una se\u00f1ora de dinero\u2026 y yo la cach\u00e9\u201d.<\/em><\/p>\n<p>&nbsp;<\/p>\n<p>Se produjo un breve silencio, casi imperceptible, y agreg\u00f3 r\u00e1pidamente:<strong><em> \u201cpero despu\u00e9s me criaron mis abuelos y no me falt\u00f3 nada y mucho menos amor\u201d.<\/em> <\/strong><\/p>\n","protected":false},"excerpt":{"rendered":"<p>Luego de la aprobaci\u00f3n a nivel nacional del cupo laboral trans, Central de Noticias habl\u00f3 con Mireya, quien este a\u00f1o<\/p>\n","protected":false},"author":5,"featured_media":793,"comment_status":"closed","ping_status":"closed","sticky":false,"template":"","format":"standard","meta":{"_jetpack_memberships_contains_paid_content":false,"footnotes":""},"categories":[3,1],"tags":[],"class_list":["post-795","post","type-post","status-publish","format-standard","has-post-thumbnail","hentry","category-genero","category-portada"],"jetpack_featured_media_url":"https:\/\/i0.wp.com\/cdnoticias.com\/wp-content\/uploads\/2020\/09\/d72b9c53-435c-4362-89c3-6d61a0c91ae6.jpg?fit=1280%2C960&ssl=1","jetpack_sharing_enabled":true,"_links":{"self":[{"href":"https:\/\/cdnoticias.com\/index.php\/wp-json\/wp\/v2\/posts\/795","targetHints":{"allow":["GET"]}}],"collection":[{"href":"https:\/\/cdnoticias.com\/index.php\/wp-json\/wp\/v2\/posts"}],"about":[{"href":"https:\/\/cdnoticias.com\/index.php\/wp-json\/wp\/v2\/types\/post"}],"author":[{"embeddable":true,"href":"https:\/\/cdnoticias.com\/index.php\/wp-json\/wp\/v2\/users\/5"}],"replies":[{"embeddable":true,"href":"https:\/\/cdnoticias.com\/index.php\/wp-json\/wp\/v2\/comments?post=795"}],"version-history":[{"count":0,"href":"https:\/\/cdnoticias.com\/index.php\/wp-json\/wp\/v2\/posts\/795\/revisions"}],"wp:featuredmedia":[{"embeddable":true,"href":"https:\/\/cdnoticias.com\/index.php\/wp-json\/wp\/v2\/media\/793"}],"wp:attachment":[{"href":"https:\/\/cdnoticias.com\/index.php\/wp-json\/wp\/v2\/media?parent=795"}],"wp:term":[{"taxonomy":"category","embeddable":true,"href":"https:\/\/cdnoticias.com\/index.php\/wp-json\/wp\/v2\/categories?post=795"},{"taxonomy":"post_tag","embeddable":true,"href":"https:\/\/cdnoticias.com\/index.php\/wp-json\/wp\/v2\/tags?post=795"}],"curies":[{"name":"wp","href":"https:\/\/api.w.org\/{rel}","templated":true}]}}