{"id":79479,"date":"2023-03-15T19:09:29","date_gmt":"2023-03-15T22:09:29","guid":{"rendered":"https:\/\/www.centraldenoticias.com.ar\/?p=79479"},"modified":"2023-03-15T19:09:29","modified_gmt":"2023-03-15T22:09:29","slug":"coopelectric-se-reunio-con-vecinas-del-barrio-villa-aurora","status":"publish","type":"post","link":"https:\/\/cdnoticias.com\/index.php\/2023\/03\/15\/coopelectric-se-reunio-con-vecinas-del-barrio-villa-aurora\/","title":{"rendered":"Coopelectric se reuni\u00f3 con vecinas del barrio Villa Aurora"},"content":{"rendered":"<p>Fue en el marco del Programa Di\u00e1logos Comunitarios. Las vecinas manifestaron la necesidad de ampliar el sistema de alumbrado p\u00fablico en el barrio.<!--more--><\/p>\n<hr \/>\n<p>En el marco del <strong>Programa Di\u00e1logos Comunitarios,<\/strong> vecinas del barrio<strong> Villa Aurora<\/strong> fueron recibidas en la sede administrativa de <strong>Coopelectric<\/strong> por los integrantes del Consejo de Administraci\u00f3n y personal t\u00e9cnico de la entidad.<\/p>\n<p>&nbsp;<\/p>\n<p>Estuvieron presentes el titular del Consejo de Administraci\u00f3n Cruz Arouxet, el secretario Alberto Miotti, el prosecretario Oscar Angeletti, el protesorero Jorge Rodr\u00edguez Setzes, el vocal Jos\u00e9 Mor\u00e1n, el gerente de Coordinaci\u00f3n Ejecutiva Oscar L\u00f3pez, el gerente de Distribuci\u00f3n del Servicio El\u00e9ctrico Claudio N\u00e1poli y las vecinas de Villa Aurora Anal\u00eda Sierra y Josefina Mitorag.<\/p>\n<p>&nbsp;<\/p>\n<p>Entre los temas abordados se destac\u00f3 el <strong>servicio el\u00e9ctrico<\/strong> y en funci\u00f3n de ello se brindaron detalles sobre calidad t\u00e9cnica, estad\u00edsticas, interrupciones programadas e intempestivas registradas durante los \u00faltimos meses, funcionamiento de los reconectadores para despejar fallas transitorias de la red, v\u00edas de comunicaci\u00f3n para reclamos y las obras proyectadas durante el a\u00f1o 2023 para ese sector de la ciudad que presenta un gran crecimiento demogr\u00e1fico.<\/p>\n<p>&nbsp;<\/p>\n<p><img data-recalc-dims=\"1\" loading=\"lazy\" decoding=\"async\" class=\"aligncenter wp-image-79481 size-full\" src=\"https:\/\/i0.wp.com\/cdnoticias.com\/wp-content\/uploads\/2023\/03\/Villa-Aurora-01.jpeg?resize=800%2C514&#038;ssl=1\" alt=\"\" width=\"800\" height=\"514\" srcset=\"https:\/\/i0.wp.com\/cdnoticias.com\/wp-content\/uploads\/2023\/03\/Villa-Aurora-01.jpeg?w=1568&amp;ssl=1 1568w, https:\/\/i0.wp.com\/cdnoticias.com\/wp-content\/uploads\/2023\/03\/Villa-Aurora-01.jpeg?resize=300%2C193&amp;ssl=1 300w, https:\/\/i0.wp.com\/cdnoticias.com\/wp-content\/uploads\/2023\/03\/Villa-Aurora-01.jpeg?resize=1024%2C658&amp;ssl=1 1024w, https:\/\/i0.wp.com\/cdnoticias.com\/wp-content\/uploads\/2023\/03\/Villa-Aurora-01.jpeg?resize=768%2C494&amp;ssl=1 768w, https:\/\/i0.wp.com\/cdnoticias.com\/wp-content\/uploads\/2023\/03\/Villa-Aurora-01.jpeg?resize=1536%2C987&amp;ssl=1 1536w\" sizes=\"auto, (max-width: 800px) 100vw, 800px\" \/><\/p>\n<p>&nbsp;<\/p>\n<p>\u201cLa capacidad del transformador instalado es la adecuada, por lo que en nuestro plan anual de obras planificamos llevar a cabo tareas sobre la red de Baja Tensi\u00f3n que contribuir\u00e1n a mejorar la calidad del Servicio\u201d explic\u00f3 el Ing. Claudio N\u00e1poli.<\/p>\n<p>&nbsp;<\/p>\n<p>Por otro lado, l<strong>as vecinas manifestaron la necesidad de ampliar el sistema de alumbrado p\u00fablico en el barrio.<\/strong> En esa l\u00ednea, se explic\u00f3 que la renovaci\u00f3n y expansi\u00f3n del sistema de alumbrado es planificada y financiada por el Municipio, mientras que la operaci\u00f3n y el mantenimiento del parque lum\u00ednico es tarea de Coopelectric.<\/p>\n<p>&nbsp;<\/p>\n<p>Desde la Cooperativa se las asesor\u00f3 respecto de las gestiones a realizar y al mismo tiempo se les inform\u00f3 sobre la posibilidad de organizarse de manera colectiva y voluntaria para que los vecinos interesados puedan afrontar en c\u00f3modas cuotas el costo de instalaci\u00f3n de nuevas luminarias. \u201cEsto es posible con un estudio previo de factibilidad y la realizaci\u00f3n del tr\u00e1mite correspondiente en nuestra sede administrativa\u201d indicaron.<\/p>\n<p>&nbsp;<\/p>\n<p>Tras la reuni\u00f3n, el presidente del Consejo de Administraci\u00f3n Cruz Arouxet afirm\u00f3: <em>\u201cValoramos este espacio de di\u00e1logo porque nos permite estar cerca de los vecinos, atender sus demandas y crear lazos de confianza para continuar trabajando juntos\u201d.<\/em><\/p>\n","protected":false},"excerpt":{"rendered":"<p>Fue en el marco del Programa Di\u00e1logos Comunitarios. Las vecinas manifestaron la necesidad de ampliar el sistema de alumbrado p\u00fablico<\/p>\n","protected":false},"author":6,"featured_media":79480,"comment_status":"closed","ping_status":"closed","sticky":false,"template":"","format":"standard","meta":{"_jetpack_memberships_contains_paid_content":false,"footnotes":""},"categories":[5,1],"tags":[],"class_list":["post-79479","post","type-post","status-publish","format-standard","has-post-thumbnail","hentry","category-informacion-general","category-portada"],"jetpack_featured_media_url":"https:\/\/i0.wp.com\/cdnoticias.com\/wp-content\/uploads\/2023\/03\/Villa-Aurora-02.jpeg?fit=1600%2C1200&ssl=1","jetpack_sharing_enabled":true,"_links":{"self":[{"href":"https:\/\/cdnoticias.com\/index.php\/wp-json\/wp\/v2\/posts\/79479","targetHints":{"allow":["GET"]}}],"collection":[{"href":"https:\/\/cdnoticias.com\/index.php\/wp-json\/wp\/v2\/posts"}],"about":[{"href":"https:\/\/cdnoticias.com\/index.php\/wp-json\/wp\/v2\/types\/post"}],"author":[{"embeddable":true,"href":"https:\/\/cdnoticias.com\/index.php\/wp-json\/wp\/v2\/users\/6"}],"replies":[{"embeddable":true,"href":"https:\/\/cdnoticias.com\/index.php\/wp-json\/wp\/v2\/comments?post=79479"}],"version-history":[{"count":0,"href":"https:\/\/cdnoticias.com\/index.php\/wp-json\/wp\/v2\/posts\/79479\/revisions"}],"wp:featuredmedia":[{"embeddable":true,"href":"https:\/\/cdnoticias.com\/index.php\/wp-json\/wp\/v2\/media\/79480"}],"wp:attachment":[{"href":"https:\/\/cdnoticias.com\/index.php\/wp-json\/wp\/v2\/media?parent=79479"}],"wp:term":[{"taxonomy":"category","embeddable":true,"href":"https:\/\/cdnoticias.com\/index.php\/wp-json\/wp\/v2\/categories?post=79479"},{"taxonomy":"post_tag","embeddable":true,"href":"https:\/\/cdnoticias.com\/index.php\/wp-json\/wp\/v2\/tags?post=79479"}],"curies":[{"name":"wp","href":"https:\/\/api.w.org\/{rel}","templated":true}]}}