{"id":79467,"date":"2023-03-13T18:00:09","date_gmt":"2023-03-13T21:00:09","guid":{"rendered":"https:\/\/www.centraldenoticias.com.ar\/?p=79467"},"modified":"2023-03-13T18:00:09","modified_gmt":"2023-03-13T21:00:09","slug":"corte-de-luz-en-dos-sectores-de-la-ciudad-6","status":"publish","type":"post","link":"https:\/\/cdnoticias.com\/index.php\/2023\/03\/13\/corte-de-luz-en-dos-sectores-de-la-ciudad-6\/","title":{"rendered":"Corte de luz en dos sectores de la ciudad"},"content":{"rendered":"<p>Ser\u00e1 este martes de 7:30 a 10:30 por tareas de mantenimiento.<!--more--><\/p>\n<hr \/>\n<p>Desde Coopelectric se inform\u00f3 que durante la ma\u00f1ana de este <strong>martes<\/strong> se llevar\u00e1 a cabo un <strong>corte de luz por tareas de mantenimiento.<\/strong><\/p>\n<p>&nbsp;<\/p>\n<p>Ser\u00e1 entre las<strong> 7:30 y las 10:30<\/strong> en dos sectores del Barrio CECO 1- SUPERMANZANA 1:<\/p>\n<ul>\n<li>Sector 1: Desde la Casa N\u00b0 1 hasta la Casa N\u00b0 74<\/li>\n<li>Sector 2: Desde la Casa N\u00b0 130 hasta la Casa N\u00b0 204<\/li>\n<\/ul>\n<p>&nbsp;<\/p>\n<p>Se indic\u00f3 que puede suspenderse sin las condiciones clim\u00e1ticas son adversas. En tal caso, las tareas ser\u00e1n reprogramadas.<\/p>\n<p>&nbsp;<\/p>\n<p>&nbsp;<\/p>\n<p>&nbsp;<\/p>\n<p>&nbsp;<\/p>\n","protected":false},"excerpt":{"rendered":"<p>Ser\u00e1 este martes de 7:30 a 10:30 por tareas de mantenimiento.<\/p>\n","protected":false},"author":6,"featured_media":41402,"comment_status":"closed","ping_status":"closed","sticky":false,"template":"","format":"standard","meta":{"_jetpack_memberships_contains_paid_content":false,"footnotes":""},"categories":[5,1],"tags":[],"class_list":["post-79467","post","type-post","status-publish","format-standard","has-post-thumbnail","hentry","category-informacion-general","category-portada"],"jetpack_featured_media_url":"https:\/\/i0.wp.com\/cdnoticias.com\/wp-content\/uploads\/2021\/12\/coopelectric-camion1.jpg?fit=1540%2C856&ssl=1","jetpack_sharing_enabled":true,"_links":{"self":[{"href":"https:\/\/cdnoticias.com\/index.php\/wp-json\/wp\/v2\/posts\/79467","targetHints":{"allow":["GET"]}}],"collection":[{"href":"https:\/\/cdnoticias.com\/index.php\/wp-json\/wp\/v2\/posts"}],"about":[{"href":"https:\/\/cdnoticias.com\/index.php\/wp-json\/wp\/v2\/types\/post"}],"author":[{"embeddable":true,"href":"https:\/\/cdnoticias.com\/index.php\/wp-json\/wp\/v2\/users\/6"}],"replies":[{"embeddable":true,"href":"https:\/\/cdnoticias.com\/index.php\/wp-json\/wp\/v2\/comments?post=79467"}],"version-history":[{"count":0,"href":"https:\/\/cdnoticias.com\/index.php\/wp-json\/wp\/v2\/posts\/79467\/revisions"}],"wp:featuredmedia":[{"embeddable":true,"href":"https:\/\/cdnoticias.com\/index.php\/wp-json\/wp\/v2\/media\/41402"}],"wp:attachment":[{"href":"https:\/\/cdnoticias.com\/index.php\/wp-json\/wp\/v2\/media?parent=79467"}],"wp:term":[{"taxonomy":"category","embeddable":true,"href":"https:\/\/cdnoticias.com\/index.php\/wp-json\/wp\/v2\/categories?post=79467"},{"taxonomy":"post_tag","embeddable":true,"href":"https:\/\/cdnoticias.com\/index.php\/wp-json\/wp\/v2\/tags?post=79467"}],"curies":[{"name":"wp","href":"https:\/\/api.w.org\/{rel}","templated":true}]}}