{"id":79464,"date":"2023-03-13T14:46:44","date_gmt":"2023-03-13T17:46:44","guid":{"rendered":"https:\/\/www.centraldenoticias.com.ar\/?p=79464"},"modified":"2023-03-14T07:56:53","modified_gmt":"2023-03-14T10:56:53","slug":"femicidio-de-sofia-vicente-fue-rechazada-la-excarcelacion-del-expolicia-arrestado","status":"publish","type":"post","link":"https:\/\/cdnoticias.com\/index.php\/2023\/03\/13\/femicidio-de-sofia-vicente-fue-rechazada-la-excarcelacion-del-expolicia-arrestado\/","title":{"rendered":"Femicidio de Sof\u00eda Vicente: fue rechazada la excarcelaci\u00f3n del expolic\u00eda arrestado"},"content":{"rendered":"<p>\u201cLa causa va por buen camino\u201d dijo el abogado Sergio Rold\u00e1n, representante legal de la familia de la v\u00edctima. Tambi\u00e9n revel\u00f3 que se analiza si Sof\u00eda estuvo en una habitaci\u00f3n de la casa cercana al lugar donde se hall\u00f3 el cuerpo.<!--more--><\/p>\n<hr \/>\n<p>Este lunes, <a href=\"https:\/\/cdnoticias.com\/index.php\/2023\/03\/13\/frente-a-fiscalia-reclamaron-justicia-por-sofia-vamos-a-seguir-hasta-que-aparezcan-todos\/\" target=\"_blank\" rel=\"noopener\">en el marco de la manifestaci\u00f3n de la familia de Sof\u00eda Vicente frente a la sede del Poder judicial local<\/a>, <strong>el abogado Sergio Rold\u00e1n brind\u00f3 detalles del avance de las averiguaciones.<\/strong><\/p>\n<p>&nbsp;<\/p>\n<p>El letrado es representante legal de la familia de la joven y, previo a la entrevista con medios locales, <strong>tom\u00f3 contacto con la fiscal Paula Serrano<\/strong> quien lleva adelante las averiguaciones desde la UFI N\u00ba 4.<\/p>\n<p>&nbsp;<\/p>\n<p>El \u00fanico detenido, acusado de<strong> \u201chomicidio agravado por alevos\u00eda y femicidio\u201d<\/strong> <a href=\"https:\/\/cdnoticias.com\/index.php\/2023\/03\/12\/apresan-a-un-expolicia-por-el-femicidio-de-sofia-vicente\/\" target=\"_blank\" rel=\"noopener\">-tal como se hab\u00eda dado a conocer durante el fin de semana-<\/a>, es <strong>Pablo Olalde, un ex polic\u00eda<\/strong>. La defensa hab\u00eda <strong>solicitado la excarcelaci\u00f3n, medida que el Juzgado de Garant\u00edas N\u00ba 2 a cargo de Carlos Villamar\u00edn, deneg\u00f3<\/strong>.<\/p>\n<p>&nbsp;<\/p>\n<blockquote><p>\u201cVa a quedar detenido Olalde porque el juez de Garant\u00edas entiende que hay indicios fehacientes de que, por lo menos, es uno de los autores del desgraciado suceso\u201d dijo el abogado. Cabe se\u00f1alar que la Fiscal\u00eda solicit\u00f3 la detenci\u00f3n de Olalde, medida sobre la que a\u00fan no se expidi\u00f3 el juez Villamar\u00edn.<\/p><\/blockquote>\n<p>&nbsp;<\/p>\n<p><img data-recalc-dims=\"1\" loading=\"lazy\" decoding=\"async\" class=\"size-large wp-image-79439 aligncenter\" src=\"https:\/\/i0.wp.com\/cdnoticias.com\/wp-content\/uploads\/2023\/03\/roldan-sergio-abogado-familia-vicente01.jpg?resize=800%2C445&#038;ssl=1\" alt=\"\" width=\"800\" height=\"445\" srcset=\"https:\/\/i0.wp.com\/cdnoticias.com\/wp-content\/uploads\/2023\/03\/roldan-sergio-abogado-familia-vicente01.jpg?resize=1024%2C570&amp;ssl=1 1024w, https:\/\/i0.wp.com\/cdnoticias.com\/wp-content\/uploads\/2023\/03\/roldan-sergio-abogado-familia-vicente01.jpg?resize=300%2C167&amp;ssl=1 300w, https:\/\/i0.wp.com\/cdnoticias.com\/wp-content\/uploads\/2023\/03\/roldan-sergio-abogado-familia-vicente01.jpg?resize=768%2C427&amp;ssl=1 768w, https:\/\/i0.wp.com\/cdnoticias.com\/wp-content\/uploads\/2023\/03\/roldan-sergio-abogado-familia-vicente01.jpg?resize=800%2C445&amp;ssl=1 800w, https:\/\/i0.wp.com\/cdnoticias.com\/wp-content\/uploads\/2023\/03\/roldan-sergio-abogado-familia-vicente01.jpg?w=1280&amp;ssl=1 1280w\" sizes=\"auto, (max-width: 800px) 100vw, 800px\" \/><\/p>\n<p>&nbsp;<\/p>\n<p>Respecto del<strong> segundo sospechado<\/strong>, dijo: <strong>\u201cEst\u00e1 pr\u00f3fugo Gonz\u00e1lez, est\u00e1n en la b\u00fasqueda de \u00e9l y qu\u00e9dense tranquilos que la causa va por muy buen camino\u201d<\/strong>. M\u00e1s adelante, hizo hincapi\u00e9 en la intenci\u00f3n de la Fiscal\u00eda de detener al segundo acusado y adelant\u00f3 que \u201clo van a encontrar\u201d, para agregar respecto del desarrollo de las averiguaciones que \u201ctenemos una hip\u00f3tesis muy firme, con indicios muy firmes\u201d.<\/p>\n<p>&nbsp;<\/p>\n<p>En ese sentido, Rold\u00e1n a\u00f1adi\u00f3 en un mensaje a los manifestantes<strong> \u201cla doctora nos pide que tengan paciencia, est\u00e1n trabajando a destajo tres profesionales, encabezados por la doctora Serrano.<\/strong> Hay much\u00edsima informaci\u00f3n, imag\u00ednense que cada declaraci\u00f3n de alguien que viene a aportar datos les lleva una hora\u201d.<\/p>\n<p>&nbsp;<\/p>\n<p>Respecto del lugar donde apareci\u00f3 el cuerpo, revel\u00f3 que<strong> en una habitaci\u00f3n de la casa cercana al pozo s\u00e9ptico fueron hallados elementos que permiten suponer que Sof\u00eda Vicente estuvo all\u00ed.<\/strong><\/p>\n<p>&nbsp;<\/p>\n<blockquote><p>\u201cHay una habitaci\u00f3n donde se ha encontrado un colch\u00f3n y donde posiblemente haya ADN de Sof\u00eda en ese lugar. Estamos a la prueba de si realmente hay ADN del pr\u00f3fugo y de la persona que hoy se encuentra detenida. La doctora Serrano tiene 40 d\u00edas para pedir la prisi\u00f3n preventiva, esos plazos a veces nos corren con las pericias\u201d advirti\u00f3. El doctor Rold\u00e1n tuvo en cuenta con ello que las pericias de ADN suelen demorar unos 6 meses hasta que se conocen los resultados en el \u00e1mbito judicial bonaerense.<\/p><\/blockquote>\n<p>&nbsp;<\/p>\n<p><img data-recalc-dims=\"1\" loading=\"lazy\" decoding=\"async\" class=\"size-full wp-image-79454 aligncenter\" src=\"https:\/\/i0.wp.com\/cdnoticias.com\/wp-content\/uploads\/2023\/03\/mariela-tia-de-sofia-vicente-sergio-roldan-1.jpg?resize=800%2C445&#038;ssl=1\" alt=\"\" width=\"800\" height=\"445\" srcset=\"https:\/\/i0.wp.com\/cdnoticias.com\/wp-content\/uploads\/2023\/03\/mariela-tia-de-sofia-vicente-sergio-roldan-1.jpg?w=800&amp;ssl=1 800w, https:\/\/i0.wp.com\/cdnoticias.com\/wp-content\/uploads\/2023\/03\/mariela-tia-de-sofia-vicente-sergio-roldan-1.jpg?resize=300%2C167&amp;ssl=1 300w, https:\/\/i0.wp.com\/cdnoticias.com\/wp-content\/uploads\/2023\/03\/mariela-tia-de-sofia-vicente-sergio-roldan-1.jpg?resize=768%2C427&amp;ssl=1 768w\" sizes=\"auto, (max-width: 800px) 100vw, 800px\" \/><\/p>\n<p>&nbsp;<\/p>\n<p><span style=\"text-decoration: underline;\"><strong>Las pruebas y los testimonios<\/strong><\/span><\/p>\n<p>&nbsp;<\/p>\n<p>El abogado destac\u00f3 que entre los elementos probatorios se cuentan los <strong>videos de las c\u00e1maras de seguridad del Municipio, especialmente los ubicados en inmediaciones de la Sociedad Rural donde fue vista por \u00faltima vez la joven<\/strong>, las cuales est\u00e1n siendo analizados por el personal policial y peritos. <em>\u201cObviamente tiene un rango horario desde que ella falt\u00f3 hasta que la encontraron que tienen que revisar. Tienen que revisar cu\u00e1ntas veces pasaron, hay un auto m\u00e1s que tienen que buscar\u201d<\/em> explic\u00f3.<\/p>\n<p>&nbsp;<\/p>\n<blockquote><p>Con ello, inform\u00f3 que \u201cnos est\u00e1 faltando un auto m\u00e1s en la investigaci\u00f3n y una persona pr\u00f3fuga. Hay un testigo que nos ha dado informaci\u00f3n muy valiosa\u201d.<\/p><\/blockquote>\n<p>&nbsp;<\/p>\n<blockquote class=\"instagram-media\" style=\"background: #FFF; border: 0; border-radius: 3px; box-shadow: 0 0 1px 0 rgba(0,0,0,0.5),0 1px 10px 0 rgba(0,0,0,0.15); margin: 1px; max-width: 540px; min-width: 326px; padding: 0; width: calc(100% - 2px);\" data-instgrm-captioned=\"\" data-instgrm-permalink=\"https:\/\/www.instagram.com\/reel\/CpvBwinAmRI\/?utm_source=ig_embed&amp;utm_campaign=loading\" data-instgrm-version=\"14\">\n<div style=\"padding: 16px;\">\n<p>&nbsp;<\/p>\n<div style=\"display: flex; flex-direction: row; align-items: center;\">\n<div style=\"background-color: #f4f4f4; border-radius: 50%; flex-grow: 0; height: 40px; margin-right: 14px; width: 40px;\"><\/div>\n<div style=\"display: flex; flex-direction: column; flex-grow: 1; justify-content: center;\">\n<div style=\"background-color: #f4f4f4; border-radius: 4px; flex-grow: 0; height: 14px; margin-bottom: 6px; width: 100px;\"><\/div>\n<div style=\"background-color: #f4f4f4; border-radius: 4px; flex-grow: 0; height: 14px; width: 60px;\"><\/div>\n<\/div>\n<\/div>\n<div style=\"padding: 19% 0;\"><\/div>\n<div style=\"display: block; height: 50px; margin: 0 auto 12px; width: 50px;\"><\/div>\n<div style=\"padding-top: 8px;\">\n<div style=\"color: #3897f0; font-family: Arial,sans-serif; font-size: 14px; font-style: normal; font-weight: 550; line-height: 18px;\">Ver esta publicaci\u00f3n en Instagram<\/div>\n<\/div>\n<div style=\"padding: 12.5% 0;\"><\/div>\n<div style=\"display: flex; flex-direction: row; margin-bottom: 14px; align-items: center;\">\n<div>\n<div style=\"background-color: #f4f4f4; border-radius: 50%; height: 12.5px; width: 12.5px; transform: translateX(0px) translateY(7px);\"><\/div>\n<div style=\"background-color: #f4f4f4; height: 12.5px; transform: rotate(-45deg) translateX(3px) translateY(1px); width: 12.5px; flex-grow: 0; margin-right: 14px; margin-left: 2px;\"><\/div>\n<div style=\"background-color: #f4f4f4; border-radius: 50%; height: 12.5px; width: 12.5px; transform: translateX(9px) translateY(-18px);\"><\/div>\n<\/div>\n<div style=\"margin-left: 8px;\">\n<div style=\"background-color: #f4f4f4; border-radius: 50%; flex-grow: 0; height: 20px; width: 20px;\"><\/div>\n<div style=\"width: 0; height: 0; border-top: 2px solid transparent; border-left: 6px solid #f4f4f4; border-bottom: 2px solid transparent; transform: translateX(16px) translateY(-4px) rotate(30deg);\"><\/div>\n<\/div>\n<div style=\"margin-left: auto;\">\n<div style=\"width: 0px; border-top: 8px solid #F4F4F4; border-right: 8px solid transparent; transform: translateY(16px);\"><\/div>\n<div style=\"background-color: #f4f4f4; flex-grow: 0; height: 12px; width: 16px; transform: translateY(-4px);\"><\/div>\n<div style=\"width: 0; height: 0; border-top: 8px solid #F4F4F4; border-left: 8px solid transparent; transform: translateY(-4px) translateX(8px);\"><\/div>\n<\/div>\n<\/div>\n<div style=\"display: flex; flex-direction: column; flex-grow: 1; justify-content: center; margin-bottom: 24px;\">\n<div style=\"background-color: #f4f4f4; border-radius: 4px; flex-grow: 0; height: 14px; margin-bottom: 6px; width: 224px;\"><\/div>\n<div style=\"background-color: #f4f4f4; border-radius: 4px; flex-grow: 0; height: 14px; width: 144px;\"><\/div>\n<\/div>\n<p>&nbsp;<\/p>\n<p style=\"color: #c9c8cd; font-family: Arial,sans-serif; font-size: 14px; line-height: 17px; margin-bottom: 0; margin-top: 8px; overflow: hidden; padding: 8px 0 7px; text-align: center; text-overflow: ellipsis; white-space: nowrap;\"><a style=\"color: #c9c8cd; font-family: Arial,sans-serif; font-size: 14px; font-style: normal; font-weight: normal; line-height: 17px; text-decoration: none;\" href=\"https:\/\/www.instagram.com\/reel\/CpvBwinAmRI\/?utm_source=ig_embed&amp;utm_campaign=loading\" target=\"_blank\" rel=\"noopener\">Una publicaci\u00f3n compartida por Central de Noticias Olavarr\u00eda (@cdnolavarria)<\/a><\/p>\n<\/div>\n<\/blockquote>\n<p><script async src=\"\/\/www.instagram.com\/embed.js\"><\/script><\/p>\n<p>&nbsp;<\/p>\n<p>Entre las tareas que llevan adelante los investigadores se cuenta la de establecer <strong>c\u00f3mo eran las relaciones entre los sospechados y la v\u00edctima<\/strong>. Acerca de <strong>Olalde, cont\u00f3 que \u201ctiene antecedentes de consumo de estupefacientes y estuvo internado en el Hospital Psiqui\u00e1trico de Hinojo\u201d<\/strong> para a\u00f1adir que \u201cla fiscal\u00eda est\u00e1 tratando de probar<strong> si en alg\u00fan momento de la internaci\u00f3n se cruzaron o se conocen desde adentro del psiqui\u00e1trico (con Sof\u00eda)\u201d<\/strong>.<\/p>\n<p>&nbsp;<\/p>\n<p>En tanto, se\u00f1al\u00f3 que con<strong> la persona pr\u00f3fuga \u201chab\u00eda una relaci\u00f3n de confianza con Sof\u00eda\u201d.<\/strong><\/p>\n<p>&nbsp;<\/p>\n<p><img data-recalc-dims=\"1\" loading=\"lazy\" decoding=\"async\" class=\"size-large wp-image-79440 aligncenter\" src=\"https:\/\/i0.wp.com\/cdnoticias.com\/wp-content\/uploads\/2023\/03\/roldan-sergio-abogado-familia-vicente02.jpg?resize=800%2C445&#038;ssl=1\" alt=\"\" width=\"800\" height=\"445\" srcset=\"https:\/\/i0.wp.com\/cdnoticias.com\/wp-content\/uploads\/2023\/03\/roldan-sergio-abogado-familia-vicente02.jpg?resize=1024%2C570&amp;ssl=1 1024w, https:\/\/i0.wp.com\/cdnoticias.com\/wp-content\/uploads\/2023\/03\/roldan-sergio-abogado-familia-vicente02.jpg?resize=300%2C167&amp;ssl=1 300w, https:\/\/i0.wp.com\/cdnoticias.com\/wp-content\/uploads\/2023\/03\/roldan-sergio-abogado-familia-vicente02.jpg?resize=768%2C428&amp;ssl=1 768w, https:\/\/i0.wp.com\/cdnoticias.com\/wp-content\/uploads\/2023\/03\/roldan-sergio-abogado-familia-vicente02.jpg?resize=800%2C445&amp;ssl=1 800w, https:\/\/i0.wp.com\/cdnoticias.com\/wp-content\/uploads\/2023\/03\/roldan-sergio-abogado-familia-vicente02.jpg?w=1178&amp;ssl=1 1178w\" sizes=\"auto, (max-width: 800px) 100vw, 800px\" \/><\/p>\n<p>&nbsp;<\/p>\n<p>Respecto de las pericias que se llevaron adelante y se aguardan los resultados, <strong>se cuenta la de \u201cextracci\u00f3n de debajo de las u\u00f1as de Olalde\u201d<\/strong> para detectar \u201csi hay piel de Sof\u00eda ah\u00ed. Supuestamente hay un acto de defensa\u201d.<\/p>\n<p>&nbsp;<\/p>\n<blockquote><p>Rold\u00e1n dej\u00f3 en claro que, por ahora, \u201cno s\u00e9 cu\u00e1l va a terminar siendo el delito que se le enrostre\u201d al aprehendido aunque afirm\u00f3 que \u201ccualquiera que termine enrostrado es una prisi\u00f3n perpetua como pena de expectativa. Estamos hablando de un homicidio, de un lugar que los agresores conoc\u00edan, porque no es casualidad que hayan utilizado una habitaci\u00f3n de esa casa, que hayan utilizado un pozo ciego que ya en alguna oportunidad creo que tuvimos la desgracia de que alguien apareciera sin vida en ese lugar y qued\u00f3 en la nada\u201d.<\/p><\/blockquote>\n<p>&nbsp;<\/p>\n<p>El abogado dio cuenta de que<strong> a\u00fan no se dilucid\u00f3 c\u00f3mo es que los sospechosos del crimen llegaron al campo donde la joven fue hallada muerta<\/strong>. \u201cAl lugar lo conocen seguro. Es un campo que hace muy corto tiempo ha sido alquilado por el hijo de un empresario local pero no te puedo decir si los hab\u00eda contratado, si los ten\u00eda trabajando, no lo dice el expediente. <strong>S\u00ed independientemente de qui\u00e9n sea el inquilino y el titular del campo, conoc\u00edan el lugar del hecho\u201d.<\/strong><\/p>\n<p>&nbsp;<\/p>\n<p><img data-recalc-dims=\"1\" loading=\"lazy\" decoding=\"async\" class=\"size-full wp-image-79448 aligncenter\" src=\"https:\/\/i0.wp.com\/cdnoticias.com\/wp-content\/uploads\/2023\/03\/manifestacion-sofia-vicente-fiscalia-10.jpg?resize=800%2C445&#038;ssl=1\" alt=\"\" width=\"800\" height=\"445\" srcset=\"https:\/\/i0.wp.com\/cdnoticias.com\/wp-content\/uploads\/2023\/03\/manifestacion-sofia-vicente-fiscalia-10.jpg?w=800&amp;ssl=1 800w, https:\/\/i0.wp.com\/cdnoticias.com\/wp-content\/uploads\/2023\/03\/manifestacion-sofia-vicente-fiscalia-10.jpg?resize=300%2C167&amp;ssl=1 300w, https:\/\/i0.wp.com\/cdnoticias.com\/wp-content\/uploads\/2023\/03\/manifestacion-sofia-vicente-fiscalia-10.jpg?resize=768%2C427&amp;ssl=1 768w\" sizes=\"auto, (max-width: 800px) 100vw, 800px\" \/><\/p>\n<p>&nbsp;<\/p>\n<p><span style=\"text-decoration: underline;\"><strong>Antecedentes penales<\/strong><\/span><\/p>\n<p>&nbsp;<\/p>\n<p>El doctor Rold\u00e1n inform\u00f3 que <strong>Pablo Mart\u00edn Olalde es camionero y que fue polic\u00eda de la provincia de Buenos Aires<\/strong> a quien conoci\u00f3 en <strong>agosto de 2010<\/strong> ya que estuvo mencionado en el marco del <strong>caso del robo al Palacio Belgrano.<\/strong><\/p>\n<p>&nbsp;<\/p>\n<p>En las averiguaciones de ese il\u00edcito, <strong>fueron secuestrados veh\u00edculos los cuales fueron dejados en la puerta de la Comisar\u00eda Primera<\/strong> con las fajas de seguridad a la espera de la realizaci\u00f3n de las pericias. En ese contexto, <strong>hubo un intento de acceder a los veh\u00edculos<\/strong> por parte de personas sospechadas del robo.<\/p>\n<p>&nbsp;<\/p>\n<blockquote><p>El abogado cont\u00f3 que Olalde \u201cestaba en la guardia (en la comisar\u00eda) cuando intentaron llevarse dinero de un auto que estaba secuestrado. No puedo confirmar que est\u00e9 echado de la Polic\u00eda por eso o si est\u00e1 exonerado o, si por ah\u00ed, por una cuesti\u00f3n administrativa sigue siendo efectivo. Eso no lo s\u00e9, no consta en el expediente hasta el momento\u201d.<\/p><\/blockquote>\n<p>&nbsp;<\/p>\n<p><img data-recalc-dims=\"1\" loading=\"lazy\" decoding=\"async\" class=\"size-full wp-image-79450 aligncenter\" src=\"https:\/\/i0.wp.com\/cdnoticias.com\/wp-content\/uploads\/2023\/03\/manifestacion-sofia-vicente-fiscalia-sergio-roldan-00.jpg?resize=800%2C445&#038;ssl=1\" alt=\"\" width=\"800\" height=\"445\" srcset=\"https:\/\/i0.wp.com\/cdnoticias.com\/wp-content\/uploads\/2023\/03\/manifestacion-sofia-vicente-fiscalia-sergio-roldan-00.jpg?w=800&amp;ssl=1 800w, https:\/\/i0.wp.com\/cdnoticias.com\/wp-content\/uploads\/2023\/03\/manifestacion-sofia-vicente-fiscalia-sergio-roldan-00.jpg?resize=300%2C167&amp;ssl=1 300w, https:\/\/i0.wp.com\/cdnoticias.com\/wp-content\/uploads\/2023\/03\/manifestacion-sofia-vicente-fiscalia-sergio-roldan-00.jpg?resize=768%2C427&amp;ssl=1 768w\" sizes=\"auto, (max-width: 800px) 100vw, 800px\" \/><\/p>\n<p>&nbsp;<\/p>\n<p><span style=\"text-decoration: underline;\"><strong>Rumores y publicaciones en redes<\/strong><\/span><\/p>\n<p>&nbsp;<\/p>\n<p>El doctor Sergio Rold\u00e1n hizo hincapi\u00e9 en <strong>solicitar a la comunidad que no publique versiones del caso en redes sociales<\/strong>, ni que tampoco se repliquen las ya publicadas.<\/p>\n<p>&nbsp;<\/p>\n<blockquote><p>\u201cEs muy importante que el que tenga informaci\u00f3n certera venga y hable con Paula Serrano\u201d remarc\u00f3.<\/p><\/blockquote>\n<p>&nbsp;<\/p>\n<p>[soliloquy id=&#8221;79465&#8243;]<\/p>\n<p>&nbsp;<\/p>\n","protected":false},"excerpt":{"rendered":"<p>\u201cLa causa va por buen camino\u201d dijo el abogado Sergio Rold\u00e1n, representante legal de la familia de la v\u00edctima. Tambi\u00e9n<\/p>\n","protected":false},"author":4,"featured_media":79455,"comment_status":"closed","ping_status":"closed","sticky":false,"template":"","format":"standard","meta":{"_jetpack_memberships_contains_paid_content":false,"footnotes":""},"categories":[14,1],"tags":[],"class_list":["post-79464","post","type-post","status-publish","format-standard","has-post-thumbnail","hentry","category-policiales","category-portada"],"jetpack_featured_media_url":"https:\/\/i0.wp.com\/cdnoticias.com\/wp-content\/uploads\/2023\/03\/mariela-tia-de-sofia-vicente-sergio-roldan-2.jpg?fit=800%2C445&ssl=1","jetpack_sharing_enabled":true,"_links":{"self":[{"href":"https:\/\/cdnoticias.com\/index.php\/wp-json\/wp\/v2\/posts\/79464","targetHints":{"allow":["GET"]}}],"collection":[{"href":"https:\/\/cdnoticias.com\/index.php\/wp-json\/wp\/v2\/posts"}],"about":[{"href":"https:\/\/cdnoticias.com\/index.php\/wp-json\/wp\/v2\/types\/post"}],"author":[{"embeddable":true,"href":"https:\/\/cdnoticias.com\/index.php\/wp-json\/wp\/v2\/users\/4"}],"replies":[{"embeddable":true,"href":"https:\/\/cdnoticias.com\/index.php\/wp-json\/wp\/v2\/comments?post=79464"}],"version-history":[{"count":0,"href":"https:\/\/cdnoticias.com\/index.php\/wp-json\/wp\/v2\/posts\/79464\/revisions"}],"wp:featuredmedia":[{"embeddable":true,"href":"https:\/\/cdnoticias.com\/index.php\/wp-json\/wp\/v2\/media\/79455"}],"wp:attachment":[{"href":"https:\/\/cdnoticias.com\/index.php\/wp-json\/wp\/v2\/media?parent=79464"}],"wp:term":[{"taxonomy":"category","embeddable":true,"href":"https:\/\/cdnoticias.com\/index.php\/wp-json\/wp\/v2\/categories?post=79464"},{"taxonomy":"post_tag","embeddable":true,"href":"https:\/\/cdnoticias.com\/index.php\/wp-json\/wp\/v2\/tags?post=79464"}],"curies":[{"name":"wp","href":"https:\/\/api.w.org\/{rel}","templated":true}]}}