{"id":7944,"date":"2020-12-02T08:26:46","date_gmt":"2020-12-02T11:26:46","guid":{"rendered":"http:\/\/www.centraldenoticias.com.ar\/?p=7944"},"modified":"2020-12-02T08:26:46","modified_gmt":"2020-12-02T11:26:46","slug":"nelida-clementina-rodriguez-torres-viuda-de-valicenti-nelly-q-e-p-d","status":"publish","type":"post","link":"https:\/\/cdnoticias.com\/index.php\/2020\/12\/02\/nelida-clementina-rodriguez-torres-viuda-de-valicenti-nelly-q-e-p-d\/","title":{"rendered":"Nelida Clementina Rodriguez Torres viuda de Valicenti &#8220;Nelly&#8221; (Q.E.P.D.)"},"content":{"rendered":"<p>Falleci\u00f3 en Olavarr\u00eda a los 87 a\u00f1os de edad. Sus hijas Nelida e Irma Valicenti; sus hijos pol\u00edticos Carlos Veneciano y Pablo Cotovich; sus nietos Lucas y Romina Valicenti; Maximiliano y Bernardo Cotovich; Federico Veneciano; sus nietas pol\u00edticas Alicia Didino, Laura Kolman y Cecilia Carmusiano; sus bisnietos, sobrinos y dem\u00e1s deudos participan su fallecimiento.<\/p>\n<p>&nbsp;<\/p>\n<p>Sus restos ser\u00e1n velados en la Sala de Espa\u00f1a N\u00b0 2942 departamento \u201cD\u201d de 10 a 10.30 horas e inhumados en el Cementerio Municipal de Sierras Bayas, previo responso en la Capilla Ardiente, este mi\u00e9rcoles a las 10.30 horas.<\/p>\n<p>&nbsp;<\/p>\n<p>Nacida en Hinojo, vecina del barrio Luj\u00e1n, jubilada y pensionada.<\/p>\n","protected":false},"excerpt":{"rendered":"<p>Falleci\u00f3 en Olavarr\u00eda a los 87 a\u00f1os de edad. Sus hijas Nelida e Irma Valicenti; sus hijos pol\u00edticos Carlos Veneciano<\/p>\n","protected":false},"author":2,"featured_media":0,"comment_status":"closed","ping_status":"closed","sticky":false,"template":"","format":"standard","meta":{"_jetpack_memberships_contains_paid_content":false,"footnotes":""},"categories":[10],"tags":[],"class_list":["post-7944","post","type-post","status-publish","format-standard","hentry","category-necrologicas"],"jetpack_featured_media_url":"","jetpack_sharing_enabled":true,"_links":{"self":[{"href":"https:\/\/cdnoticias.com\/index.php\/wp-json\/wp\/v2\/posts\/7944","targetHints":{"allow":["GET"]}}],"collection":[{"href":"https:\/\/cdnoticias.com\/index.php\/wp-json\/wp\/v2\/posts"}],"about":[{"href":"https:\/\/cdnoticias.com\/index.php\/wp-json\/wp\/v2\/types\/post"}],"author":[{"embeddable":true,"href":"https:\/\/cdnoticias.com\/index.php\/wp-json\/wp\/v2\/users\/2"}],"replies":[{"embeddable":true,"href":"https:\/\/cdnoticias.com\/index.php\/wp-json\/wp\/v2\/comments?post=7944"}],"version-history":[{"count":0,"href":"https:\/\/cdnoticias.com\/index.php\/wp-json\/wp\/v2\/posts\/7944\/revisions"}],"wp:attachment":[{"href":"https:\/\/cdnoticias.com\/index.php\/wp-json\/wp\/v2\/media?parent=7944"}],"wp:term":[{"taxonomy":"category","embeddable":true,"href":"https:\/\/cdnoticias.com\/index.php\/wp-json\/wp\/v2\/categories?post=7944"},{"taxonomy":"post_tag","embeddable":true,"href":"https:\/\/cdnoticias.com\/index.php\/wp-json\/wp\/v2\/tags?post=7944"}],"curies":[{"name":"wp","href":"https:\/\/api.w.org\/{rel}","templated":true}]}}