{"id":79425,"date":"2023-03-13T11:28:38","date_gmt":"2023-03-13T14:28:38","guid":{"rendered":"https:\/\/www.centraldenoticias.com.ar\/?p=79425"},"modified":"2023-03-13T14:48:12","modified_gmt":"2023-03-13T17:48:12","slug":"frente-a-fiscalia-reclamaron-justicia-por-sofia-vamos-a-seguir-hasta-que-aparezcan-todos","status":"publish","type":"post","link":"https:\/\/cdnoticias.com\/index.php\/2023\/03\/13\/frente-a-fiscalia-reclamaron-justicia-por-sofia-vamos-a-seguir-hasta-que-aparezcan-todos\/","title":{"rendered":"Frente a Fiscal\u00eda reclamaron Justicia por Sof\u00eda: \u201cVamos a seguir hasta que aparezcan todos\u201d"},"content":{"rendered":"<p>Familiares, amigos y organizaciones sociales pidieron el esclarecimiento del asesinato de Sof\u00eda Vicente. La t\u00eda de la joven se refiri\u00f3 a la investigaci\u00f3n que tiene a un expolic\u00eda detenido y a otro sospechoso pr\u00f3fugo. <!--more--><\/p>\n<hr \/>\n<p>Durante la ma\u00f1ana de este lunes, familiares y amigos de Sof\u00eda Vicente se convocaron en las puertas de la Fiscal\u00eda para pedir Justicia por la joven asesinada. Estuvieron presentes tambi\u00e9n integrantes de Casa Popular de la Mujer, Nuestra Am\u00e9rica, Asamblea Feminista y Disidente, y Frente de Organizaciones en Lucha (FOL).<\/p>\n<p>&nbsp;<\/p>\n<p>Asimismo, llegaron al lugar<strong> familiares de Daiana Abregu<\/strong>, la joven encontrada sin vida en una comisar\u00eda de Laprida el 5 de junio de 2022. Tambi\u00e9n se observ\u00f3 en el lugar al <strong>padre de Valentina Gallina<\/strong>, la joven asesinada por Diego Ezequiel Alejandro Pais<strong>, <\/strong>en un hecho ocurrido el 4 de enero de 2020 en una vivienda de barrio Isaura.<\/p>\n<p>&nbsp;<\/p>\n<p><img data-recalc-dims=\"1\" loading=\"lazy\" decoding=\"async\" class=\"aligncenter size-full wp-image-79430\" src=\"https:\/\/i0.wp.com\/cdnoticias.com\/wp-content\/uploads\/2023\/03\/manifestacion-fiscalia-sofia-vicente-04.jpg?resize=800%2C445&#038;ssl=1\" alt=\"\" width=\"800\" height=\"445\" srcset=\"https:\/\/i0.wp.com\/cdnoticias.com\/wp-content\/uploads\/2023\/03\/manifestacion-fiscalia-sofia-vicente-04.jpg?w=1600&amp;ssl=1 1600w, https:\/\/i0.wp.com\/cdnoticias.com\/wp-content\/uploads\/2023\/03\/manifestacion-fiscalia-sofia-vicente-04.jpg?resize=300%2C167&amp;ssl=1 300w, https:\/\/i0.wp.com\/cdnoticias.com\/wp-content\/uploads\/2023\/03\/manifestacion-fiscalia-sofia-vicente-04.jpg?resize=1024%2C570&amp;ssl=1 1024w, https:\/\/i0.wp.com\/cdnoticias.com\/wp-content\/uploads\/2023\/03\/manifestacion-fiscalia-sofia-vicente-04.jpg?resize=768%2C427&amp;ssl=1 768w, https:\/\/i0.wp.com\/cdnoticias.com\/wp-content\/uploads\/2023\/03\/manifestacion-fiscalia-sofia-vicente-04.jpg?resize=1536%2C854&amp;ssl=1 1536w, https:\/\/i0.wp.com\/cdnoticias.com\/wp-content\/uploads\/2023\/03\/manifestacion-fiscalia-sofia-vicente-04.jpg?resize=800%2C445&amp;ssl=1 800w\" sizes=\"auto, (max-width: 800px) 100vw, 800px\" \/><\/p>\n<p>&nbsp;<\/p>\n<p>La convocatoria se realiz\u00f3 tras la <a href=\"https:\/\/cdnoticias.com\/index.php\/2023\/03\/12\/apresan-a-un-expolicia-por-el-femicidio-de-sofia-vicente\/\" target=\"_blank\" rel=\"noopener\">detenci\u00f3n de Pablo Mart\u00edn Olalde, un expolic\u00eda de 45 a\u00f1os<\/a> acusado de cometer el femicidio y <strong>la b\u00fasqueda de otro sospechoso que se encuentra pr\u00f3fugo.<\/strong><\/p>\n<p>&nbsp;<\/p>\n<p><strong>Mariela Vicente, t\u00eda de Sof\u00eda<\/strong>, habl\u00f3 con los medios y cont\u00f3 que <strong>\u201cestamos ac\u00e1 para seguir pidiendo Justicia, queremos saber d\u00f3nde est\u00e1 \u00e9l o los que faltan. No se los trag\u00f3 la tierra\u201d.<\/strong><\/p>\n<p>&nbsp;<\/p>\n<p><img data-recalc-dims=\"1\" loading=\"lazy\" decoding=\"async\" class=\"aligncenter size-full wp-image-79429\" src=\"https:\/\/i0.wp.com\/cdnoticias.com\/wp-content\/uploads\/2023\/03\/manifestacion-fiscalia-sofia-vicente-05.jpg?resize=800%2C445&#038;ssl=1\" alt=\"\" width=\"800\" height=\"445\" srcset=\"https:\/\/i0.wp.com\/cdnoticias.com\/wp-content\/uploads\/2023\/03\/manifestacion-fiscalia-sofia-vicente-05.jpg?w=1396&amp;ssl=1 1396w, https:\/\/i0.wp.com\/cdnoticias.com\/wp-content\/uploads\/2023\/03\/manifestacion-fiscalia-sofia-vicente-05.jpg?resize=300%2C167&amp;ssl=1 300w, https:\/\/i0.wp.com\/cdnoticias.com\/wp-content\/uploads\/2023\/03\/manifestacion-fiscalia-sofia-vicente-05.jpg?resize=1024%2C569&amp;ssl=1 1024w, https:\/\/i0.wp.com\/cdnoticias.com\/wp-content\/uploads\/2023\/03\/manifestacion-fiscalia-sofia-vicente-05.jpg?resize=768%2C427&amp;ssl=1 768w, https:\/\/i0.wp.com\/cdnoticias.com\/wp-content\/uploads\/2023\/03\/manifestacion-fiscalia-sofia-vicente-05.jpg?resize=800%2C445&amp;ssl=1 800w\" sizes=\"auto, (max-width: 800px) 100vw, 800px\" \/><\/p>\n<p><img data-recalc-dims=\"1\" loading=\"lazy\" decoding=\"async\" class=\"aligncenter size-full wp-image-79427\" src=\"https:\/\/i0.wp.com\/cdnoticias.com\/wp-content\/uploads\/2023\/03\/manifestacion-fiscalia-sofia-vicente-03.jpg?resize=800%2C445&#038;ssl=1\" alt=\"\" width=\"800\" height=\"445\" srcset=\"https:\/\/i0.wp.com\/cdnoticias.com\/wp-content\/uploads\/2023\/03\/manifestacion-fiscalia-sofia-vicente-03.jpg?w=1384&amp;ssl=1 1384w, https:\/\/i0.wp.com\/cdnoticias.com\/wp-content\/uploads\/2023\/03\/manifestacion-fiscalia-sofia-vicente-03.jpg?resize=300%2C167&amp;ssl=1 300w, https:\/\/i0.wp.com\/cdnoticias.com\/wp-content\/uploads\/2023\/03\/manifestacion-fiscalia-sofia-vicente-03.jpg?resize=1024%2C570&amp;ssl=1 1024w, https:\/\/i0.wp.com\/cdnoticias.com\/wp-content\/uploads\/2023\/03\/manifestacion-fiscalia-sofia-vicente-03.jpg?resize=768%2C427&amp;ssl=1 768w, https:\/\/i0.wp.com\/cdnoticias.com\/wp-content\/uploads\/2023\/03\/manifestacion-fiscalia-sofia-vicente-03.jpg?resize=800%2C445&amp;ssl=1 800w\" sizes=\"auto, (max-width: 800px) 100vw, 800px\" \/><\/p>\n<p>&nbsp;<\/p>\n<blockquote><p>\u201cLo que le hicieron a Sof\u00eda no tiene perd\u00f3n de Dios. Hoy es Sof\u00eda, ma\u00f1ana puede ser tu hija\u201d, se\u00f1al\u00f3.<\/p><\/blockquote>\n<p>&nbsp;<\/p>\n<p>Respecto a la <strong>investigaci\u00f3n que lleva adelante la fiscal Mar\u00eda Paula Serrano, titular de la UFI N\u00b0 4,<\/strong> afirm\u00f3 que \u201c<strong>creo que la polic\u00eda y la fiscal est\u00e1 trabajando bien, estoy agradecida.<\/strong> Se dice de todo pero de nuestra boca, de nuestra familia, no. Estamos esperando lo que diga la justicia\u201d.<\/p>\n<p>&nbsp;<\/p>\n<p>Por otra parte, se refiri\u00f3 a los posibles autores del asesinato: <strong>\u201cdesconozco si ten\u00edan relaci\u00f3n con Sof\u00eda. No puedo hablar, no quiero hablar por hablar\u201d.<\/strong><\/p>\n<p>&nbsp;<\/p>\n<p><img data-recalc-dims=\"1\" loading=\"lazy\" decoding=\"async\" class=\"aligncenter size-full wp-image-79426\" src=\"https:\/\/i0.wp.com\/cdnoticias.com\/wp-content\/uploads\/2023\/03\/manifestacion-fiscalia-sofia-vicente-02.jpg?resize=800%2C445&#038;ssl=1\" alt=\"\" width=\"800\" height=\"445\" srcset=\"https:\/\/i0.wp.com\/cdnoticias.com\/wp-content\/uploads\/2023\/03\/manifestacion-fiscalia-sofia-vicente-02.jpg?w=1600&amp;ssl=1 1600w, https:\/\/i0.wp.com\/cdnoticias.com\/wp-content\/uploads\/2023\/03\/manifestacion-fiscalia-sofia-vicente-02.jpg?resize=300%2C167&amp;ssl=1 300w, https:\/\/i0.wp.com\/cdnoticias.com\/wp-content\/uploads\/2023\/03\/manifestacion-fiscalia-sofia-vicente-02.jpg?resize=1024%2C570&amp;ssl=1 1024w, https:\/\/i0.wp.com\/cdnoticias.com\/wp-content\/uploads\/2023\/03\/manifestacion-fiscalia-sofia-vicente-02.jpg?resize=768%2C427&amp;ssl=1 768w, https:\/\/i0.wp.com\/cdnoticias.com\/wp-content\/uploads\/2023\/03\/manifestacion-fiscalia-sofia-vicente-02.jpg?resize=1536%2C854&amp;ssl=1 1536w, https:\/\/i0.wp.com\/cdnoticias.com\/wp-content\/uploads\/2023\/03\/manifestacion-fiscalia-sofia-vicente-02.jpg?resize=800%2C445&amp;ssl=1 800w\" sizes=\"auto, (max-width: 800px) 100vw, 800px\" \/><\/p>\n<p><img data-recalc-dims=\"1\" loading=\"lazy\" decoding=\"async\" class=\"aligncenter wp-image-79428 size-full\" src=\"https:\/\/i0.wp.com\/cdnoticias.com\/wp-content\/uploads\/2023\/03\/manifestacion-fiscalia-sofia-vicente-01.jpg?resize=800%2C445&#038;ssl=1\" alt=\"\" width=\"800\" height=\"445\" srcset=\"https:\/\/i0.wp.com\/cdnoticias.com\/wp-content\/uploads\/2023\/03\/manifestacion-fiscalia-sofia-vicente-01.jpg?w=1600&amp;ssl=1 1600w, https:\/\/i0.wp.com\/cdnoticias.com\/wp-content\/uploads\/2023\/03\/manifestacion-fiscalia-sofia-vicente-01.jpg?resize=300%2C167&amp;ssl=1 300w, https:\/\/i0.wp.com\/cdnoticias.com\/wp-content\/uploads\/2023\/03\/manifestacion-fiscalia-sofia-vicente-01.jpg?resize=1024%2C570&amp;ssl=1 1024w, https:\/\/i0.wp.com\/cdnoticias.com\/wp-content\/uploads\/2023\/03\/manifestacion-fiscalia-sofia-vicente-01.jpg?resize=768%2C427&amp;ssl=1 768w, https:\/\/i0.wp.com\/cdnoticias.com\/wp-content\/uploads\/2023\/03\/manifestacion-fiscalia-sofia-vicente-01.jpg?resize=1536%2C854&amp;ssl=1 1536w, https:\/\/i0.wp.com\/cdnoticias.com\/wp-content\/uploads\/2023\/03\/manifestacion-fiscalia-sofia-vicente-01.jpg?resize=800%2C445&amp;ssl=1 800w\" sizes=\"auto, (max-width: 800px) 100vw, 800px\" \/><\/p>\n<p>&nbsp;<\/p>\n<p>Hizo referencia al momento familiar que atraviesan. \u201cEstoy shockeada\u201d, indic\u00f3 y agreg\u00f3:<strong> \u201cVamos a seguir haciendo estas marchas hasta que aparezcan todos. No me voy a cansar, no les tengo miedo. Estoy reclamando Justicia\u201d.<\/strong><\/p>\n<p>&nbsp;<\/p>\n<blockquote><p>\u201cMi hermana est\u00e1 muy mal. No puede ni hablar. Le mataron a la hija, qui\u00e9n se la devuelve\u201d expres\u00f3 Mariela y record\u00f3 a Sof\u00eda como una persona que \u201cno ten\u00eda maldad ni problemas con nadie\u201d.<\/p><\/blockquote>\n<p>&nbsp;<\/p>\n<p>Por \u00faltimo, <strong>denunci\u00f3 amenazas por redes sociales a las chicas que comparten las publicaciones de pedido de Justicia por Sof\u00eda.<\/strong> \u201cLes han llegado a decir que borren las publicaciones porque ellas iban a ser las pr\u00f3ximas\u201d.<\/p>\n<p>&nbsp;<\/p>\n<blockquote class=\"wp-embedded-content\" data-secret=\"cw9x2G30QY\"><p><a href=\"https:\/\/cdnoticias.com\/index.php\/2023\/03\/12\/apresan-a-un-expolicia-por-el-femicidio-de-sofia-vicente\/\">Apresan a un expolic\u00eda por el femicidio de Sof\u00eda Vicente<\/a><\/p><\/blockquote>\n<p><iframe loading=\"lazy\" class=\"wp-embedded-content\" sandbox=\"allow-scripts\" security=\"restricted\" style=\"position: absolute; clip: rect(1px, 1px, 1px, 1px);\" title=\"&#8220;Apresan a un expolic\u00eda por el femicidio de Sof\u00eda Vicente&#8221; &#8212; Central de Noticias | Olavarr\u00eda\" src=\"https:\/\/cdnoticias.com\/index.php\/2023\/03\/12\/apresan-a-un-expolicia-por-el-femicidio-de-sofia-vicente\/embed\/#?secret=CPRAgcN19V#?secret=cw9x2G30QY\" data-secret=\"cw9x2G30QY\" width=\"600\" height=\"338\" frameborder=\"0\" marginwidth=\"0\" marginheight=\"0\" scrolling=\"no\"><\/iframe><\/p>\n","protected":false},"excerpt":{"rendered":"<p>Familiares, amigos y organizaciones sociales pidieron el esclarecimiento del asesinato de Sof\u00eda Vicente. La t\u00eda de la joven se refiri\u00f3<\/p>\n","protected":false},"author":5,"featured_media":79453,"comment_status":"closed","ping_status":"closed","sticky":false,"template":"","format":"standard","meta":{"_jetpack_memberships_contains_paid_content":false,"footnotes":""},"categories":[14,1],"tags":[],"class_list":["post-79425","post","type-post","status-publish","format-standard","has-post-thumbnail","hentry","category-policiales","category-portada"],"jetpack_featured_media_url":"https:\/\/i0.wp.com\/cdnoticias.com\/wp-content\/uploads\/2023\/03\/mariela-tia-de-sofia-vicente-fiscalia00.jpg?fit=800%2C445&ssl=1","jetpack_sharing_enabled":true,"_links":{"self":[{"href":"https:\/\/cdnoticias.com\/index.php\/wp-json\/wp\/v2\/posts\/79425","targetHints":{"allow":["GET"]}}],"collection":[{"href":"https:\/\/cdnoticias.com\/index.php\/wp-json\/wp\/v2\/posts"}],"about":[{"href":"https:\/\/cdnoticias.com\/index.php\/wp-json\/wp\/v2\/types\/post"}],"author":[{"embeddable":true,"href":"https:\/\/cdnoticias.com\/index.php\/wp-json\/wp\/v2\/users\/5"}],"replies":[{"embeddable":true,"href":"https:\/\/cdnoticias.com\/index.php\/wp-json\/wp\/v2\/comments?post=79425"}],"version-history":[{"count":0,"href":"https:\/\/cdnoticias.com\/index.php\/wp-json\/wp\/v2\/posts\/79425\/revisions"}],"wp:featuredmedia":[{"embeddable":true,"href":"https:\/\/cdnoticias.com\/index.php\/wp-json\/wp\/v2\/media\/79453"}],"wp:attachment":[{"href":"https:\/\/cdnoticias.com\/index.php\/wp-json\/wp\/v2\/media?parent=79425"}],"wp:term":[{"taxonomy":"category","embeddable":true,"href":"https:\/\/cdnoticias.com\/index.php\/wp-json\/wp\/v2\/categories?post=79425"},{"taxonomy":"post_tag","embeddable":true,"href":"https:\/\/cdnoticias.com\/index.php\/wp-json\/wp\/v2\/tags?post=79425"}],"curies":[{"name":"wp","href":"https:\/\/api.w.org\/{rel}","templated":true}]}}