{"id":79404,"date":"2023-03-13T10:05:01","date_gmt":"2023-03-13T13:05:01","guid":{"rendered":"https:\/\/www.centraldenoticias.com.ar\/?p=79404"},"modified":"2023-03-13T11:28:53","modified_gmt":"2023-03-13T14:28:53","slug":"olavarria-ingreso-en-alerta-naranja-por-temperaturas-extremas","status":"publish","type":"post","link":"https:\/\/cdnoticias.com\/index.php\/2023\/03\/13\/olavarria-ingreso-en-alerta-naranja-por-temperaturas-extremas\/","title":{"rendered":"Olavarr\u00eda ingres\u00f3 en \u201calerta naranja\u201d por temperaturas extremas"},"content":{"rendered":"<p>Las temperaturas m\u00e1ximas durante toda la semana oscilar\u00e1n entre los 30\u00b0 y 33\u00b0. Reci\u00e9n se espera una disminuci\u00f3n para el fin de semana.<!--more--><\/p>\n<hr \/>\n<p>El Servicio Meteorol\u00f3gico Nacional emiti\u00f3 una <strong>alerta naranja por temperaturas extremas de calor para Olavarr\u00eda.<\/strong> Esta advertencia indica \u201cun efecto moderado a alto en la salud y pueden ser peligrosas, especialmente para los grupos de riesgo\u201d.<\/p>\n<p>&nbsp;<\/p>\n<p>La temperatura m\u00e1xima pronosticada para este lunes es de <strong>30\u00b0 con probabilidad de tormentas aisladas durante todo el d\u00eda.<\/strong><\/p>\n<p>&nbsp;<\/p>\n<p>En tanto, para el martes se espera la <strong>continuidad de las tormentas y una m\u00e1xima de 31\u00b0.<\/strong><\/p>\n<p>&nbsp;<\/p>\n<p>Las temperaturas m\u00e1ximas para los d\u00edas mi\u00e9rcoles, jueves y viernes <strong>entre los 30\u00b0 y 33\u00b0.<\/strong> En tanto, reci\u00e9n el fin de semana se espera una baja con <strong>27\u00b0 para el s\u00e1bado y 25\u00b0 para el domingo.<\/strong><\/p>\n<p>&nbsp;<\/p>\n<p><img data-recalc-dims=\"1\" loading=\"lazy\" decoding=\"async\" class=\"aligncenter size-full wp-image-79405\" src=\"https:\/\/i0.wp.com\/cdnoticias.com\/wp-content\/uploads\/2023\/03\/mapa_temp_extremas-5.png?resize=472%2C800&#038;ssl=1\" alt=\"\" width=\"472\" height=\"800\" srcset=\"https:\/\/i0.wp.com\/cdnoticias.com\/wp-content\/uploads\/2023\/03\/mapa_temp_extremas-5.png?w=472&amp;ssl=1 472w, https:\/\/i0.wp.com\/cdnoticias.com\/wp-content\/uploads\/2023\/03\/mapa_temp_extremas-5.png?resize=177%2C300&amp;ssl=1 177w\" sizes=\"auto, (max-width: 472px) 100vw, 472px\" \/><\/p>\n<p>&nbsp;<\/p>\n<p><strong>CABA al rojo vivo<\/strong><\/p>\n<p>&nbsp;<\/p>\n<p>El Servicio Meteorol\u00f3gico Nacional (SMN) mantiene la alerta roja por temperaturas que son &#8220;muy peligrosas&#8221; para la Ciudad Aut\u00f3noma de Buenos Aires (CABA), que lleva 11 d\u00edas consecutivos con esta advertencia.<\/p>\n<p>&nbsp;<\/p>\n<p>Es as\u00ed que las temperaturas m\u00e1ximas pronosticadas para este lunes se ubican en torno a los 36 grados en la zona del \u00c1rea Metropolitana, aunque se prev\u00e9n marcas de sensaci\u00f3n t\u00e9rmica m\u00e1s altas.<\/p>\n<p>&nbsp;<\/p>\n<p>Por la intensidad del calor que no cesa, el SMN manten\u00eda activa la &#8220;alerta roja&#8221; sobre la ciudad de Buenos Aires y las localidades bonaerenses de La Plata, Berisso, Ensenada, Brandsen, Ca\u00f1uelas, Magdalena, San Vicente, Esteban Echeverr\u00eda, Ezeiza, La Matanza y Merlo.<\/p>\n","protected":false},"excerpt":{"rendered":"<p>Las temperaturas m\u00e1ximas durante toda la semana oscilar\u00e1n entre los 30\u00b0 y 33\u00b0. Reci\u00e9n se espera una disminuci\u00f3n para el<\/p>\n","protected":false},"author":5,"featured_media":34834,"comment_status":"closed","ping_status":"closed","sticky":false,"template":"","format":"standard","meta":{"_jetpack_memberships_contains_paid_content":false,"footnotes":""},"categories":[5,1],"tags":[],"class_list":["post-79404","post","type-post","status-publish","format-standard","has-post-thumbnail","hentry","category-informacion-general","category-portada"],"jetpack_featured_media_url":"https:\/\/i0.wp.com\/cdnoticias.com\/wp-content\/uploads\/2021\/10\/5a58ba6916a831515764329.jpg?fit=2199%2C1381&ssl=1","jetpack_sharing_enabled":true,"_links":{"self":[{"href":"https:\/\/cdnoticias.com\/index.php\/wp-json\/wp\/v2\/posts\/79404","targetHints":{"allow":["GET"]}}],"collection":[{"href":"https:\/\/cdnoticias.com\/index.php\/wp-json\/wp\/v2\/posts"}],"about":[{"href":"https:\/\/cdnoticias.com\/index.php\/wp-json\/wp\/v2\/types\/post"}],"author":[{"embeddable":true,"href":"https:\/\/cdnoticias.com\/index.php\/wp-json\/wp\/v2\/users\/5"}],"replies":[{"embeddable":true,"href":"https:\/\/cdnoticias.com\/index.php\/wp-json\/wp\/v2\/comments?post=79404"}],"version-history":[{"count":0,"href":"https:\/\/cdnoticias.com\/index.php\/wp-json\/wp\/v2\/posts\/79404\/revisions"}],"wp:featuredmedia":[{"embeddable":true,"href":"https:\/\/cdnoticias.com\/index.php\/wp-json\/wp\/v2\/media\/34834"}],"wp:attachment":[{"href":"https:\/\/cdnoticias.com\/index.php\/wp-json\/wp\/v2\/media?parent=79404"}],"wp:term":[{"taxonomy":"category","embeddable":true,"href":"https:\/\/cdnoticias.com\/index.php\/wp-json\/wp\/v2\/categories?post=79404"},{"taxonomy":"post_tag","embeddable":true,"href":"https:\/\/cdnoticias.com\/index.php\/wp-json\/wp\/v2\/tags?post=79404"}],"curies":[{"name":"wp","href":"https:\/\/api.w.org\/{rel}","templated":true}]}}